{"id":85036,"date":"2016-09-26T08:01:29","date_gmt":"2016-09-26T06:01:29","guid":{"rendered":"http:\/\/gazdasagportal.hu\/?p=85036"},"modified":"2016-09-26T08:01:29","modified_gmt":"2016-09-26T06:01:29","slug":"adotanacsado-meg-egy-hetig-lehet-bejelenteni-az-ifrs-re-valo-atterest","status":"publish","type":"post","link":"https:\/\/gazdasagportal.hu\/index.php\/adotanacsado-meg-egy-hetig-lehet-bejelenteni-az-ifrs-re-valo-atterest\/","title":{"rendered":"Ad\u00f3tan\u00e1csad\u00f3: m\u00e9g egy h\u00e9tig lehet bejelenteni az IFRS-re val\u00f3 \u00e1tt\u00e9r\u00e9st"},"content":{"rendered":"<p><strong>Okt\u00f3ber 2-\u00e1ig tehetnek bejelent\u00e9st azok a v\u00e1llalkoz\u00e1sok, amelyek janu\u00e1r elsej\u00e9t\u0151l szeretn\u00e9k a hazai sz\u00e1mviteli szab\u00e1lyok helyett a nemzetk\u00f6zi p\u00e9nz\u00fcgyi besz\u00e1mol\u00e1si sztenderdek (IFRS) szerinti k\u00f6nyvvezet\u00e9st v\u00e1lasztani. Sz\u00e1nd\u00e9kukat az ad\u00f3hat\u00f3s\u00e1gn\u00e1l \u00e9s a K\u00f6zponti Statisztikai Hivataln\u00e1l (KSH), bizonyos esetekben a Magyar Nemzeti Bankn\u00e1l (MNB) is jelezhetik &#8211; h\u00edvja fel a figyelmet a LeitnerLeitner ad\u00f3tan\u00e1csad\u00f3, k\u00f6nyvel\u0151 \u00e9s k\u00f6nyvvizsg\u00e1l\u00f3 c\u00e9gcsoport.<\/strong><!--more--><\/p>\n<div class=\"ads-in-post1\"><div id=\"gazdasagportal.hu_fullbanner_wideboard\"><\/div>\r\n<\/div>\n<p>    Sikl\u00f3s M\u00e1rta, a c\u00e9g vezet\u0151 tan\u00e1csad\u00f3ja a k\u00f6zlem\u00e9nyben ismerteti: az IFRS-t azok a magyar c\u00e9gek alkalmazhatj\u00e1k egyedi besz\u00e1mol\u00f3jukra, amelyeknek az anyav\u00e1llalata is \u00edgy konszolid\u00e1lja le\u00e1nyv\u00e1llalatait vagy amelyek r\u00e9szv\u00e9nyeit bevezett\u00e9k az Eur\u00f3pai Gazdas\u00e1gi T\u00e9rs\u00e9g (EGT) valamelyik tag\u00e1llam\u00e1nak szab\u00e1lyozott piac\u00e1ra. Az \u00e1tt\u00e9r\u00e9s felt\u00e9tele, hogy a gazd\u00e1lkod\u00f3 rendelkezzen az \u00e1tt\u00e9r\u00e9sre val\u00f3 felk\u00e9sz\u00fclts\u00e9g\u00e9t igazol\u00f3 IFRS min\u0151s\u00edt\u00e9s\u0171 k\u00f6nyvvizsg\u00e1l\u00f3 jelent\u00e9s\u00e9vel.<br \/>\n    Az IFRS szerinti k\u00f6nyvvezet\u00e9s nem eredm\u00e9nyezhet kevesebb ad\u00f3bev\u00e9telt a k\u00f6lts\u00e9gvet\u00e9sben, ez\u00e9rt az \u00e1tt\u00e9r\u0151 c\u00e9gek t\u00e1rsas\u00e1gi ad\u00f3j\u00e1t 2 \u00e9vre (az \u00e1tt\u00e9r\u00e9s \u00e9v\u00e9re \u00e9s a k\u00f6vetkez\u0151 \u00e9vre) befagyasztj\u00e1k, \u00e9s ad\u00f3minimumot alkalmaznak.<br \/>\n    Mivel a teljes sz\u00e1mviteli rendszer \u00e1t\u00e1ll\u00edt\u00e1sa komoly feladat, \u00e9s nem \u00e1rt a v\u00e1rhat\u00f3 hat\u00e1sokat el\u0151re felt\u00e9rk\u00e9pezni, a szak\u00e9rt\u0151 szerint a bevezet\u00e9st megel\u0151z\u0151 id\u0151szakban \u00e9rdemes azoknak is dupla k\u00f6nyvvezet\u00e9st k\u00e9sz\u00edteni\u00fck, akik m\u00e9g csak gondolkodnak az \u00e1tt\u00e9r\u00e9sen. Azoknak, akik a hivatalos IFRS \u00e1tt\u00e9r\u00e9st 2018-ra tervezik, a 2016-os \u00e9s 2017-es \u00fczleti \u00e9vek p\u00e9nz\u00fcgyi adatainak IFRS szerinti el\u0151k\u00e9sz\u00edt\u00e9s\u00e9re \u00e9s bemutat\u00e1s\u00e1ra lesz sz\u00fcks\u00e9g\u00fck, vagyis ez sz\u00e1mukra semmik\u00e9ppen nem felesleges er\u0151fesz\u00edt\u00e9s.(MTI)<\/p>\n","protected":false},"excerpt":{"rendered":"<p>Okt\u00f3ber 2-\u00e1ig tehetnek bejelent\u00e9st azok a v\u00e1llalkoz\u00e1sok, amelyek janu\u00e1r elsej\u00e9t\u0151l szeretn\u00e9k a hazai sz\u00e1mviteli szab\u00e1lyok helyett a nemzetk\u00f6zi p\u00e9nz\u00fcgyi besz\u00e1mol\u00e1si sztenderdek (IFRS) szerinti k\u00f6nyvvezet\u00e9st v\u00e1lasztani. Sz\u00e1nd\u00e9kukat az ad\u00f3hat\u00f3s\u00e1gn\u00e1l \u00e9s a K\u00f6zponti Statisztikai Hivataln\u00e1l (KSH), bizonyos esetekben a Magyar Nemzeti Bankn\u00e1l (MNB) is jelezhetik &#8211; h\u00edvja fel a figyelmet a LeitnerLeitner ad\u00f3tan\u00e1csad\u00f3, k\u00f6nyvel\u0151 \u00e9s k\u00f6nyvvizsg\u00e1l\u00f3 c\u00e9gcsoport.<\/p>\n","protected":false},"author":1,"featured_media":0,"comment_status":"open","ping_status":"closed","sticky":false,"template":"","format":"standard","meta":[],"categories":[20,19],"tags":[],"_links":{"self":[{"href":"https:\/\/gazdasagportal.hu\/index.php\/wp-json\/wp\/v2\/posts\/85036"}],"collection":[{"href":"https:\/\/gazdasagportal.hu\/index.php\/wp-json\/wp\/v2\/posts"}],"about":[{"href":"https:\/\/gazdasagportal.hu\/index.php\/wp-json\/wp\/v2\/types\/post"}],"author":[{"embeddable":true,"href":"https:\/\/gazdasagportal.hu\/index.php\/wp-json\/wp\/v2\/users\/1"}],"replies":[{"embeddable":true,"href":"https:\/\/gazdasagportal.hu\/index.php\/wp-json\/wp\/v2\/comments?post=85036"}],"version-history":[{"count":1,"href":"https:\/\/gazdasagportal.hu\/index.php\/wp-json\/wp\/v2\/posts\/85036\/revisions"}],"predecessor-version":[{"id":85037,"href":"https:\/\/gazdasagportal.hu\/index.php\/wp-json\/wp\/v2\/posts\/85036\/revisions\/85037"}],"wp:attachment":[{"href":"https:\/\/gazdasagportal.hu\/index.php\/wp-json\/wp\/v2\/media?parent=85036"}],"wp:term":[{"taxonomy":"category","embeddable":true,"href":"https:\/\/gazdasagportal.hu\/index.php\/wp-json\/wp\/v2\/categories?post=85036"},{"taxonomy":"post_tag","embeddable":true,"href":"https:\/\/gazdasagportal.hu\/index.php\/wp-json\/wp\/v2\/tags?post=85036"}],"curies":[{"name":"wp","href":"https:\/\/api.w.org\/{rel}","templated":true}]}}