{"id":85024,"date":"2016-09-26T04:44:35","date_gmt":"2016-09-26T02:44:35","guid":{"rendered":"http:\/\/gazdasagportal.hu\/?p=85024"},"modified":"2016-09-25T21:12:56","modified_gmt":"2016-09-25T19:12:56","slug":"kulfoldi-sajto-magyarorszagrol-miert-lettek-hirtelen-ennyire-orbanok-a-magyarok","status":"publish","type":"post","link":"https:\/\/gazdasagportal.hu\/index.php\/kulfoldi-sajto-magyarorszagrol-miert-lettek-hirtelen-ennyire-orbanok-a-magyarok\/","title":{"rendered":"K\u00fclf\u00f6ldi sajt\u00f3 Magyarorsz\u00e1gr\u00f3l &#8211; Mi\u00e9rt lettek hirtelen ennyire Orb\u00e1nok a magyarok?"},"content":{"rendered":"<p><strong>N\u00e9metorsz\u00e1gban a kv\u00f3tareferendum kapcs\u00e1n foglalkozott Magyarorsz\u00e1ggal k\u00e9t vas\u00e1rnapi lap, a Frankfurter Allgemeine Sonntagszeitung (FAS) \u00e9s a Bild am Sonntag.<\/strong><!--more--><\/p>\n<div class=\"ads-in-post1\"><div id=\"gazdasagportal.hu_fullbanner_wideboard\"><\/div>\r\n<\/div>\n<p>    A FAS A v\u00e1laszt m\u00e1r ismerik c\u00edm\u0171 \u00edr\u00e1s\u00e1ban a szerz\u0151, Stephan L\u00f6wenstein kiemelte: Magyarorsz\u00e1gon n\u00e9pszavaz\u00e1st rendeznek a menek\u00fcltpolitik\u00e1r\u00f3l, \u00e9s &#8222;az eredm\u00e9ny biztos&#8221;, \u00edgy felmer\u00fcl a k\u00e9rd\u00e9s, hogy mi\u00e9rt kell a szavaz\u00e1st megtartani.<br \/>\n    A m\u00e1sok mellett elemz\u0151ket, valamint hars\u00e1nyi \u00e9s lyuk\u00f3v\u00f6lgyi lakosokat megsz\u00f3laltat\u00f3 riportban Kov\u00e1cs Zolt\u00e1n korm\u00e1nysz\u00f3viv\u0151 a t\u00f6bbi k\u00f6z\u00f6tt elmondta, hogy a korm\u00e1ny v\u00e1rakoz\u00e1sa szerint Sz\u00edria \u00e9s T\u00f6r\u00f6korsz\u00e1g fel\u0151l er\u0151s\u00f6dik majd a migr\u00e1ci\u00f3s nyom\u00e1s, ez\u00e9rt a referendum politikailag \u00e9s jogilag is seg\u00edti a korm\u00e1ny munk\u00e1j\u00e1t.<br \/>\n    A szerz\u0151 megjegyezte: van egy &#8222;szirt, amelyen z\u00e1tonyra futhat a v\u00e1llalkoz\u00e1s&#8221;, m\u00e9gpedig a r\u00e9szv\u00e9teli ar\u00e1ny, amely jelenleg valamivel az \u00e9rv\u00e9nyess\u00e9ghez sz\u00fcks\u00e9ges szint alatt v\u00e1rhat\u00f3, de elemz\u0151k &#8222;v\u00e9ghajr\u00e1ra&#8221; sz\u00e1m\u00edtanak a &#8222;Fidesz-kamp\u00e1nyban&#8221;.<br \/>\n    A legnagyobb p\u00e9ld\u00e1nysz\u00e1m\u00fa orsz\u00e1gos vas\u00e1rnapi lap, a Bild am Sonntag Utaz\u00e1s Eur\u00f3p\u00e1ban c\u00edm\u0171 riportsorozat\u00e1ban Mi\u00e9rt lettek hirtelen ennyire Orb\u00e1nok a magyarok? c\u00edmmel k\u00f6z\u00f6lt \u00f6ssze\u00e1ll\u00edt\u00e1st Magyarorsz\u00e1gr\u00f3l, amelyben a szerz\u0151, M. Sch\u00e4fer kiemelte, hogy a lap egy olyan orsz\u00e1got mutat be, amely &#8222;bez\u00e1rk\u00f3zik az idegenek el\u0151tt&#8221;.<br \/>\n    Hozz\u00e1tette: amikor a n\u00e9metek a magyarokra gondolnak, els\u0151sorban az 1989-es hat\u00e1rnyit\u00e1s jut esz\u00fckbe, \u00e9s az, hogy a n\u00e9met alapt\u00f6rv\u00e9ny a mint\u00e1ja &#8222;az 1989 \u00f3ta \u00e9rv\u00e9nyes magyar alkotm\u00e1nynak&#8221;. Azonban a tavaly a budapesti Keleti p\u00e1lyaudvarn\u00e1l rekedt menek\u00fcltekr\u0151l k\u00e9sz\u00fclt k\u00e9pekre is eml\u00e9keznek, \u00e9s arra is, hogy a magyarok sz\u00f6gesdr\u00f3t ker\u00edt\u00e9ssel v\u00e9dik a szerb \u00e9s a horv\u00e1t hat\u00e1rt, hogy t\u00e1vol tarts\u00e1k a menek\u00fclteket.<br \/>\n    A szerz\u0151 megsz\u00f3laltatott m\u00e1sok mellett egy 22 \u00e9ves di\u00e1kot, aki \u00fagy v\u00e9lte, hogy a kv\u00f3tareferendumnak nincs \u00e9rtelme. A Bild am Sonntag szerz\u0151je hozz\u00e1tette: ez a di\u00e1k &#8222;egy kiv\u00e9tel&#8221;.<br \/>\n    Egyebek mellett kifejtette, hogy az \u00fczletek tisztas\u00e1ga nem mag\u00e1t\u00f3l \u00e9rtet\u0151d\u0151, \u00e9s a korm\u00e1nynak is voltak m\u00e1r korrupci\u00f3s botr\u00e1nyai, &#8222;de a magyarok m\u00e9gis Orb\u00e1nra szavaztak&#8221;. Megjegyezte: a Rubik kock\u00e1t 20 l\u00e9p\u00e9sben ki lehet rakni, de Magyarorsz\u00e1gnak tal\u00e1n valamivel t\u00f6bb l\u00e9p\u00e9sre lesz sz\u00fcks\u00e9ge az orsz\u00e1g gondjainak megold\u00e1s\u00e1hoz.(MTI)<\/p>\n","protected":false},"excerpt":{"rendered":"<p>N\u00e9metorsz\u00e1gban a kv\u00f3tareferendum kapcs\u00e1n foglalkozott Magyarorsz\u00e1ggal k\u00e9t vas\u00e1rnapi lap, a Frankfurter Allgemeine Sonntagszeitung (FAS) \u00e9s a Bild am Sonntag.<\/p>\n","protected":false},"author":1,"featured_media":0,"comment_status":"open","ping_status":"closed","sticky":false,"template":"","format":"standard","meta":[],"categories":[4],"tags":[],"_links":{"self":[{"href":"https:\/\/gazdasagportal.hu\/index.php\/wp-json\/wp\/v2\/posts\/85024"}],"collection":[{"href":"https:\/\/gazdasagportal.hu\/index.php\/wp-json\/wp\/v2\/posts"}],"about":[{"href":"https:\/\/gazdasagportal.hu\/index.php\/wp-json\/wp\/v2\/types\/post"}],"author":[{"embeddable":true,"href":"https:\/\/gazdasagportal.hu\/index.php\/wp-json\/wp\/v2\/users\/1"}],"replies":[{"embeddable":true,"href":"https:\/\/gazdasagportal.hu\/index.php\/wp-json\/wp\/v2\/comments?post=85024"}],"version-history":[{"count":1,"href":"https:\/\/gazdasagportal.hu\/index.php\/wp-json\/wp\/v2\/posts\/85024\/revisions"}],"predecessor-version":[{"id":85025,"href":"https:\/\/gazdasagportal.hu\/index.php\/wp-json\/wp\/v2\/posts\/85024\/revisions\/85025"}],"wp:attachment":[{"href":"https:\/\/gazdasagportal.hu\/index.php\/wp-json\/wp\/v2\/media?parent=85024"}],"wp:term":[{"taxonomy":"category","embeddable":true,"href":"https:\/\/gazdasagportal.hu\/index.php\/wp-json\/wp\/v2\/categories?post=85024"},{"taxonomy":"post_tag","embeddable":true,"href":"https:\/\/gazdasagportal.hu\/index.php\/wp-json\/wp\/v2\/tags?post=85024"}],"curies":[{"name":"wp","href":"https:\/\/api.w.org\/{rel}","templated":true}]}}