{"id":85006,"date":"2016-09-25T15:41:01","date_gmt":"2016-09-25T13:41:01","guid":{"rendered":"http:\/\/gazdasagportal.hu\/?p=85006"},"modified":"2016-09-25T10:04:15","modified_gmt":"2016-09-25T08:04:15","slug":"sziria-szakerto-meg-evekig-tarthat-a-konfliktus","status":"publish","type":"post","link":"https:\/\/gazdasagportal.hu\/index.php\/sziria-szakerto-meg-evekig-tarthat-a-konfliktus\/","title":{"rendered":"Sz\u00edria &#8211; Szak\u00e9rt\u0151: m\u00e9g \u00e9vekig tarthat a konfliktus"},"content":{"rendered":"<p><strong>Szalai M\u00e1t\u00e9 K\u00f6zel-Kelet-szak\u00e9rt\u0151, a K\u00fcl\u00fcgyi \u00e9s K\u00fclgazdas\u00e1gi Int\u00e9zet kutat\u00f3ja szerint m\u00e9g \u00e9vekig elh\u00faz\u00f3dhat a konfliktus Sz\u00edri\u00e1ban, mivel jelenleg nincs olyan er\u0151, amelyik k\u00e9pes lenne ir\u00e1ny\u00edtani az orsz\u00e1got.<\/strong><!--more--><\/p>\n<div class=\"ads-in-post1\"><div id=\"gazdasagportal.hu_fullbanner_wideboard\"><\/div>\r\n<\/div>\n<p>    A szak\u00e9rt\u0151 az M1 aktu\u00e1lis csatorn\u00e1n azt mondta, a korm\u00e1nyer\u0151k l\u00e1tszatra ugyan er\u0151snek t\u0171nnek, \u00e1m egyre t\u00f6bb h\u00edr sz\u00f3l arr\u00f3l, hogy hadsereg rossz \u00e1llapotban van.<br \/>\n    Szalai M\u00e1t\u00e9 kifejtette, a sz\u00edriai polg\u00e1rh\u00e1bor\u00fa &#8222;h\u00e1romszintes&#8221; konfliktus. Helyi szinten 2011-ben kezd\u0151d\u00f6tt, amikor k\u00fcl\u00f6nb\u00f6z\u0151 csoportok fell\u00e1zadtak Bass\u00e1r el-Aszad korm\u00e1nya ellen, majd ezek k\u00e9s\u0151bb radikaliz\u00e1l\u00f3dtak. Region\u00e1lis szinten az ellenz\u00e9ket t\u00e1mogat\u00f3 T\u00f6r\u00f6korsz\u00e1g \u00e9s Sza\u00fad-Ar\u00e1bia \u00e1ll szemben az Aszad-p\u00e1rti Ir\u00e1nnal. Glob\u00e1lis szinten pedig az Egyes\u00fclt \u00c1llamok \u00e9s Oroszorsz\u00e1g k\u00f6z\u00f6tt van konfliktus, el\u0151bbi ugyanis az ellenz\u00e9ket t\u00e1mogatja, ut\u00f3bbi pedig a korm\u00e1nyt.<br \/>\n    Olyan megold\u00e1sra lenne sz\u00fcks\u00e9g, amely mindh\u00e1rom szinten egyszerre teremt egyens\u00falyt, \u00e1m erre jelenleg szinte egy\u00e1ltal\u00e1n nincs es\u00e9ly &#8211; k\u00f6z\u00f6lte a szak\u00e9rt\u0151.(MTI)<\/p>\n","protected":false},"excerpt":{"rendered":"<p>Szalai M\u00e1t\u00e9 K\u00f6zel-Kelet-szak\u00e9rt\u0151, a K\u00fcl\u00fcgyi \u00e9s K\u00fclgazdas\u00e1gi Int\u00e9zet kutat\u00f3ja szerint m\u00e9g \u00e9vekig elh\u00faz\u00f3dhat a konfliktus Sz\u00edri\u00e1ban, mivel jelenleg nincs olyan er\u0151, amelyik k\u00e9pes lenne ir\u00e1ny\u00edtani az orsz\u00e1got.<\/p>\n","protected":false},"author":1,"featured_media":0,"comment_status":"open","ping_status":"closed","sticky":false,"template":"","format":"standard","meta":[],"categories":[16],"tags":[],"_links":{"self":[{"href":"https:\/\/gazdasagportal.hu\/index.php\/wp-json\/wp\/v2\/posts\/85006"}],"collection":[{"href":"https:\/\/gazdasagportal.hu\/index.php\/wp-json\/wp\/v2\/posts"}],"about":[{"href":"https:\/\/gazdasagportal.hu\/index.php\/wp-json\/wp\/v2\/types\/post"}],"author":[{"embeddable":true,"href":"https:\/\/gazdasagportal.hu\/index.php\/wp-json\/wp\/v2\/users\/1"}],"replies":[{"embeddable":true,"href":"https:\/\/gazdasagportal.hu\/index.php\/wp-json\/wp\/v2\/comments?post=85006"}],"version-history":[{"count":1,"href":"https:\/\/gazdasagportal.hu\/index.php\/wp-json\/wp\/v2\/posts\/85006\/revisions"}],"predecessor-version":[{"id":85007,"href":"https:\/\/gazdasagportal.hu\/index.php\/wp-json\/wp\/v2\/posts\/85006\/revisions\/85007"}],"wp:attachment":[{"href":"https:\/\/gazdasagportal.hu\/index.php\/wp-json\/wp\/v2\/media?parent=85006"}],"wp:term":[{"taxonomy":"category","embeddable":true,"href":"https:\/\/gazdasagportal.hu\/index.php\/wp-json\/wp\/v2\/categories?post=85006"},{"taxonomy":"post_tag","embeddable":true,"href":"https:\/\/gazdasagportal.hu\/index.php\/wp-json\/wp\/v2\/tags?post=85006"}],"curies":[{"name":"wp","href":"https:\/\/api.w.org\/{rel}","templated":true}]}}