{"id":85000,"date":"2016-09-25T12:54:35","date_gmt":"2016-09-25T10:54:35","guid":{"rendered":"http:\/\/gazdasagportal.hu\/?p=85000"},"modified":"2016-09-25T10:03:55","modified_gmt":"2016-09-25T08:03:55","slug":"heti-makronaptar-keves-makrogazdasagi-adat-jelenik-meg-a-jovo-heten-2","status":"publish","type":"post","link":"https:\/\/gazdasagportal.hu\/index.php\/heti-makronaptar-keves-makrogazdasagi-adat-jelenik-meg-a-jovo-heten-2\/","title":{"rendered":"Heti makronapt\u00e1r &#8211; Kev\u00e9s makrogazdas\u00e1gi adat jelenik meg a j\u00f6v\u0151 h\u00e9ten"},"content":{"rendered":"<p><strong>Kev\u00e9s makrogazdas\u00e1gi adat jelenik meg a j\u00f6v\u0151 h\u00e9ten, a befektet\u0151k a munkaer\u0151piaci adatok mellett a r\u00e9szletes j\u00faliusi k\u00fclkereskedelmi adatokra, \u00e9s az ipari termel\u0151i \u00e1rak augusztusi alakul\u00e1s\u00e1ra figyelhetnek.<\/strong><!--more--><\/p>\n<div class=\"ads-in-post1\"><div id=\"gazdasagportal.hu_fullbanner_wideboard\"><\/div>\r\n<\/div>\n<p>    Kedden publik\u00e1lja a K\u00f6zponti Statisztikai Hivatal (KSH) a j\u00fanius-augusztusi g\u00f6rd\u00fcl\u0151 negyed\u00e9ves munkaer\u0151piaci adatokat. M\u00e1jus-j\u00faliusban tov\u00e1bb cs\u00f6kkent a munkan\u00e9lk\u00fcliek sz\u00e1ma, 78 ezerrel volt kevesebb, mint egy \u00e9vvel kor\u00e1bban, a munkan\u00e9lk\u00fclis\u00e9gi r\u00e1ta pedig egy \u00e9v alatt 1,8, a m\u00e1sodik negyed\u00e9vihez viszony\u00edtva 0,1 sz\u00e1zal\u00e9kponttal, 5,0 sz\u00e1zal\u00e9kra m\u00e9rs\u00e9kl\u0151d\u00f6tt. M\u00e1jus-j\u00faliusban 148 ezerrel n\u0151tt a foglalkoztatottak sz\u00e1ma az egy \u00e9vvel kor\u00e1bbihoz hasonl\u00edtva, a 15-64 \u00e9vesek foglalkoztat\u00e1si r\u00e1t\u00e1ja 2,8 sz\u00e1zal\u00e9kponttal, 66,9 sz\u00e1zal\u00e9kra emelkedett.<br \/>\n    P\u00e9nteken az ipari termel\u0151i \u00e1rak augusztusi alakul\u00e1s\u00e1r\u00f3l k\u00f6z\u00f6l statisztik\u00e1t a KSH. Az ipari termel\u0151i \u00e1rak j\u00faliusban \u00e1tlagosan 2,3 sz\u00e1zal\u00e9kkal cs\u00f6kkentek, ezen bel\u00fcl a belf\u00f6ldi \u00e9rt\u00e9kes\u00edt\u00e9s \u00e1rai 3,5, az export\u00e9i 1,7 sz\u00e1zal\u00e9kkal m\u00e9rs\u00e9kl\u0151dtek az egy \u00e9vvel kor\u00e1bbihoz k\u00e9pest. A t\u00e1j\u00e9koztat\u00e1s szerint 2016 els\u0151 h\u00e9t h\u00f3napj\u00e1ban a belf\u00f6ldi \u00e9rt\u00e9kes\u00edt\u00e9s \u00e1rai 4,3, az export\u00e9rt\u00e9kes\u00edt\u00e9s\u00e9i 0,7 sz\u00e1zal\u00e9kkal cs\u00f6kkentek, \u00edgy az ipari termel\u0151i \u00e1rak \u00f6sszess\u00e9g\u00e9ben 1,9 sz\u00e1zal\u00e9kkal alacsonyabbak voltak a 2015. janu\u00e1r-j\u00faliusihoz k\u00e9pest.<br \/>\n    Szint\u00e9n p\u00e9nteken jelenik meg a k\u00fclkereskedelmi term\u00e9kforgalom j\u00faliusi alakul\u00e1s\u00e1nak m\u00e1sodik becsl\u00e9se. A szeptember 8-\u00e1n kiadott els\u0151 becsl\u00e9s szerint j\u00faliusban jobban cs\u00f6kkent az import az exportn\u00e1l: az export eur\u00f3ban kifejezett \u00e9rt\u00e9ke 5,2, az import\u00e9 6,0 sz\u00e1zal\u00e9kkal cs\u00f6kkent a m\u00falt \u00e9v azonos h\u00f3napj\u00e1hoz k\u00e9pest, a kereskedelemi t\u00f6bblet 24 milli\u00f3 eur\u00f3val, 662 milli\u00f3 eur\u00f3ra emelkedett. J\u00faliusban az export \u00e9rt\u00e9ke 7,283 milli\u00e1rd, az import 6,621 milli\u00e1rd eur\u00f3 volt. A kivitel 1,162 milli\u00e1rd eur\u00f3val, 13,8 sz\u00e1zal\u00e9kkal esett vissza az el\u0151z\u0151 havihoz viszony\u00edtva, m\u00edg importban 713 milli\u00f3 eur\u00f3, 9,7 sz\u00e1zal\u00e9k volt a havi cs\u00f6kken\u00e9s. Az \u00e9v els\u0151 h\u00e9t h\u00f3napj\u00e1ban az export eur\u00f3 \u00e9rt\u00e9ke 1,9, az import\u00e9 0,2 sz\u00e1zal\u00e9kkal n\u0151tt a m\u00falt \u00e9v azonos id\u0151szak\u00e1hoz viszony\u00edtva. A kereskedelmi akt\u00edvum 6,038 milli\u00e1rd eur\u00f3t tett ki, 893 milli\u00f3val n\u0151tt.(MTI)<\/p>\n","protected":false},"excerpt":{"rendered":"<p>Kev\u00e9s makrogazdas\u00e1gi adat jelenik meg a j\u00f6v\u0151 h\u00e9ten, a befektet\u0151k a munkaer\u0151piaci adatok mellett a r\u00e9szletes j\u00faliusi k\u00fclkereskedelmi adatokra, \u00e9s az ipari termel\u0151i \u00e1rak augusztusi alakul\u00e1s\u00e1ra figyelhetnek.<\/p>\n","protected":false},"author":1,"featured_media":0,"comment_status":"open","ping_status":"closed","sticky":false,"template":"","format":"standard","meta":[],"categories":[19,7],"tags":[],"_links":{"self":[{"href":"https:\/\/gazdasagportal.hu\/index.php\/wp-json\/wp\/v2\/posts\/85000"}],"collection":[{"href":"https:\/\/gazdasagportal.hu\/index.php\/wp-json\/wp\/v2\/posts"}],"about":[{"href":"https:\/\/gazdasagportal.hu\/index.php\/wp-json\/wp\/v2\/types\/post"}],"author":[{"embeddable":true,"href":"https:\/\/gazdasagportal.hu\/index.php\/wp-json\/wp\/v2\/users\/1"}],"replies":[{"embeddable":true,"href":"https:\/\/gazdasagportal.hu\/index.php\/wp-json\/wp\/v2\/comments?post=85000"}],"version-history":[{"count":1,"href":"https:\/\/gazdasagportal.hu\/index.php\/wp-json\/wp\/v2\/posts\/85000\/revisions"}],"predecessor-version":[{"id":85001,"href":"https:\/\/gazdasagportal.hu\/index.php\/wp-json\/wp\/v2\/posts\/85000\/revisions\/85001"}],"wp:attachment":[{"href":"https:\/\/gazdasagportal.hu\/index.php\/wp-json\/wp\/v2\/media?parent=85000"}],"wp:term":[{"taxonomy":"category","embeddable":true,"href":"https:\/\/gazdasagportal.hu\/index.php\/wp-json\/wp\/v2\/categories?post=85000"},{"taxonomy":"post_tag","embeddable":true,"href":"https:\/\/gazdasagportal.hu\/index.php\/wp-json\/wp\/v2\/tags?post=85000"}],"curies":[{"name":"wp","href":"https:\/\/api.w.org\/{rel}","templated":true}]}}