{"id":84901,"date":"2016-09-22T09:50:48","date_gmt":"2016-09-22T07:50:48","guid":{"rendered":"http:\/\/gazdasagportal.hu\/?p=84901"},"modified":"2016-09-22T11:23:40","modified_gmt":"2016-09-22T09:23:40","slug":"orban-igy-szeretem-magyarorszagot-ahogy-van","status":"publish","type":"post","link":"https:\/\/gazdasagportal.hu\/index.php\/orban-igy-szeretem-magyarorszagot-ahogy-van\/","title":{"rendered":"Orb\u00e1n: \u00edgy szeretem Magyarorsz\u00e1got, ahogy van"},"content":{"rendered":"<p><strong>Orb\u00e1n Viktor minisztereln\u00f6k szerint a j\u00f6v\u0151 vas\u00e1rnapi kv\u00f3tan\u00e9pszavaz\u00e1son eld\u0151l, hogy a magyarok &#8222;milyen er\u0151s kardot tudnak kov\u00e1csolni&#8221; a br\u00fcsszeli b\u00fcrokrat\u00e1kkal szembeni k\u00fczdelemhez. A korm\u00e1nyf\u0151 az Orig\u00f3nak adott, cs\u00fct\u00f6rt\u00f6k\u00f6n megjelent interj\u00faban hangs\u00falyozta: \u0151 \u00fagy szereti Magyarorsz\u00e1got, ahogy van, \u00e9s nem szeretn\u00e9, ha k\u00fcls\u0151 parancsra ezt valaki megv\u00e1ltoztatn\u00e1.<\/strong><!--more--><\/p>\n<div class=\"ads-in-post1\"><div id=\"gazdasagportal.hu_fullbanner_wideboard\"><\/div>\r\n<\/div>\n<p>    &#8222;Nekem csal\u00f3d\u00e1s egyetlen olyan ember is, aki nem \u00e9rdekl\u0151dik a saj\u00e1t haz\u00e1ja sorsa ir\u00e1nt. Ez\u00e9rt term\u00e9szetesen a sz\u00e1zsz\u00e1zal\u00e9kos r\u00e9szv\u00e9tellel lenn\u00e9k el\u00e9gedett&#8221; &#8211; mondta Orb\u00e1n Viktor a kv\u00f3tan\u00e9pszavaz\u00e1s v\u00e1rhat\u00f3 eredm\u00e9ny\u00e9t firtat\u00f3 k\u00e9rd\u00e9sre, megjegyezve, hogy ez persze messze \u00e1ll a politikai realit\u00e1sokt\u00f3l, de megism\u00e9telte, hogy minden emberre sz\u00fcks\u00e9g van, \u00e9s minden ember v\u00e9lem\u00e9nye kell. Hiszen Magyarorsz\u00e1g j\u00f6v\u0151j\u00e9r\u0151l van sz\u00f3 &#8211; jelentette ki.<br \/>\n    A n\u00e9pszavaz\u00e1s m\u00e1snapj\u00e1n tervezett l\u00e9p\u00e9sekr\u0151l &#8211; amelyekr\u0151l a m\u00falt heti r\u00e1di\u00f3interj\u00faban is faggatt\u00e1k &#8211; \u00fagy nyilatkozott: ha el akarta volna mondani, hogy a n\u00e9pszavaz\u00e1s ut\u00e1n mit kell tenni, akkor elmondta volna. &#8222;Az\u00e9rt nem mondtam el, mert nem akartam. Az\u00e9rt nem akartam, mert id\u0151 el\u0151tti lenne, ugyanis a n\u00e9pszavaz\u00e1s eredm\u00e9nye hat\u00e1rozza meg, milyen ir\u00e1nyban indulunk tov\u00e1bb&#8221; &#8211; mondta, jelezve: az els\u0151 dolog, hogy legyen meg a n\u00e9pszavaz\u00e1s, amely ha eredm\u00e9nyes, meggy\u0151z\u0151 erej\u0171, akkor &#8222;abb\u00f3l m\u00e1s term\u00e9szet\u0171 l\u00e9p\u00e9sek k\u00f6vetkeznek, mintha satny\u00e1bb&#8221;. Hangs\u00falyozta ugyanakkor, hogy a referendumnak term\u00e9szetesen vannak \u00e9s lesznek k\u00f6zjogi k\u00f6vetkezm\u00e9nyei.<br \/>\n    Azokat az ellenz\u00e9ki nyilatkozatokat, amelyek szerint egy \u00e9rv\u00e9nyes n\u00e9pszavaz\u00e1st el\u0151rehozott parlamenti v\u00e1laszt\u00e1s k\u00f6vetne, a korm\u00e1nyf\u0151 \u00fagy komment\u00e1lta: el\u0151rehozott v\u00e1laszt\u00e1snak egy\u00e9rtelm\u0171, nyilv\u00e1nval\u00f3 oka kell legyen. Szerinte ilyen nem \u00e1ll fenn Magyarorsz\u00e1gon, mert az orsz\u00e1g j\u00f3 ir\u00e1nyban halad. Az el\u0151rehozott v\u00e1laszt\u00e1s r\u00e1ad\u00e1sul gyakran sunyi dolog &#8211; jegyezte meg Orb\u00e1n Viktor, hozz\u00e1t\u00e9ve: az emberek meg\u00e9rzik, ha m\u00e1r nem r\u00f3luk, nem az \u0151 j\u00f6v\u0151j\u00fckr\u0151l van sz\u00f3, hanem valamilyen politikusi okoskod\u00e1sr\u00f3l \u00e9s tr\u00fckk\u00f6z\u00e9sr\u0151l, \u00e9s nem v\u00e9letlen, hogy az el\u0151rehozott v\u00e1laszt\u00e1sokat \u00e1ltal\u00e1ban el szokt\u00e1k bukni.<br \/>\n    A k\u00f6telez\u0151 betelep\u00edt\u00e9si kv\u00f3t\u00e1r\u00f3l azt mondta: ha az EU &#8222;r\u00e1nk tudn\u00e1 er\u0151szakolni, az minden magyar telep\u00fcl\u00e9st \u00e9rintene&#8221;. Ez\u00e9rt szerinte a k\u00e9nyszerkv\u00f3ta mind a 3200 magyar telep\u00fcl\u00e9snek az \u00fcgye, vagyis okt\u00f3ber 2-\u00e1n &#8222;nemcsak az orsz\u00e1g sors\u00e1r\u00f3l d\u00f6nt\u00fcnk nemzed\u00e9kekre el\u0151re, hanem a saj\u00e1t helyi sorsunkr\u00f3l is&#8221;. &#8222;Ha nem utas\u00edtjuk el a k\u00e9nyszerkv\u00f3t\u00e1t, akkor egyszer csak a szomsz\u00e9d h\u00e1zban megjelenik egy odatelep\u00edtett migr\u00e1ns csal\u00e1d&#8221; &#8211; fogalmazott.<br \/>\n    Azt a v\u00e9lem\u00e9nyt k\u00e9pviseli &#8211; fejtette ki -, hogy akik illeg\u00e1lisan bej\u00f6ttek, azokat \u00f6ssze kell gy\u0171jteni, \u00e9s ki kell vinni az EU-n k\u00edv\u00fclre. A magyar korm\u00e1ny Schengen 2.0 nev\u0171 akci\u00f3terve \u00e9rtelm\u00e9ben az EU ter\u00fclet\u00e9n k\u00edv\u00fcl, uni\u00f3s fegyveres biztons\u00e1gi \u0151rizet mellett, EU-s p\u00e9nz\u00fcgyi t\u00e1mogat\u00e1ssal fel kellene \u00e1ll\u00edtani nagy menek\u00fcltt\u00e1borokat &#8211; p\u00e9ld\u00e1ul egy szigeten vagy az \u00e9szak-afrikai partvid\u00e9ken -, \u00e9s mindenkinek, aki illeg\u00e1lisan j\u00f6tt be, oda vissza kellene mennie. Onnan beny\u00fajthatn\u00e1 a k\u00e9relm\u00e9t, \u00e9s ha van befogad\u00f3 orsz\u00e1g, akkor majd j\u00f6hetne &#8211; ismertette az elk\u00e9pzel\u00e9st.<br \/>\n    Emellett pedig &#8211; tette hozz\u00e1 &#8211; az EU k\u00fcls\u0151 hat\u00e1rait meg kell v\u00e9deni, k\u00fcl\u00f6nben &#8222;\u00fajra el\u0151 fog \u00e1llni a baj&#8221;.<br \/>\n    A magyar korm\u00e1ny azt az \u00e1ll\u00e1spontot vallja, hogy a hat\u00e1rokat nem szabad elt\u00f6r\u00f6lni, &#8222;haszn\u00e1lni kell&#8221; \u0151ket, mert v\u00e9delmet jelentenek. &#8222;Nem szeretn\u00e9m, ha megv\u00e1ltozna annak a f\u00f6lddarabnak a kult\u00far\u00e1ja, amit Magyarorsz\u00e1gnak h\u00edvunk. (&#8230;) \u00c9n \u00edgy szeretem ezt az orsz\u00e1got, ahogy van, \u00e9s nem szeretn\u00e9m, ha k\u00fcls\u0151 parancsra ezt valaki megv\u00e1ltoztatn\u00e1. Az\u00e9rt szervezz\u00fck a n\u00e9pszavaz\u00e1st, hogy a magyarok elmondhass\u00e1k, meg akarnak-e v\u00e1ltozni egy ilyen ut\u00f3pia jegy\u00e9ben, vagy pedig meg akarnak maradni magyarnak \u00fagy, ahogyan az elm\u00falt \u00e9vsz\u00e1zadok sor\u00e1n &#8211; sok \u00e1ldozattal &#8211; siker\u00fclt megmaradni&#8221; &#8211; fejtette ki Orb\u00e1n Viktor.<br \/>\n    \u00d6sszegz\u00e9se szerint a n\u00e9pszavaz\u00e1son eld\u0151l, hogy a magyarok milyen &#8222;er\u0151s kardot tudnak kov\u00e1csolni&#8221; a br\u00fcsszeli b\u00fcrokrat\u00e1kkal szembeni k\u00fczdelemhez.<br \/>\n    Az EU j\u00f6v\u0151j\u00e9t illet\u0151en azt mondta: az az \u00f6sszetart\u00f3 eszk\u00f6z, amit a vezet\u0151k kor\u00e1bban kital\u00e1ltak, vagyis az eur\u00f3z\u00f3na, m\u00e1r nem el\u00e9gs\u00e9ges. &#8222;\u00daj abroncsok&#8221; kellenek, ilyen p\u00e9ld\u00e1ul a k\u00f6z\u00f6s hadsereg. Azt azonban nem szeretn\u00e9 &#8211; jelezte -, ha mindez valamif\u00e9le Eur\u00f3pai Egyes\u00fclt \u00c1llamokhoz vezetne.<br \/>\n    Az interj\u00faban sz\u00f3ba ker\u00fclt az amerikai eln\u00f6kv\u00e1laszt\u00e1s is, amelyr\u0151l a korm\u00e1nyf\u0151 azt mondta: a magyarok, eur\u00f3paiak abban \u00e9rdekeltek, hogy olyan amerikai k\u00fclpolitika legyen, amely nem akar demokr\u00e1ci\u00e1t export\u00e1lni, \u00e9s nem destabiliz\u00e1l t\u00e9rs\u00e9geket, migr\u00e1ns\u00fcgyben pedig hat\u00e1rozottan az \u00e1llami szuverenit\u00e1sok helyre\u00e1ll\u00edt\u00e1s\u00e1t szorgalmazza. &#8222;Trump \u00far err\u0151l besz\u00e9l, Clinton asszony pedig annak a folytat\u00e1s\u00e1r\u00f3l, amit\u0151l mi most Eur\u00f3p\u00e1ban szenved\u00fcnk&#8221; &#8211; fogalmazott.<br \/>\n    Belpolitikai k\u00e9rd\u00e9sekre kit\u00e9rve a minisztereln\u00f6k komment\u00e1lta Mengyi Roland fideszes k\u00e9pvisel\u0151 \u00fcgy\u00e9t &#8211; akinek a parlament felf\u00fcggesztette a mentelmi jog\u00e1t -, k\u00f6z\u00f6lve: a k\u00e9pvisel\u0151nek helyt kell \u00e1llnia saj\u00e1t mag\u00e1\u00e9rt, teh\u00e1t amivel v\u00e1dolj\u00e1k, arra egy\u00e9rtelm\u0171 \u00e9s vil\u00e1gos v\u00e1laszt kell adnia a b\u0171n\u00fcld\u00f6z\u0151 szerveknek. Az \u00fcgy megnyugtat\u00f3 tanuls\u00e1gak\u00e9nt eml\u00edtette, hogy az \u00e1llamkassz\u00e1b\u00f3l egyetlen fill\u00e9r sem ment ki jogszer\u0171tlen\u00fcl.(MTI)<\/p>\n","protected":false},"excerpt":{"rendered":"<p>Orb\u00e1n Viktor minisztereln\u00f6k szerint a j\u00f6v\u0151 vas\u00e1rnapi kv\u00f3tan\u00e9pszavaz\u00e1son eld\u0151l, hogy a magyarok &#8222;milyen er\u0151s kardot tudnak kov\u00e1csolni&#8221; a br\u00fcsszeli b\u00fcrokrat\u00e1kkal szembeni k\u00fczdelemhez. A korm\u00e1nyf\u0151 az Orig\u00f3nak adott, cs\u00fct\u00f6rt\u00f6k\u00f6n megjelent interj\u00faban hangs\u00falyozta: \u0151 \u00fagy szereti Magyarorsz\u00e1got, ahogy van, \u00e9s nem szeretn\u00e9, ha k\u00fcls\u0151 parancsra ezt valaki megv\u00e1ltoztatn\u00e1.<\/p>\n","protected":false},"author":1,"featured_media":0,"comment_status":"open","ping_status":"closed","sticky":false,"template":"","format":"standard","meta":[],"categories":[4],"tags":[],"_links":{"self":[{"href":"https:\/\/gazdasagportal.hu\/index.php\/wp-json\/wp\/v2\/posts\/84901"}],"collection":[{"href":"https:\/\/gazdasagportal.hu\/index.php\/wp-json\/wp\/v2\/posts"}],"about":[{"href":"https:\/\/gazdasagportal.hu\/index.php\/wp-json\/wp\/v2\/types\/post"}],"author":[{"embeddable":true,"href":"https:\/\/gazdasagportal.hu\/index.php\/wp-json\/wp\/v2\/users\/1"}],"replies":[{"embeddable":true,"href":"https:\/\/gazdasagportal.hu\/index.php\/wp-json\/wp\/v2\/comments?post=84901"}],"version-history":[{"count":2,"href":"https:\/\/gazdasagportal.hu\/index.php\/wp-json\/wp\/v2\/posts\/84901\/revisions"}],"predecessor-version":[{"id":84905,"href":"https:\/\/gazdasagportal.hu\/index.php\/wp-json\/wp\/v2\/posts\/84901\/revisions\/84905"}],"wp:attachment":[{"href":"https:\/\/gazdasagportal.hu\/index.php\/wp-json\/wp\/v2\/media?parent=84901"}],"wp:term":[{"taxonomy":"category","embeddable":true,"href":"https:\/\/gazdasagportal.hu\/index.php\/wp-json\/wp\/v2\/categories?post=84901"},{"taxonomy":"post_tag","embeddable":true,"href":"https:\/\/gazdasagportal.hu\/index.php\/wp-json\/wp\/v2\/tags?post=84901"}],"curies":[{"name":"wp","href":"https:\/\/api.w.org\/{rel}","templated":true}]}}