{"id":84893,"date":"2016-09-22T08:31:26","date_gmt":"2016-09-22T06:31:26","guid":{"rendered":"http:\/\/gazdasagportal.hu\/?p=84893"},"modified":"2016-09-22T08:31:26","modified_gmt":"2016-09-22T06:31:26","slug":"magyarorszag-nem-fogad-vissza-gorogorszagon-keresztul-erkezett-migransokat","status":"publish","type":"post","link":"https:\/\/gazdasagportal.hu\/index.php\/magyarorszag-nem-fogad-vissza-gorogorszagon-keresztul-erkezett-migransokat\/","title":{"rendered":"Magyarorsz\u00e1g nem fogad vissza G\u00f6r\u00f6gorsz\u00e1gon kereszt\u00fcl \u00e9rkezett migr\u00e1nsokat"},"content":{"rendered":"<p><strong>Magyarorsz\u00e1g nem fogad vissza olyan migr\u00e1nsokat, akik G\u00f6r\u00f6gorsz\u00e1gon kereszt\u00fcl \u00e9rkeztek az Eur\u00f3pai Uni\u00f3ba &#8211; jelentette ki a Minisztereln\u00f6ks\u00e9get vezet\u0151 miniszter szerd\u00e1n Mak\u00f3n.<\/strong><!--more--><\/p>\n<div class=\"ads-in-post1\"><div id=\"gazdasagportal.hu_fullbanner_wideboard\"><\/div>\r\n<\/div>\n<p>    L\u00e1z\u00e1r J\u00e1nos a n\u00e9pszavaz\u00e1si kamp\u00e1nyban szervezett utcaf\u00f3rum\u00e1n, mintegy sz\u00e1z\u00f6tven hallgat\u00f3ja el\u0151tt azt mondta: Magyarorsz\u00e1g \u00e1ll\u00e1spontja vil\u00e1gos, azokat vehetj\u00fck vissza Nyugat-Eur\u00f3p\u00e1b\u00f3l, akik itt l\u00e9ptek be az uni\u00f3 ter\u00fclet\u00e9re.<br \/>\n    A t\u00e9rs\u00e9g orsz\u00e1ggy\u0171l\u00e9si k\u00e9pvisel\u0151je k\u00f6z\u00f6lte, az a t\u00f6bb t\u00edzezer ember, akit D\u00e1nia, Sv\u00e9dorsz\u00e1g, Finnorsz\u00e1g, Izland \u00e9s Norv\u00e9gia akar visszatoloncolni Magyarorsz\u00e1gra nem itt l\u00e9pett be az uni\u00f3 ter\u00fclet\u00e9re. Hangs\u00falyozta, igazs\u00e1gtalan \u00e9s m\u00e9lt\u00e1nytalan lenne, hogy a d\u00fasgazdag skandin\u00e1v orsz\u00e1gok helyett Magyarorsz\u00e1gnak kelljen gondoskodnia ezekr\u0151l az emberekr\u0151l.<br \/>\n    Az \u00f6t skandin\u00e1v orsz\u00e1g gyakorlatilag feljelentette Magyarorsz\u00e1got Br\u00fcsszelben. Az Eur\u00f3pai Bizotts\u00e1g k\u00f6telezetts\u00e9gszeg\u00e9si elj\u00e1r\u00e1st ind\u00edthat vagy meg is b\u00edrs\u00e1golhatja Magyarorsz\u00e1got, a korm\u00e1ny azonban k\u00e9sz az \u00fcgyben ak\u00e1r b\u00edr\u00f3s\u00e1ghoz is fordulni &#8211; tudatta L\u00e1z\u00e1r J\u00e1nos.<br \/>\n    A n\u00e9pszavaz\u00e1son a k\u00e9rd\u00e9s az, hogy megnyissuk-e a hat\u00e1rokat. Okt\u00f3ber 2-\u00e1n az emberek hossz\u00fa \u00e9vtizedekre d\u00f6nthetnek arr\u00f3l, kivel \u00e9lj\u00fcnk egy\u00fctt az orsz\u00e1gban &#8211; mondta a miniszter. Hangs\u00falyozta: az\u00e9rt fontos a r\u00e9szv\u00e9tel, hogy bizony\u00edthassuk Br\u00fcsszel el\u0151tt, nem egy p\u00e1rt \u00fcgy\u00e9r\u0151l van sz\u00f3, hanem nemzeti egyet\u00e9rt\u00e9s, \u00f6sszefog\u00e1s alakult ki a k\u00f6telez\u0151 betelep\u00edt\u00e9s elutas\u00edt\u00e1s\u00e1r\u00f3l.<br \/>\n    A politikus \u00fagy fogalmazott, a t\u00e1volmarad\u00e1s mellett kamp\u00e1nyol\u00f3k &#8222;sunyi&#8221; igent mondanak. Szem\u00e9ly szerint ez\u00e9rt sokkal t\u00f6bbre becs\u00fcli azokat, akik ki\u00e1llnak az emberek el\u00e9, \u00e9s elmondj\u00e1k, hogy \u00e1ll\u00e1spontjuk szerint sz\u00fcks\u00e9g van a bev\u00e1ndorl\u00f3kra.<br \/>\n    Lesz\u00f6gezte ugyanakkor, Magyarorsz\u00e1got nem a bev\u00e1ndorl\u00e1s teszi versenyk\u00e9pesebb\u00e9. Sz\u00e1mos olyan t\u00e9rs\u00e9ge van az orsz\u00e1gnak, ahol m\u00e9g sokan vannak az \u00e1ll\u00e1stalanok, el\u0151sz\u00f6r az ott \u00e9l\u0151knek kell munkalehet\u0151s\u00e9get teremteni &#8211; tette hozz\u00e1.(MTI)<\/p>\n","protected":false},"excerpt":{"rendered":"<p>Magyarorsz\u00e1g nem fogad vissza olyan migr\u00e1nsokat, akik G\u00f6r\u00f6gorsz\u00e1gon kereszt\u00fcl \u00e9rkeztek az Eur\u00f3pai Uni\u00f3ba &#8211; jelentette ki a Minisztereln\u00f6ks\u00e9get vezet\u0151 miniszter szerd\u00e1n Mak\u00f3n.<\/p>\n","protected":false},"author":1,"featured_media":0,"comment_status":"open","ping_status":"closed","sticky":false,"template":"","format":"standard","meta":[],"categories":[4],"tags":[],"_links":{"self":[{"href":"https:\/\/gazdasagportal.hu\/index.php\/wp-json\/wp\/v2\/posts\/84893"}],"collection":[{"href":"https:\/\/gazdasagportal.hu\/index.php\/wp-json\/wp\/v2\/posts"}],"about":[{"href":"https:\/\/gazdasagportal.hu\/index.php\/wp-json\/wp\/v2\/types\/post"}],"author":[{"embeddable":true,"href":"https:\/\/gazdasagportal.hu\/index.php\/wp-json\/wp\/v2\/users\/1"}],"replies":[{"embeddable":true,"href":"https:\/\/gazdasagportal.hu\/index.php\/wp-json\/wp\/v2\/comments?post=84893"}],"version-history":[{"count":1,"href":"https:\/\/gazdasagportal.hu\/index.php\/wp-json\/wp\/v2\/posts\/84893\/revisions"}],"predecessor-version":[{"id":84894,"href":"https:\/\/gazdasagportal.hu\/index.php\/wp-json\/wp\/v2\/posts\/84893\/revisions\/84894"}],"wp:attachment":[{"href":"https:\/\/gazdasagportal.hu\/index.php\/wp-json\/wp\/v2\/media?parent=84893"}],"wp:term":[{"taxonomy":"category","embeddable":true,"href":"https:\/\/gazdasagportal.hu\/index.php\/wp-json\/wp\/v2\/categories?post=84893"},{"taxonomy":"post_tag","embeddable":true,"href":"https:\/\/gazdasagportal.hu\/index.php\/wp-json\/wp\/v2\/tags?post=84893"}],"curies":[{"name":"wp","href":"https:\/\/api.w.org\/{rel}","templated":true}]}}