{"id":84864,"date":"2016-09-21T08:15:18","date_gmt":"2016-09-21T06:15:18","guid":{"rendered":"http:\/\/gazdasagportal.hu\/?p=84864"},"modified":"2016-09-21T08:15:18","modified_gmt":"2016-09-21T06:15:18","slug":"ketezer-embert-kuldenenek-vissza-magyarorszagra-a-skandinav-orszagok","status":"publish","type":"post","link":"https:\/\/gazdasagportal.hu\/index.php\/ketezer-embert-kuldenenek-vissza-magyarorszagra-a-skandinav-orszagok\/","title":{"rendered":"K\u00e9tezer embert k\u00fclden\u00e9nek vissza Magyarorsz\u00e1gra a skandin\u00e1v orsz\u00e1gok"},"content":{"rendered":"<p><strong>T\u00f3th Norbert nemzetk\u00f6zi jog\u00e1sz szerint k\u00f6r\u00fclbel\u00fcl k\u00e9tezer embert k\u00fcldene vissza Magyarorsz\u00e1gra D\u00e1nia, Sv\u00e9dorsz\u00e1g, Finnorsz\u00e1g \u00e9s Norv\u00e9gia, amelyek ennek el\u00e9r\u00e9s\u00e9\u00e9rt elj\u00e1r\u00e1st is kezdem\u00e9nyeztek Magyarorsz\u00e1g ellen.<\/strong><!--more--><\/p>\n<div class=\"ads-in-post1\"><div id=\"gazdasagportal.hu_fullbanner_wideboard\"><\/div>\r\n<\/div>\n<p>    A szak\u00e9rt\u0151 az M1 aktu\u00e1lis csatorn\u00e1n szerd\u00e1n azt mondta, Sv\u00e9dorsz\u00e1g eset\u00e9ben mintegy ezer emberr\u0151l van sz\u00f3, m\u00edg a t\u00f6bbi orsz\u00e1gban n\u00e9h\u00e1ny sz\u00e1zr\u00f3l.<br \/>\n    T\u00f3th Norbert arr\u00f3l besz\u00e9lt, hogy Sv\u00e9dorsz\u00e1gban nagyon er\u0151s a baloldal, amely azt k\u00e9pviseli, hogy szolid\u00e1risnak kell lenni minden neh\u00e9z sors\u00fa emberrel.<br \/>\n    Sv\u00e9dorsz\u00e1g szerint az Eur\u00f3pai Uni\u00f3 \u00e9vente egymilli\u00f3 embert tudna befogadni, most m\u00e9gis vissza akarnak k\u00fcldeni ezer bev\u00e1ndorl\u00f3t Magyarorsz\u00e1gra &#8211; tette hozz\u00e1 a szak\u00e9rt\u0151.<br \/>\n    T\u00f3th Norbert kit\u00e9rt arra is, hogy a skandin\u00e1v orsz\u00e1gok \u00e1ltal kezdem\u00e9nyezett elj\u00e1r\u00e1s is a k\u00f6telezetts\u00e9gszeg\u00e9si elj\u00e1r\u00e1s egy viszonylag ritka, atipikus v\u00e1ltozata, amit egyik \u00e1llam ind\u00edt a m\u00e1sik ellen. Magyarorsz\u00e1g eddig egyszer ind\u00edtott ilyen elj\u00e1r\u00e1st, m\u00e9gpedig 2009-ben Szlov\u00e1kia ellen, amikor nem engedt\u00e9k \u00e1t S\u00f3lyom L\u00e1szl\u00f3 k\u00f6zt\u00e1rsas\u00e1gi eln\u00f6k\u00f6t a hat\u00e1ron.(MTI)<\/p>\n","protected":false},"excerpt":{"rendered":"<p>T\u00f3th Norbert nemzetk\u00f6zi jog\u00e1sz szerint k\u00f6r\u00fclbel\u00fcl k\u00e9tezer embert k\u00fcldene vissza Magyarorsz\u00e1gra D\u00e1nia, Sv\u00e9dorsz\u00e1g, Finnorsz\u00e1g \u00e9s Norv\u00e9gia, amelyek ennek el\u00e9r\u00e9s\u00e9\u00e9rt elj\u00e1r\u00e1st is kezdem\u00e9nyeztek Magyarorsz\u00e1g ellen.<\/p>\n","protected":false},"author":1,"featured_media":0,"comment_status":"open","ping_status":"closed","sticky":false,"template":"","format":"standard","meta":[],"categories":[4,12],"tags":[],"_links":{"self":[{"href":"https:\/\/gazdasagportal.hu\/index.php\/wp-json\/wp\/v2\/posts\/84864"}],"collection":[{"href":"https:\/\/gazdasagportal.hu\/index.php\/wp-json\/wp\/v2\/posts"}],"about":[{"href":"https:\/\/gazdasagportal.hu\/index.php\/wp-json\/wp\/v2\/types\/post"}],"author":[{"embeddable":true,"href":"https:\/\/gazdasagportal.hu\/index.php\/wp-json\/wp\/v2\/users\/1"}],"replies":[{"embeddable":true,"href":"https:\/\/gazdasagportal.hu\/index.php\/wp-json\/wp\/v2\/comments?post=84864"}],"version-history":[{"count":1,"href":"https:\/\/gazdasagportal.hu\/index.php\/wp-json\/wp\/v2\/posts\/84864\/revisions"}],"predecessor-version":[{"id":84865,"href":"https:\/\/gazdasagportal.hu\/index.php\/wp-json\/wp\/v2\/posts\/84864\/revisions\/84865"}],"wp:attachment":[{"href":"https:\/\/gazdasagportal.hu\/index.php\/wp-json\/wp\/v2\/media?parent=84864"}],"wp:term":[{"taxonomy":"category","embeddable":true,"href":"https:\/\/gazdasagportal.hu\/index.php\/wp-json\/wp\/v2\/categories?post=84864"},{"taxonomy":"post_tag","embeddable":true,"href":"https:\/\/gazdasagportal.hu\/index.php\/wp-json\/wp\/v2\/tags?post=84864"}],"curies":[{"name":"wp","href":"https:\/\/api.w.org\/{rel}","templated":true}]}}