{"id":84860,"date":"2016-09-20T19:29:10","date_gmt":"2016-09-20T17:29:10","guid":{"rendered":"http:\/\/gazdasagportal.hu\/?p=84860"},"modified":"2016-09-20T19:29:10","modified_gmt":"2016-09-20T17:29:10","slug":"megkezdodott-a-fed-ketnapos-ulese-kamatdontes-szerdan","status":"publish","type":"post","link":"https:\/\/gazdasagportal.hu\/index.php\/megkezdodott-a-fed-ketnapos-ulese-kamatdontes-szerdan\/","title":{"rendered":"Megkezd\u0151d\u00f6tt a Fed k\u00e9tnapos \u00fcl\u00e9se, kamatd\u00f6nt\u00e9s szerd\u00e1n"},"content":{"rendered":"<p><strong>Megkezd\u0151d\u00f6tt az amerikai jegybank szerep\u00e9t bet\u00f6lt\u0151 Fed k\u00e9tnapos \u00fcl\u00e9se. A kamatd\u00f6nt\u00e9st szerd\u00e1n este nyolckor ismertetik.<\/strong><!--more--><\/p>\n<div class=\"ads-in-post1\"><div id=\"gazdasagportal.hu_fullbanner_wideboard\"><\/div>\r\n<\/div>\n<p>    Elemz\u0151k k\u00f6r\u00e9ben gyakorlatilag teljes az egyet\u00e9rt\u00e9s, hogy a Fed ez\u00fattal sem emel kamatot.<br \/>\n    A szerdai kamatd\u00f6nt\u00e9s ismertet\u00e9se ut\u00e1n besz\u00e9l majd Janet Yellen Fed-eln\u00f6k, akinek a szavaib\u00f3l esetleg k\u00f6vetkeztetni lehet majd a legk\u00f6zelebbi kamatemel\u00e9s id\u0151pontj\u00e1ra. Piaci v\u00e1rakoz\u00e1sok szerint a Fed decemberben emel legk\u00f6zelebb kamatot. A Reuters \u00e1ltal megk\u00e9rdezett t\u00f6bb mint sz\u00e1z szak\u00e9rt\u0151 70 sz\u00e1zal\u00e9kos es\u00e9lyt l\u00e1t a decemberi kamatemel\u00e9sre.<br \/>\n    A Fed 2006 ut\u00e1n tavaly decemberben emelt el\u0151sz\u00f6r kamatot, az ir\u00e1nyad\u00f3 r\u00e1ta 0,0-0,25 sz\u00e1zal\u00e9kos s\u00e1vj\u00e1t 25 b\u00e1zisponttal 0,25-0,50 sz\u00e1zal\u00e9kra v\u00e1ltoztatta.<br \/>\n    A Fed monet\u00e1ris d\u00f6nt\u00e9shoz\u00f3 test\u00fclete, a ny\u00edltpiaci bizotts\u00e1g (FOMC) 2008 decembere \u00f3ta tartotta gazdas\u00e1g\u00f6szt\u00f6nz\u0151 c\u00e9llal z\u00e9r\u00f3-k\u00f6zeli szinten az ir\u00e1nyad\u00f3 kamatot.<br \/>\n    Tavaly decemberben m\u00e9g azt jelezte a Fed, hogy 2016-ban n\u00e9gy alkalommal emel kamatot. Hivatalosan ezt az el\u0151rejelz\u00e9s\u00e9t az\u00f3ta k\u00e9t idei, \u00e9s h\u00e1rom j\u00f6v\u0151 \u00e9vi kamatemel\u00e9sre v\u00e1ltoztatta a glob\u00e1lis gazdas\u00e1gi n\u00f6veked\u00e9s lassul\u00e1sa, a nemzetk\u00f6zi p\u00e9nzpiacok sz\u00e9ls\u0151s\u00e9ges kileng\u00e9sei, valamint az alacsony amerikai infl\u00e1ci\u00f3 miatt.(MTI)<\/p>\n","protected":false},"excerpt":{"rendered":"<p>Megkezd\u0151d\u00f6tt az amerikai jegybank szerep\u00e9t bet\u00f6lt\u0151 Fed k\u00e9tnapos \u00fcl\u00e9se. A kamatd\u00f6nt\u00e9st szerd\u00e1n este nyolckor ismertetik.<\/p>\n","protected":false},"author":1,"featured_media":59667,"comment_status":"open","ping_status":"closed","sticky":false,"template":"","format":"standard","meta":[],"categories":[8,246],"tags":[],"_links":{"self":[{"href":"https:\/\/gazdasagportal.hu\/index.php\/wp-json\/wp\/v2\/posts\/84860"}],"collection":[{"href":"https:\/\/gazdasagportal.hu\/index.php\/wp-json\/wp\/v2\/posts"}],"about":[{"href":"https:\/\/gazdasagportal.hu\/index.php\/wp-json\/wp\/v2\/types\/post"}],"author":[{"embeddable":true,"href":"https:\/\/gazdasagportal.hu\/index.php\/wp-json\/wp\/v2\/users\/1"}],"replies":[{"embeddable":true,"href":"https:\/\/gazdasagportal.hu\/index.php\/wp-json\/wp\/v2\/comments?post=84860"}],"version-history":[{"count":1,"href":"https:\/\/gazdasagportal.hu\/index.php\/wp-json\/wp\/v2\/posts\/84860\/revisions"}],"predecessor-version":[{"id":84861,"href":"https:\/\/gazdasagportal.hu\/index.php\/wp-json\/wp\/v2\/posts\/84860\/revisions\/84861"}],"wp:featuredmedia":[{"embeddable":true,"href":"https:\/\/gazdasagportal.hu\/index.php\/wp-json\/wp\/v2\/media\/59667"}],"wp:attachment":[{"href":"https:\/\/gazdasagportal.hu\/index.php\/wp-json\/wp\/v2\/media?parent=84860"}],"wp:term":[{"taxonomy":"category","embeddable":true,"href":"https:\/\/gazdasagportal.hu\/index.php\/wp-json\/wp\/v2\/categories?post=84860"},{"taxonomy":"post_tag","embeddable":true,"href":"https:\/\/gazdasagportal.hu\/index.php\/wp-json\/wp\/v2\/tags?post=84860"}],"curies":[{"name":"wp","href":"https:\/\/api.w.org\/{rel}","templated":true}]}}