{"id":84854,"date":"2016-09-20T15:16:14","date_gmt":"2016-09-20T13:16:14","guid":{"rendered":"http:\/\/gazdasagportal.hu\/?p=84854"},"modified":"2016-09-20T15:16:14","modified_gmt":"2016-09-20T13:16:14","slug":"csokkent-az-allaskeresok-szama-a-foglalkoztatasi-szolgalat-adatai-szerint","status":"publish","type":"post","link":"https:\/\/gazdasagportal.hu\/index.php\/csokkent-az-allaskeresok-szama-a-foglalkoztatasi-szolgalat-adatai-szerint\/","title":{"rendered":"Cs\u00f6kkent az \u00e1ll\u00e1skeres\u0151k sz\u00e1ma a foglalkoztat\u00e1si szolg\u00e1lat adatai szerint"},"content":{"rendered":"<p><strong>A nyilv\u00e1ntartott \u00e1ll\u00e1skeres\u0151k sz\u00e1ma 16,4 sz\u00e1zal\u00e9kkal cs\u00f6kkent Magyarorsz\u00e1gon egy \u00e9v alatt, a Nemzeti Foglalkoztat\u00e1si Szolg\u00e1lat (NFSZ) nyilv\u00e1ntart\u00e1s\u00e1ban az augusztusi z\u00e1r\u00f3napon 283,3 ezer \u00e1ll\u00e1skeres\u0151 szerepelt, t\u00f6bb mint 50 ezerrel kevesebb, mint egy \u00e9ve.<\/strong><!--more--><\/p>\n<div class=\"ads-in-post1\"><div id=\"gazdasagportal.hu_fullbanner_wideboard\"><\/div>\r\n<\/div>\n<p>    Az NFSZ a honlapj\u00e1n k\u00f6z\u00f6lte: az \u00e9v nyolcadik h\u00f3napj\u00e1ban a nyilv\u00e1ntartott \u00e1ll\u00e1skeres\u0151k ar\u00e1nya a gazdas\u00e1gilag akt\u00edv n\u00e9pess\u00e9ghez viszony\u00edtva 6,3 sz\u00e1zal\u00e9k volt, a munkav\u00e1llal\u00e1si kor\u00fa n\u00e9pess\u00e9ghez m\u00e9rt relat\u00edv r\u00e1ta pedig 4,1 sz\u00e1zal\u00e9k.     Augusztusban 40,3 ezer \u00e1ll\u00e1skeres\u0151 k\u00e9rte nyilv\u00e1ntart\u00e1sba v\u00e9tel\u00e9t a kirendelts\u00e9geken, 12,6 sz\u00e1zal\u00e9kuk els\u0151 alkalommal. Az \u00faj bel\u00e9p\u0151k sz\u00e1ma az el\u0151z\u0151 \u00e9vin\u00e9l 9,2 sz\u00e1zal\u00e9kkal kevesebb volt. Az \u00e1ll\u00e1skeres\u0151k 12,1 sz\u00e1zal\u00e9ka, 34,3 ezer ember volt p\u00e1lyakezd\u0151.<br \/>\n    Az \u00e1ll\u00e1skeres\u0151k 29,6 sz\u00e1zal\u00e9ka &#8211; 83,8 ezer ember &#8211; tart\u00f3san, t\u00f6bb mint egy \u00e9ve keresett m\u00e1r munk\u00e1t, ez 16,9 sz\u00e1zal\u00e9kponttal jobb ar\u00e1ny az egy \u00e9vvel kor\u00e1bbin\u00e1l.     Az NFSZ adatai szerint az \u00e9v nyolcadik h\u00f3napj\u00e1ban 145,8 ezer \u00e1ll\u00e1skeres\u0151 volt jogosult p\u00e9nzbeli ell\u00e1t\u00e1sra, 39,2 sz\u00e1zal\u00e9kuk \u00e1ll\u00e1skeres\u00e9si ell\u00e1t\u00e1sban, a t\u00f6bbiek szoci\u00e1lis jelleg\u0171 t\u00e1mogat\u00e1sban r\u00e9szes\u00fcltek. Az \u00e1ll\u00e1skeres\u0151k 48,5 sz\u00e1zal\u00e9ka semmilyen p\u00e9nzbeli t\u00e1mogat\u00e1st nem kapott.     A foglalkoztat\u00f3k 39,4 ezer \u00faj bet\u00f6lthet\u0151 \u00e1ll\u00e1shelyet jelentettek be augusztusban, ezek 59,5 sz\u00e1zal\u00e9k\u00e1hoz ig\u00e9nyeltek t\u00e1mogat\u00e1st. Az \u00fajonnan bejelentett t\u00e1mogatott \u00e1ll\u00e1shelyek sz\u00e1ma 23,5 ezer volt, amelyek t\u00falnyom\u00f3 r\u00e9sze a k\u00f6zfoglalkoztat\u00e1shoz tartozott.     Augusztusban 146,2 ezer \u00e1ll\u00e1slehet\u0151s\u00e9g \u00e1llt rendelkez\u00e9sre, amelyb\u0151l 96,8 ezer bet\u00f6ltetlen maradt.     Az \u00e9v nyolcadik h\u00f3napj\u00e1ban 175 munkav\u00e1llal\u00f3 csoportos l\u00e9tsz\u00e1mle\u00e9p\u00edt\u00e9s\u00e9t jelentett\u00e9k be a foglalkoztat\u00f3k. Az elbocs\u00e1t\u00e1sok a szektorok k\u00f6z\u00fcl f\u0151k\u00e9nt a feldolgoz\u00f3ipart \u00e9s az adminisztrat\u00edv, valamint a szolg\u00e1ltat\u00e1st t\u00e1mogat\u00f3 \u00e1gazatokat, ter\u00fcletileg pedig a f\u0151v\u00e1rost, J\u00e1sz-Nagykun-Szolnok \u00e9s Tolna megy\u00e9t \u00e9rintett\u00e9k.     A Nemzetk\u00f6zi Munka\u00fcgyi Szervezet (ILO) \u00e1ltal haszn\u00e1lt munkan\u00e9lk\u00fclis\u00e9gi r\u00e1ta 5,0 sz\u00e1zal\u00e9kos volt a m\u00e1jus-j\u00faliusi g\u00f6rd\u00fcl\u0151 negyed\u00e9vben, ami azt jelenti, hogy a 15-74 \u00e9ves n\u00e9pess\u00e9gb\u0151l 228,0 ezren voltak munka n\u00e9lk\u00fcl. A r\u00e1ta az el\u0151z\u0151 \u00e9v azonos id\u0151szak\u00e1hoz k\u00e9pest 1,8 sz\u00e1zal\u00e9kponttal cs\u00f6kkent. (MTI)<\/p>\n","protected":false},"excerpt":{"rendered":"<p>A nyilv\u00e1ntartott \u00e1ll\u00e1skeres\u0151k sz\u00e1ma 16,4 sz\u00e1zal\u00e9kkal cs\u00f6kkent Magyarorsz\u00e1gon egy \u00e9v alatt, a Nemzeti Foglalkoztat\u00e1si Szolg\u00e1lat (NFSZ) nyilv\u00e1ntart\u00e1s\u00e1ban az augusztusi z\u00e1r\u00f3napon 283,3 ezer \u00e1ll\u00e1skeres\u0151 szerepelt, t\u00f6bb mint 50 ezerrel kevesebb, mint egy \u00e9ve.<\/p>\n","protected":false},"author":1,"featured_media":0,"comment_status":"open","ping_status":"closed","sticky":false,"template":"","format":"standard","meta":[],"categories":[19],"tags":[],"_links":{"self":[{"href":"https:\/\/gazdasagportal.hu\/index.php\/wp-json\/wp\/v2\/posts\/84854"}],"collection":[{"href":"https:\/\/gazdasagportal.hu\/index.php\/wp-json\/wp\/v2\/posts"}],"about":[{"href":"https:\/\/gazdasagportal.hu\/index.php\/wp-json\/wp\/v2\/types\/post"}],"author":[{"embeddable":true,"href":"https:\/\/gazdasagportal.hu\/index.php\/wp-json\/wp\/v2\/users\/1"}],"replies":[{"embeddable":true,"href":"https:\/\/gazdasagportal.hu\/index.php\/wp-json\/wp\/v2\/comments?post=84854"}],"version-history":[{"count":1,"href":"https:\/\/gazdasagportal.hu\/index.php\/wp-json\/wp\/v2\/posts\/84854\/revisions"}],"predecessor-version":[{"id":84855,"href":"https:\/\/gazdasagportal.hu\/index.php\/wp-json\/wp\/v2\/posts\/84854\/revisions\/84855"}],"wp:attachment":[{"href":"https:\/\/gazdasagportal.hu\/index.php\/wp-json\/wp\/v2\/media?parent=84854"}],"wp:term":[{"taxonomy":"category","embeddable":true,"href":"https:\/\/gazdasagportal.hu\/index.php\/wp-json\/wp\/v2\/categories?post=84854"},{"taxonomy":"post_tag","embeddable":true,"href":"https:\/\/gazdasagportal.hu\/index.php\/wp-json\/wp\/v2\/tags?post=84854"}],"curies":[{"name":"wp","href":"https:\/\/api.w.org\/{rel}","templated":true}]}}