{"id":84832,"date":"2016-09-20T07:32:29","date_gmt":"2016-09-20T05:32:29","guid":{"rendered":"http:\/\/gazdasagportal.hu\/?p=84832"},"modified":"2016-09-20T06:53:33","modified_gmt":"2016-09-20T04:53:33","slug":"mabisz-a-kovetkezo-evekben-szolid-novekedes-varhato-a-biztositasi-szektorban","status":"publish","type":"post","link":"https:\/\/gazdasagportal.hu\/index.php\/mabisz-a-kovetkezo-evekben-szolid-novekedes-varhato-a-biztositasi-szektorban\/","title":{"rendered":"MABISZ: a k\u00f6vetkez\u0151 \u00e9vekben szolid n\u00f6veked\u00e9s v\u00e1rhat\u00f3 a biztos\u00edt\u00e1si szektorban"},"content":{"rendered":"<p><strong>A biztos\u00edt\u00e1si szektor szolid, moder\u00e1lt n\u00f6veked\u00e9s\u00e9re sz\u00e1m\u00edt a k\u00f6vetkez\u0151 \u00e9vekben Pandurics Anett, a Magyar Biztos\u00edt\u00f3k Sz\u00f6vets\u00e9g\u00e9nek (MABISZ) eln\u00f6ke, aki szerint az egy szem\u00e9lyre jut\u00f3 biztos\u00edt\u00e1sok sz\u00e1ma \u00e9s az \u00e1tlagos biztos\u00edt\u00e1si k\u00f6lt\u00e9s alapj\u00e1n m\u00e9g van hov\u00e1 el\u0151rel\u00e9pni.<\/strong><!--more--><\/p>\n<div class=\"ads-in-post1\"><div id=\"gazdasagportal.hu_fullbanner_wideboard\"><\/div>\r\n<\/div>\n<p>    A biztos\u00edt\u00e1si vil\u00e1gnap alkalm\u00e1b\u00f3l az MTI-nek adott nyilatkozatban a szakember ismertette: Magyarorsz\u00e1gon \u00e1tlagosan 1,1 biztos\u00edt\u00e1s jut egy szem\u00e9lyre, ami alacsony. A lak\u00e1sok biztos\u00edtotts\u00e1ga ugyanakkor kiemelked\u0151 (4 lak\u00e1sb\u00f3l 3 biztos\u00edtott), \u00e9s a k\u00f6telez\u0151 g\u00e9pj\u00e1rm\u0171-biztos\u00edt\u00e1sokat is rendre megk\u00f6tik a z\u00f6mmel szab\u00e1lyk\u00f6vet\u0151 magyarok. Emellett a folyamatos d\u00edjas \u00e9letbiztos\u00edt\u00e1sok sz\u00e1ma &#8211; \u00e9vtizedes cs\u00f6kken\u00e9s ut\u00e1n &#8211; szint\u00e9n n\u00f6vekszik. Hi\u00e1ny\u00e9rzet lehet ugyanakkor p\u00e9ld\u00e1ul a casco szerz\u0151d\u00e9sek, a baleset- \u00e9s betegs\u00e9gbiztos\u00edt\u00e1sok ter\u00e9n.<br \/>\n    M\u00edg Eur\u00f3p\u00e1ban az egy f\u0151re jut\u00f3 \u00e9letbiztos\u00edt\u00e1si d\u00edj 223 eur\u00f3 volt 2014-ben, a nem-\u00e9letbiztos\u00edt\u00e1si jelleg\u0171 biztos\u00edt\u00e1sokra pedig \u00e1tlagosan 574 eur\u00f3t k\u00f6lt\u00f6tt egy eur\u00f3pai polg\u00e1r, addig Magyarorsz\u00e1gon az egy f\u0151re jut\u00f3 \u00e9let- \u00e9s nem-\u00e9letbiztos\u00edt\u00e1si d\u00edjbev\u00e9tel egy\u00fcttesen is csak 274 eur\u00f3t tesz ki. A biztos\u00edtotts\u00e1g szintje &#8211; a r\u00e9gi\u00f3 orsz\u00e1gaihoz hasonl\u00f3an &#8211; tov\u00e1bbra is alacsony Magyarorsz\u00e1gon, 2014-ben az \u00f6sszes d\u00edjbev\u00e9tel brutt\u00f3 hazai term\u00e9khez (GDP) viszony\u00edtott ar\u00e1nya 2,7 sz\u00e1zal\u00e9k volt &#8211; mondta a MABISZ eln\u00f6ke.<br \/>\n    Pandurics Anett a k\u00f6vetkez\u0151 \u00e9vekben az \u00e9let- \u00e9s a g\u00e9pj\u00e1rm\u0171-biztos\u00edt\u00e1sok ter\u00e9n egyar\u00e1nt n\u00f6veked\u00e9sre sz\u00e1m\u00edt. A tudatosabb v\u00e1llalati szerz\u0151d\u0151knek k\u00f6sz\u00f6nhet\u0151en v\u00e1rhat\u00f3an n\u0151ni fog a munk\u00e1ltat\u00f3i biztos\u00edt\u00e1sok szerepe is, az egy\u00e9ni szerz\u0151d\u00e9sek k\u00f6z\u00f6tt pedig tov\u00e1bbra is a nyugd\u00edjbiztos\u00edt\u00e1sok jelenthetik a h\u00faz\u00f3\u00e1gazatot.<br \/>\n    Az \u00f6ngondoskod\u00e1s egyre t\u00f6bbekn\u00e9l a mindennapok r\u00e9sze, a 20 sz\u00e1zal\u00e9kos ad\u00f3j\u00f3v\u00e1\u00edr\u00e1s 2014. \u00e9vi bevezet\u00e9se \u00f3ta m\u00e1r t\u00f6bb mint 150 ezren k\u00f6t\u00f6ttek nyugd\u00edjbiztos\u00edt\u00e1st, s egy \u00e1tlagos \u00fcgyf\u00e9l k\u00f6r\u00fclbel\u00fcl \u00e9vi 200 ezer forintot tett f\u00e9lre ebben a konstrukci\u00f3ban. 2016 \u0151sz\u00e9n a MABISZ lakoss\u00e1gi felvil\u00e1gos\u00edt\u00f3 kamp\u00e1nyba kezdett annak \u00e9rdek\u00e9ben, hogy felh\u00edvja a figyelmet a nyugd\u00edjbiztos\u00edt\u00e1sok fontoss\u00e1g\u00e1ra \u00e9s f\u0151bb jellemz\u0151ire.<br \/>\n    Arra a k\u00e9rd\u00e9sre, mennyiben konkurenci\u00e1i az \u00e1llampap\u00edrok a biztos\u00edt\u00e1soknak, az eln\u00f6k kifejtette: a megtakar\u00edt\u00e1si piacon a k\u00fcl\u00f6nb\u00f6z\u0151 megtakar\u00edt\u00e1si form\u00e1k versengenek egym\u00e1ssal, \u00e9s ez j\u00f3l van \u00edgy, hiszen a k\u00fcl\u00f6nb\u00f6z\u0151 term\u00e9kek m\u00e1s-m\u00e1s \u00fcgyf\u00e9lk\u00f6rnek ny\u00fajtanak ide\u00e1lis megold\u00e1st, \u00e9s adott esetben ki is eg\u00e9sz\u00edthetik egym\u00e1st. Felh\u00edvta ugyanakkor a figyelmet arra, hogy a biztos\u00edt\u00e1s az egyetlen szektor, ahol ak\u00e1r \u00e9vtizedekre el\u0151re garant\u00e1lt hozamot lehet kapni a hagyom\u00e1nyos \u00e9letbiztos\u00edt\u00e1sok seg\u00edts\u00e9g\u00e9vel. Hozz\u00e1tette, a k\u00f6nnyen hozz\u00e1f\u00e9rhet\u0151 megtakar\u00edt\u00e1sok h\u00e1tr\u00e1nya, hogy azokb\u00f3l sok esetben nem nyugd\u00edjkieg\u00e9sz\u00edt\u00e9s lesz, hanem az eredetileg elhat\u00e1rozott nyugd\u00edjc\u00e9l helyett egy v\u00e1ratlan kiad\u00e1s fedez\u00e9s\u00e9re vagy \u00e9pp utaz\u00e1sra ford\u00edtj\u00e1k a f\u00e9lretett \u00f6sszeget.<br \/>\n    Pandurics Anett kit\u00e9rt arra is, hogy az eur\u00f3pai biztos\u00edt\u00e1si szakma a szektor \u00e9rdekei mellett az \u00e9sszer\u0171 fogyaszt\u00f3v\u00e9delem\u00e9rt is k\u00fczd. A MABISZ a hazai jogalkot\u00f3 k\u00e9pvisel\u0151ivel \u00e9s a fel\u00fcgyeleti hat\u00f3s\u00e1ggal kar\u00f6ltve hallatta hangj\u00e1t az \u00fagynevezett lakoss\u00e1gi csomagolt befektet\u00e9si \u00e9s biztos\u00edt\u00e1si term\u00e9kek (PRIIPs) fogyaszt\u00f3v\u00e9delmi szab\u00e1lyrendszer\u00e9nek minapi \u00fajragondol\u00e1s\u00e1\u00e9rt.<br \/>\n    A magyar szab\u00e1lyoz\u00e1sb\u00f3l kiemelte az etikus \u00e9letbiztos\u00edt\u00e1s koncepci\u00f3t, amely a jogi szab\u00e1lyoz\u00e1s szigor\u00edt\u00e1s\u00e1val \u00e9s aj\u00e1nl\u00e1sokkal is t\u00f6rekszik az \u00fcgyf\u00e9l-biztos\u00edt\u00f3-k\u00f6zvet\u00edt\u0151 h\u00e1rmas hossz\u00fa t\u00e1v\u00fa szinergi\u00e1it el\u0151t\u00e9rbe helyezni, az eredm\u00e9nye pedig a jobb \u00e1tl\u00e1that\u00f3s\u00e1g, \u00f6sszehasonl\u00edthat\u00f3s\u00e1g, cs\u00f6kken\u0151 k\u00f6lts\u00e9gek \u00e9s nagyobb \u00fcgyf\u00e9l\u00e9rt\u00e9k. &#8222;Olyan el\u0151remutat\u00f3 megold\u00e1sok ker\u00fcltek bevezet\u00e9sre a magyar piacon, hogy nyugodtan \u00e1ll\u00edthatjuk, t\u00f6bb ter\u00fcleten Eur\u00f3pa el\u0151tt j\u00e1runk&#8221; &#8211; jelentette ki.<br \/>\n    A szeptember 20-i Biztos\u00edt\u00e1si vil\u00e1gnap megtart\u00e1s\u00e1t 1993-ban az osztr\u00e1k biztos\u00edt\u00f3k kezdem\u00e9nyezt\u00e9k, hogy felh\u00edvj\u00e1k a figyelmet a biztos\u00edt\u00e1sok fontoss\u00e1g\u00e1ra \u00e9s makrogazdas\u00e1gi szinten is pozit\u00edv, gazdas\u00e1gstabiliz\u00e1l\u00f3 szerep\u00e9re.(MTI)<\/p>\n","protected":false},"excerpt":{"rendered":"<p>A biztos\u00edt\u00e1si szektor szolid, moder\u00e1lt n\u00f6veked\u00e9s\u00e9re sz\u00e1m\u00edt a k\u00f6vetkez\u0151 \u00e9vekben Pandurics Anett, a Magyar Biztos\u00edt\u00f3k Sz\u00f6vets\u00e9g\u00e9nek (MABISZ) eln\u00f6ke, aki szerint az egy szem\u00e9lyre jut\u00f3 biztos\u00edt\u00e1sok sz\u00e1ma \u00e9s az \u00e1tlagos biztos\u00edt\u00e1si k\u00f6lt\u00e9s alapj\u00e1n m\u00e9g van hov\u00e1 el\u0151rel\u00e9pni.<\/p>\n","protected":false},"author":1,"featured_media":0,"comment_status":"open","ping_status":"closed","sticky":false,"template":"","format":"standard","meta":[],"categories":[51,19],"tags":[],"_links":{"self":[{"href":"https:\/\/gazdasagportal.hu\/index.php\/wp-json\/wp\/v2\/posts\/84832"}],"collection":[{"href":"https:\/\/gazdasagportal.hu\/index.php\/wp-json\/wp\/v2\/posts"}],"about":[{"href":"https:\/\/gazdasagportal.hu\/index.php\/wp-json\/wp\/v2\/types\/post"}],"author":[{"embeddable":true,"href":"https:\/\/gazdasagportal.hu\/index.php\/wp-json\/wp\/v2\/users\/1"}],"replies":[{"embeddable":true,"href":"https:\/\/gazdasagportal.hu\/index.php\/wp-json\/wp\/v2\/comments?post=84832"}],"version-history":[{"count":1,"href":"https:\/\/gazdasagportal.hu\/index.php\/wp-json\/wp\/v2\/posts\/84832\/revisions"}],"predecessor-version":[{"id":84833,"href":"https:\/\/gazdasagportal.hu\/index.php\/wp-json\/wp\/v2\/posts\/84832\/revisions\/84833"}],"wp:attachment":[{"href":"https:\/\/gazdasagportal.hu\/index.php\/wp-json\/wp\/v2\/media?parent=84832"}],"wp:term":[{"taxonomy":"category","embeddable":true,"href":"https:\/\/gazdasagportal.hu\/index.php\/wp-json\/wp\/v2\/categories?post=84832"},{"taxonomy":"post_tag","embeddable":true,"href":"https:\/\/gazdasagportal.hu\/index.php\/wp-json\/wp\/v2\/tags?post=84832"}],"curies":[{"name":"wp","href":"https:\/\/api.w.org\/{rel}","templated":true}]}}