{"id":84830,"date":"2016-09-20T06:52:03","date_gmt":"2016-09-20T04:52:03","guid":{"rendered":"http:\/\/gazdasagportal.hu\/?p=84830"},"modified":"2016-09-20T06:52:03","modified_gmt":"2016-09-20T04:52:03","slug":"felkeszulnek-a-bankok-az-alapszamla-bevezetesere-tobbseguk-kedvezobb-csomagokat-kinal","status":"publish","type":"post","link":"https:\/\/gazdasagportal.hu\/index.php\/felkeszulnek-a-bankok-az-alapszamla-bevezetesere-tobbseguk-kedvezobb-csomagokat-kinal\/","title":{"rendered":"Felk\u00e9sz\u00fclnek a bankok az alapsz\u00e1mla bevezet\u00e9s\u00e9re, t\u00f6bbs\u00e9g\u00fck kedvez\u0151bb csomagokat k\u00edn\u00e1l"},"content":{"rendered":"<p><strong>A bankok az okt\u00f3ber 15-i hat\u00e1rid\u0151ig felk\u00e9sz\u00fclnek az alapsz\u00e1mla bevezet\u00e9s\u00e9re, azonban t\u00f6bbs\u00e9g\u00fck egyel\u0151re nem tapasztalt \u00e9rdekl\u0151d\u00e9st, mert t\u00e1j\u00e9koztat\u00e1suk szerint kedvez\u0151bb konstrukci\u00f3k is el\u00e9rhet\u0151k term\u00e9keik k\u00f6z\u00f6tt &#8211; der\u00fclt ki az MTI-nek nyilatkoz\u00f3 p\u00e9nzint\u00e9zetek v\u00e1laszaib\u00f3l.<\/strong><!--more--><\/p>\n<div class=\"ads-in-post1\"><div id=\"gazdasagportal.hu_fullbanner_wideboard\"><\/div>\r\n<\/div>\n<p>    Az OTP arr\u00f3l t\u00e1j\u00e9koztatott, hogy mivel minden \u00fcgyf\u00e9lszegmens sz\u00e1m\u00e1ra van kedvez\u0151bb aj\u00e1nlata a banknak, nem \u00e9rdekl\u0151dnek az alapsz\u00e1ml\u00e1r\u00f3l. R\u00e1mutattak: Magyarorsz\u00e1gon eddig sem volt jellemz\u0151, hogy adott t\u00e1rsadalmi csoportokat kiz\u00e1rtak volna a banki szolg\u00e1ltat\u00e1sokb\u00f3l, s\u0151t a bank szerint ink\u00e1bb elmondhat\u00f3, hogy m\u00e9g a legh\u00e1tr\u00e1nyosabb helyzetben l\u00e9v\u0151knek, k\u00f6z\u00f6tt\u00fck a hontalanoknak is biztos\u00edtottak hozz\u00e1f\u00e9r\u00e9st a szolg\u00e1ltat\u00e1sokhoz m\u00e9rs\u00e9kelt d\u00edjak vagy adott esetben d\u00edjmentess\u00e9g mellett.     Hozz\u00e1tett\u00e9k, a banksz\u00f6vets\u00e9gi \u00f6nszab\u00e1lyoz\u00e1shoz csatlakoz\u00f3 bankoknak eddig is &#8222;kv\u00e1zi k\u00f6telez\u0151&#8221; volt ilyen sz\u00e1mla biztos\u00edt\u00e1sa, a f\u0151 k\u00fcl\u00f6nbs\u00e9g, hogy ezt k\u00f6vet\u0151en nem a bankok szabad d\u00f6nt\u00e9se a csatlakoz\u00e1s, illetve hogy konkr\u00e9t tranzakci\u00f3s limiteket \u00e1llap\u00edtottak meg.<br \/>\n    Az MKB is azt v\u00e1laszolta, hogy a banksz\u00f6vets\u00e9gi aj\u00e1nl\u00e1s alapj\u00e1n jelenleg is ny\u00fajtanak alapsz\u00e1ml\u00e1t, amely ir\u00e1nt nincs \u00e9rdekl\u0151d\u00e9s. A bank szerint ennek oka, hogy alapsz\u00e1ml\u00e1ban foglalt szolg\u00e1ltat\u00e1sok nem t\u00fckr\u00f6znek t\u00e9nyleges \u00fcgyf\u00e9lprofilt. Hozz\u00e1tett\u00e9k, a vegyes (pap\u00edralap\u00fa \u00e9s innovat\u00edv sz\u00e1mlavezet\u00e9s jellemz\u0151it is mutat\u00f3) szolg\u00e1ltat\u00e1sok relat\u00edve magas csomagd\u00edjat eredm\u00e9nyeznek, a val\u00f3s \u00fcgyf\u00e9lig\u00e9nyeket enn\u00e9l kedvez\u0151bb \u00e1raz\u00e1ssal is ki tudj\u00e1k szolg\u00e1lni.     A CIB Bank v\u00e1lasza szerint az alapsz\u00e1ml\u00e1hoz tartoz\u00f3, jogszab\u00e1lyban el\u0151\u00edrt szolg\u00e1ltat\u00e1sokat az \u00f6sszes \u00e9rt\u00e9kes\u00edtett lakoss\u00e1gi banksz\u00e1ml\u00e1juk tartalmazza, bizonyos felt\u00e9tel vagy felt\u00e9telek teljes\u00edt\u00e9se eset\u00e9n egyes banksz\u00e1ml\u00e1ikat az \u00fcgyfelek kedvez\u0151bb kond\u00edci\u00f3kkal vehetik ig\u00e9nybe, mint az alapsz\u00e1ml\u00e1t. Emiatt, illetve az alapsz\u00e1mla ig\u00e9nybev\u00e9tel\u00e9hez kapcsol\u00f3d\u00f3 szigor\u00fa felt\u00e9telek miatt nem sz\u00e1m\u00edtanak jelent\u0151s \u00e9rdekl\u0151d\u00e9sre.     A Raiffeisen arr\u00f3l sz\u00e1molt be, hogy minden sz\u00e1mlacsomagjukban ny\u00fajtj\u00e1k azokat a szolg\u00e1ltat\u00e1sokat, amelyeket az alapsz\u00e1mla k\u00edn\u00e1lni fog. Az \u00fcgyf\u00e9l banksz\u00e1ml\u00e1ra \u00e9rkez\u0151 j\u00f6vedelm\u00e9nek \u00f6sszeg\u00e9t\u0151l, illetve az \u00fcgyf\u00e9l tranzakci\u00f3s szok\u00e1sait\u00f3l f\u00fcgg\u0151en ugyanakkor vannak a bank k\u00edn\u00e1lat\u00e1ban kedvez\u0151bb sz\u00e1mlacsomagok is &#8211; jegyzet\u00e9k meg.     Az UniCredit v\u00e1lasza szerint term\u00e9kk\u00edn\u00e1lat\u00e1ban m\u00e1r most is tal\u00e1lhat\u00f3 olyan banksz\u00e1mla, amelyet hasonl\u00f3 \u00fcgyf\u00e9lig\u00e9nyekre v\u00e1laszol, ennek d\u00edja az \u00fcgyf\u00e9l p\u00e9nz\u00fcgyi aktivit\u00e1s\u00e1t\u00f3l f\u00fcgg.     A Budapest Bank k\u00f6z\u00f6lte: azon \u00fcgyfeleik sz\u00e1m\u00e1ra, akik az alapsz\u00e1ml\u00e1ban foglalt ingyenes tranzakci\u00f3k kihaszn\u00e1l\u00e1s\u00e1hoz sz\u00fcks\u00e9ges j\u00f3v\u00e1\u00edr\u00e1st havonta tudj\u00e1k teljes\u00edteni, jelenleg is k\u00edn\u00e1l a bank havid\u00edjmentes konstrukci\u00f3inkat, kedvez\u0151 tranzakci\u00f3s d\u00edjakkal.     Az Erste Bank sem sz\u00e1m\u00edt jelent\u0151s \u00e9rdekl\u0151d\u00e9sre okt\u00f3ber 15-e el\u0151tt az alapsz\u00e1mla ir\u00e1nt. A Takar\u00e9kbank azt emelte ki, hogy a kapcsol\u00f3d\u00f3 korm\u00e1nyrendelet \u00e9rtelmez\u00e9se m\u00e9g zajlik a banksz\u00f6vets\u00e9g kezdem\u00e9nyez\u00e9s\u00e9vel.     A K&#038;H Bank szerint az alapsz\u00e1mla \u00f6sszess\u00e9g\u00e9ben bonyolultabb, mint az egy\u00e9b, a bankn\u00e1l el\u00e9rhet\u0151 sz\u00e1mlacsomagok, \u00e9s olyan elemeket tartalmaz, amire nincs mindenkinek sz\u00fcks\u00e9ge, ak\u00e1r felesleges lehet.     A hitelint\u00e9zeteknek okt\u00f3ber k\u00f6zep\u00e9t\u0151l kell biztos\u00edtaniuk a korm\u00e1ny \u00e1ltal most meghat\u00e1rozott felt\u00e9telekkel az \u00fagynevezett alapsz\u00e1ml\u00e1t, amelynek c\u00e9lja, hogy olyanok is nyissanak banksz\u00e1ml\u00e1t, akik szer\u00e9nyebb anyagi lehet\u0151s\u00e9geik miatt nem tett\u00e9k meg ezt. M\u00f3dosulnak a fizet\u00e9si sz\u00e1mla v\u00e1lt\u00e1s\u00e1nak felt\u00e9telei is. A rendeletben foglalt maxim\u00e1lis d\u00edj havi \u00f6sszege &#8211; bele\u00e9rtve a bankk\u00e1rtya \u00e9ves d\u00edj\u00e1nak egy h\u00f3napra es\u0151 d\u00edj\u00e1t is &#8211; nem haladhatja meg az esed\u00e9kess\u00e9g\u00e9t megel\u0151z\u0151 \u00e9v utols\u00f3 napj\u00e1n \u00e9rv\u00e9nyes legkisebb havi brutt\u00f3 minim\u00e1lb\u00e9r 1,5 sz\u00e1zal\u00e9k\u00e1t, ez jelenleg 1575 forint.(MTI)<\/p>\n","protected":false},"excerpt":{"rendered":"<p>A bankok az okt\u00f3ber 15-i hat\u00e1rid\u0151ig felk\u00e9sz\u00fclnek az alapsz\u00e1mla bevezet\u00e9s\u00e9re, azonban t\u00f6bbs\u00e9g\u00fck egyel\u0151re nem tapasztalt \u00e9rdekl\u0151d\u00e9st, mert t\u00e1j\u00e9koztat\u00e1suk szerint kedvez\u0151bb konstrukci\u00f3k is el\u00e9rhet\u0151k term\u00e9keik k\u00f6z\u00f6tt &#8211; der\u00fclt ki az MTI-nek nyilatkoz\u00f3 p\u00e9nzint\u00e9zetek v\u00e1laszaib\u00f3l.<\/p>\n","protected":false},"author":1,"featured_media":0,"comment_status":"open","ping_status":"closed","sticky":false,"template":"","format":"standard","meta":[],"categories":[19],"tags":[],"_links":{"self":[{"href":"https:\/\/gazdasagportal.hu\/index.php\/wp-json\/wp\/v2\/posts\/84830"}],"collection":[{"href":"https:\/\/gazdasagportal.hu\/index.php\/wp-json\/wp\/v2\/posts"}],"about":[{"href":"https:\/\/gazdasagportal.hu\/index.php\/wp-json\/wp\/v2\/types\/post"}],"author":[{"embeddable":true,"href":"https:\/\/gazdasagportal.hu\/index.php\/wp-json\/wp\/v2\/users\/1"}],"replies":[{"embeddable":true,"href":"https:\/\/gazdasagportal.hu\/index.php\/wp-json\/wp\/v2\/comments?post=84830"}],"version-history":[{"count":1,"href":"https:\/\/gazdasagportal.hu\/index.php\/wp-json\/wp\/v2\/posts\/84830\/revisions"}],"predecessor-version":[{"id":84831,"href":"https:\/\/gazdasagportal.hu\/index.php\/wp-json\/wp\/v2\/posts\/84830\/revisions\/84831"}],"wp:attachment":[{"href":"https:\/\/gazdasagportal.hu\/index.php\/wp-json\/wp\/v2\/media?parent=84830"}],"wp:term":[{"taxonomy":"category","embeddable":true,"href":"https:\/\/gazdasagportal.hu\/index.php\/wp-json\/wp\/v2\/categories?post=84830"},{"taxonomy":"post_tag","embeddable":true,"href":"https:\/\/gazdasagportal.hu\/index.php\/wp-json\/wp\/v2\/tags?post=84830"}],"curies":[{"name":"wp","href":"https:\/\/api.w.org\/{rel}","templated":true}]}}