{"id":84828,"date":"2016-09-20T04:44:06","date_gmt":"2016-09-20T02:44:06","guid":{"rendered":"http:\/\/gazdasagportal.hu\/?p=84828"},"modified":"2016-09-19T21:50:16","modified_gmt":"2016-09-19T19:50:16","slug":"orban-fenyegeti-a-magyarok-szabadsagat","status":"publish","type":"post","link":"https:\/\/gazdasagportal.hu\/index.php\/orban-fenyegeti-a-magyarok-szabadsagat\/","title":{"rendered":"Orb\u00e1n fenyegeti a magyarok szabads\u00e1g\u00e1t"},"content":{"rendered":"<p><strong>A Demokratikus Koal\u00edci\u00f3 eln\u00f6ke szerint a magyarok szabads\u00e1g\u00e1t nem az eur\u00f3pai egy\u00fcttm\u0171k\u00f6d\u00e9s, hanem Orb\u00e1n Viktor fenyegeti, aki mindent megtesz annak \u00e9rdek\u00e9ben, hogy Magyarorsz\u00e1g orosz \u00e9rdekszf\u00e9r\u00e1ba ker\u00fclj\u00f6n.<\/strong><!--more--><\/p>\n<div class=\"ads-in-post1\"><div id=\"gazdasagportal.hu_fullbanner_wideboard\"><\/div>\r\n<\/div>\n<p>    Az okt\u00f3ber 2-ai n\u00e9pszavaz\u00e1son a t\u00e1volmarad\u00e1s mellett kamp\u00e1nyol\u00f3 Gyurcs\u00e1ny Ferenc a p\u00e9csi Ap\u00e1czai Csere J\u00e1nos Nevel\u00e9si K\u00f6zpontban tartott lakoss\u00e1gi f\u00f3rumon \u00fagy fogalmazott: &#8222;mi egy norm\u00e1lis eur\u00f3pai l\u00e9tez\u00e9st szeretn\u00e9nk meg\u00e9lni az \u00e9let\u00fcnkben, (.) ez\u00e9rt nagyon nem mindegy milyen kimenetele lesz a v\u00e1laszt\u00e1snak&#8221;.<br \/>\n    &#8222;Nem gondolom, hogy a minisztereln\u00f6k nem l\u00e1tja, milyen intenz\u00edven dolgozik Oroszorsz\u00e1g Eur\u00f3pa destabiliz\u00e1l\u00e1s\u00e1n&#8221; &#8211; v\u00e9lekedett Gyurcs\u00e1ny Ferenc, aki megism\u00e9telte a Magyar Narancs hetilap legut\u00f3bbi sz\u00e1m\u00e1ban megjelent kijelent\u00e9s\u00e9t, amely szerint &#8222;jelenleg Magyarorsz\u00e1gon legal\u00e1bb 600-800 orosz sz\u00f6vets\u00e9gi \u00fcgyn\u00f6k m\u0171k\u00f6dik&#8221;. Orb\u00e1n Viktor &#8222;mindent megtesz annak \u00e9rdek\u00e9ben, hogy min\u00e9l szorosabbra f\u0171zze a k\u00e9t orsz\u00e1g kapcsolatait&#8221; &#8211; jelentette ki.<br \/>\n    Az ellenz\u00e9ki politikus szerint a kv\u00f3tan\u00e9pszavaz\u00e1s siker\u00e9t Orb\u00e1n Viktor az Eur\u00f3pa-ellenes fell\u00e9p\u00e9se t\u00e1mogat\u00e1sak\u00e9nt \u00e9rt\u00e9keln\u00e9, \u00e9s \u00fagy, hogy &#8222;\u00e1ld\u00e1sunkat adjuk mindarra, amit az elm\u00falt hat \u00e9vben csin\u00e1lt&#8221;.<br \/>\n    Gyurcs\u00e1ny Ferenc azt is megism\u00e9telte, hogy a referendum \u00e9rv\u00e9nyess\u00e9ge alapot adhat ahhoz, hogy a j\u00f6v\u0151 \u00e9v elej\u00e9n el\u0151rehozott parlamenti v\u00e1laszt\u00e1sokat tartsanak a Fidesz k\u00e9tharmados t\u00f6bbs\u00e9g\u00e9nek visszaszerz\u00e9s\u00e9re. Szerinte ugyanis 2018-ban ak\u00e1r az egyszer\u0171 t\u00f6bbs\u00e9ge is vesz\u00e9lybe ker\u00fclhet a Fidesznek, ez\u00e9rt a minisztereln\u00f6k &#8222;el\u0151re menek\u00fcl&#8221;.<br \/>\n    Gyurcs\u00e1ny Ferenc az esem\u00e9nyen azt \u00e1ll\u00edtotta, a Fidesz p\u00e9nzt aj\u00e1nlott az\u00e9rt, hogy a DK az igen mellett kamp\u00e1nyoljon, majd kijelentette: &#8222;j\u00fad\u00e1sp\u00e9nzt nem fogadunk el&#8221;.<br \/>\n    &#8222;Rosszul teszik azok, akik t\u00e1volmarad\u00e1s helyett igennel szavaznak a referendumon&#8221; &#8211; hangoztatta, majd arr\u00f3l besz\u00e9lt, hogy becsl\u00e9se szerint 3-3,5 milli\u00f3n\u00e1l nincs t\u00f6bb szavaz\u00f3ja a n\u00e9pszavaz\u00e1snak, ami a korm\u00e1nyp\u00e1rtoknak kev\u00e9s.<br \/>\n    A p\u00e1rteln\u00f6k azt mondta: a min\u00e9l nagyobb mozg\u00f3s\u00edt\u00e1s \u00e9rdek\u00e9ben a Fidesz saj\u00e1t polg\u00e1rmestereire is nyom\u00e1st gyakorol, hogy biztos\u00edts\u00e1k telep\u00fcl\u00e9s\u00fck\u00f6n az \u00f6tven sz\u00e1zal\u00e9k feletti r\u00e9szv\u00e9teli ar\u00e1nyt.<br \/>\n    Gyurcs\u00e1ny Ferenc becsl\u00e9se szerint a DK t\u00e1mogat\u00f3inak 80 sz\u00e1zal\u00e9ka otthon marad, m\u00edg a fideszesek 70 sz\u00e1zal\u00e9ka, a Jobbik t\u00e1mogat\u00f3inak &#8222;alig fele&#8221; vesz majd r\u00e9szt a kv\u00f3tan\u00e9pszavaz\u00e1son.<br \/>\n    &#8222;2006 \u00f3ta el\u0151sz\u00f6r mutathatjuk meg, hogy a minisztereln\u00f6k nem csalhatatlan&#8221; &#8211; hangoztatta a politikus, aki szerint j\u00f3 es\u00e9ly van arra, hogy a t\u00e1volmarad\u00f3k sz\u00e1ma nagyobb lesz, mint a nemmel szavaz\u00f3k\u00e9.<br \/>\n    Gyurcs\u00e1ny Ferenc egy\u00fattal hitv\u00e1ny, embertelen magatart\u00e1snak nevezte, hogy m\u00edg leteleped\u00e9si k\u00f6tv\u00e9nnyel t\u00f6bb mint 16 ezer embert engedtek be az orsz\u00e1gba, addig a &#8222;Drezd\u00e1hoz hasonl\u00f3an sz\u00e9tbomb\u00e1zott Alepp\u00f3b\u00f3l&#8221; \u00e9rkez\u0151, \u00e9let\u00fcket f\u00e9lt\u0151 menek\u00fcltek el\u0151tt becsukj\u00e1k az ajt\u00f3t. K\u00f6z\u00f6lte: Eur\u00f3pa &#8222;legink\u00e1bb kereszt\u00e9nyietlen&#8221; politikus\u00e1nak Orb\u00e1n Viktort tartja.<br \/>\n    A DK eln\u00f6ke arra biztatta hallgat\u00f3s\u00e1g\u00e1t, hogy a szavaz\u00e1st\u00f3l val\u00f3 t\u00e1volmarad\u00e1ssal hagyjanak olyan nyomot az orsz\u00e1gon, amely &#8222;el\u0151re visz&#8221;.(MTI)<\/p>\n","protected":false},"excerpt":{"rendered":"<p>A Demokratikus Koal\u00edci\u00f3 eln\u00f6ke szerint a magyarok szabads\u00e1g\u00e1t nem az eur\u00f3pai egy\u00fcttm\u0171k\u00f6d\u00e9s, hanem Orb\u00e1n Viktor fenyegeti, aki mindent megtesz annak \u00e9rdek\u00e9ben, hogy Magyarorsz\u00e1g orosz \u00e9rdekszf\u00e9r\u00e1ba ker\u00fclj\u00f6n.<\/p>\n","protected":false},"author":1,"featured_media":0,"comment_status":"open","ping_status":"closed","sticky":false,"template":"","format":"standard","meta":[],"categories":[4],"tags":[],"_links":{"self":[{"href":"https:\/\/gazdasagportal.hu\/index.php\/wp-json\/wp\/v2\/posts\/84828"}],"collection":[{"href":"https:\/\/gazdasagportal.hu\/index.php\/wp-json\/wp\/v2\/posts"}],"about":[{"href":"https:\/\/gazdasagportal.hu\/index.php\/wp-json\/wp\/v2\/types\/post"}],"author":[{"embeddable":true,"href":"https:\/\/gazdasagportal.hu\/index.php\/wp-json\/wp\/v2\/users\/1"}],"replies":[{"embeddable":true,"href":"https:\/\/gazdasagportal.hu\/index.php\/wp-json\/wp\/v2\/comments?post=84828"}],"version-history":[{"count":1,"href":"https:\/\/gazdasagportal.hu\/index.php\/wp-json\/wp\/v2\/posts\/84828\/revisions"}],"predecessor-version":[{"id":84829,"href":"https:\/\/gazdasagportal.hu\/index.php\/wp-json\/wp\/v2\/posts\/84828\/revisions\/84829"}],"wp:attachment":[{"href":"https:\/\/gazdasagportal.hu\/index.php\/wp-json\/wp\/v2\/media?parent=84828"}],"wp:term":[{"taxonomy":"category","embeddable":true,"href":"https:\/\/gazdasagportal.hu\/index.php\/wp-json\/wp\/v2\/categories?post=84828"},{"taxonomy":"post_tag","embeddable":true,"href":"https:\/\/gazdasagportal.hu\/index.php\/wp-json\/wp\/v2\/tags?post=84828"}],"curies":[{"name":"wp","href":"https:\/\/api.w.org\/{rel}","templated":true}]}}