{"id":84817,"date":"2016-09-19T14:35:52","date_gmt":"2016-09-19T12:35:52","guid":{"rendered":"http:\/\/gazdasagportal.hu\/?p=84817"},"modified":"2016-09-19T14:35:52","modified_gmt":"2016-09-19T12:35:52","slug":"merkel-nemetorszag-nem-volt-felkeszulve-a-menekultaradatra","status":"publish","type":"post","link":"https:\/\/gazdasagportal.hu\/index.php\/merkel-nemetorszag-nem-volt-felkeszulve-a-menekultaradatra\/","title":{"rendered":"Merkel: N\u00e9metorsz\u00e1g nem volt felk\u00e9sz\u00fclve a menek\u00fclt\u00e1radatra"},"content":{"rendered":"<p><strong>Legsz\u00edvesebben &#8222;visszaforgatn\u00e1m az id\u0151 kerek\u00e9t&#8221;, mert N\u00e9metorsz\u00e1got felk\u00e9sz\u00fcletlen\u00fcl \u00e9rte a menek\u00fcltv\u00e1ls\u00e1g &#8211; mondta Angela Merkel n\u00e9met kancell\u00e1r, a Kereszt\u00e9nydemokrata Uni\u00f3 (CDU) eln\u00f6ke h\u00e9tf\u0151n Berlinben.<\/strong><!--more--><\/p>\n<div class=\"ads-in-post1\"><div id=\"gazdasagportal.hu_fullbanner_wideboard\"><\/div>\r\n<\/div>\n<p>    A politikus a vas\u00e1rnapi berlini tartom\u00e1nyi v\u00e1laszt\u00e1s eredm\u00e9nyeit \u00e9rt\u00e9kel\u0151 t\u00e1j\u00e9koztat\u00f3n hangs\u00falyozta: p\u00e1rteln\u00f6kk\u00e9nt \u00e9s kancell\u00e1rk\u00e9nt v\u00e1llalja a felel\u0151ss\u00e9get a CDU kudarc\u00e1\u00e9rt.<br \/>\n    Elmondta: nemigen akarja t\u00f6bb\u00e9 megism\u00e9telni, hogy &#8222;siker\u00fclni fog, megoldjuk&#8221; (wir schaffen das), mert ez a kijelent\u00e9s tartalom n\u00e9lk\u00fcli, &#8222;\u00fcres sz\u00f3lamm\u00e1&#8221; v\u00e1lt, \u00e9s &#8222;sokakat s\u00e9rt&#8221;.<br \/>\n    Kiemelte: N\u00e9metorsz\u00e1g &#8222;nem az integr\u00e1ci\u00f3 vil\u00e1gbajnoka&#8221;, \u00e9s ha a lakoss\u00e1gnak a menek\u00fcltpolitik\u00e1ban ir\u00e1nyv\u00e1lt\u00e1st s\u00fcrget\u0151 82 sz\u00e1zal\u00e9ka azt akarja, hogy ne ism\u00e9tl\u0151dj\u00e9k meg a mened\u00e9kk\u00e9r\u0151k tavalyi t\u00f6meges, ellen\u0151rizetlen be\u00e1raml\u00e1sa, akkor teljes az egyet\u00e9rt\u00e9s, mert &#8222;\u00e9ppen ez\u00e9rt harcolok \u00e9n is&#8221;.(MTI)<\/p>\n","protected":false},"excerpt":{"rendered":"<p>Legsz\u00edvesebben &#8222;visszaforgatn\u00e1m az id\u0151 kerek\u00e9t&#8221;, mert N\u00e9metorsz\u00e1got felk\u00e9sz\u00fcletlen\u00fcl \u00e9rte a menek\u00fcltv\u00e1ls\u00e1g &#8211; mondta Angela Merkel n\u00e9met kancell\u00e1r, a Kereszt\u00e9nydemokrata Uni\u00f3 (CDU) eln\u00f6ke h\u00e9tf\u0151n Berlinben.<\/p>\n","protected":false},"author":1,"featured_media":0,"comment_status":"open","ping_status":"closed","sticky":false,"template":"","format":"standard","meta":[],"categories":[12],"tags":[],"_links":{"self":[{"href":"https:\/\/gazdasagportal.hu\/index.php\/wp-json\/wp\/v2\/posts\/84817"}],"collection":[{"href":"https:\/\/gazdasagportal.hu\/index.php\/wp-json\/wp\/v2\/posts"}],"about":[{"href":"https:\/\/gazdasagportal.hu\/index.php\/wp-json\/wp\/v2\/types\/post"}],"author":[{"embeddable":true,"href":"https:\/\/gazdasagportal.hu\/index.php\/wp-json\/wp\/v2\/users\/1"}],"replies":[{"embeddable":true,"href":"https:\/\/gazdasagportal.hu\/index.php\/wp-json\/wp\/v2\/comments?post=84817"}],"version-history":[{"count":1,"href":"https:\/\/gazdasagportal.hu\/index.php\/wp-json\/wp\/v2\/posts\/84817\/revisions"}],"predecessor-version":[{"id":84818,"href":"https:\/\/gazdasagportal.hu\/index.php\/wp-json\/wp\/v2\/posts\/84817\/revisions\/84818"}],"wp:attachment":[{"href":"https:\/\/gazdasagportal.hu\/index.php\/wp-json\/wp\/v2\/media?parent=84817"}],"wp:term":[{"taxonomy":"category","embeddable":true,"href":"https:\/\/gazdasagportal.hu\/index.php\/wp-json\/wp\/v2\/categories?post=84817"},{"taxonomy":"post_tag","embeddable":true,"href":"https:\/\/gazdasagportal.hu\/index.php\/wp-json\/wp\/v2\/tags?post=84817"}],"curies":[{"name":"wp","href":"https:\/\/api.w.org\/{rel}","templated":true}]}}