{"id":84815,"date":"2016-09-19T13:48:51","date_gmt":"2016-09-19T11:48:51","guid":{"rendered":"http:\/\/gazdasagportal.hu\/?p=84815"},"modified":"2016-09-19T13:48:51","modified_gmt":"2016-09-19T11:48:51","slug":"erdogan-a-terrorizmus-elleni-harcrol-es-a-puccskiserletrol-fog-beszelni-az-ensz-ben","status":"publish","type":"post","link":"https:\/\/gazdasagportal.hu\/index.php\/erdogan-a-terrorizmus-elleni-harcrol-es-a-puccskiserletrol-fog-beszelni-az-ensz-ben\/","title":{"rendered":"Erdogan a terrorizmus elleni harcr\u00f3l \u00e9s a puccsk\u00eds\u00e9rletr\u0151l fog besz\u00e9lni az ENSZ-ben"},"content":{"rendered":"<p><strong>Az ENSZ K\u00f6zgy\u0171l\u00e9s\u00e9nek New York-i \u00fcl\u00e9sszak\u00e1n r\u00e9szt vev\u0151 t\u00f6r\u00f6k k\u00fcld\u00f6tts\u00e9g a sz\u00edriai \u00e9s az iraki v\u00e1ls\u00e1g, a terrorizmus elleni a harc, valamint a j\u00faliusi puccsk\u00eds\u00e9rlet t\u00e9m\u00e1it veti fel majd &#8211; jelentette be Recep Tayyip Erdogan t\u00f6r\u00f6k eln\u00f6k h\u00e9tf\u0151n az isztambuli Atat\u00fcrk rep\u00fcl\u0151t\u00e9ren, miel\u0151tt maga is elutazott a rendezv\u00e9nyre.<\/strong><!--more--><\/p>\n<div class=\"ads-in-post1\"><div id=\"gazdasagportal.hu_fullbanner_wideboard\"><\/div>\r\n<\/div>\n<p>    Az \u00e1llamf\u0151 besz\u00e9d\u00e9ben jelezte, hogy a T\u00f6r\u00f6korsz\u00e1g \u00e1ltal t\u00e1mogatott Szabad Sz\u00edriai Hadsereg (SZSZH) ellenz\u00e9ki erny\u0151szervezet az Eufr\u00e1teszi Pajzs fed\u0151nev\u0171 hadm\u0171velet keret\u00e9ben megtiszt\u00edtotta \u00c9szak-Sz\u00edria hat\u00e1r menti ter\u00fcleteit az Iszl\u00e1m \u00c1llam (I\u00c1) terrorist\u00e1it\u00f3l, amit k\u00f6vet\u0151en d\u00e9li ir\u00e1nyba, B\u00e1b v\u00e1ros fel\u00e9 nyomul tov\u00e1bb.<br \/>\n    Abdulkadir Selvi, a H\u00fcrriyet c\u00edm\u0171 t\u00f6r\u00f6k napilap publicist\u00e1ja h\u00e9tf\u0151i \u00edr\u00e1s\u00e1ban arra vil\u00e1g\u00edtott r\u00e1, hogy Erdogan New Yorkban \u00faj javaslatokkal \u00e1ll el\u0151 az I\u00c1 elleni k\u00fczdelemre \u00e9s a menek\u00fclt\u00fcgyi v\u00e1ls\u00e1gra vonatkoz\u00f3an. Mint fogalmazott: T\u00f6r\u00f6korsz\u00e1g a sz\u00edriai hadm\u0171veletnek k\u00f6sz\u00f6nhet\u0151en tiszt\u00e1zta mag\u00e1t a v\u00e1d al\u00f3l, hogy t\u00e1mogatja az I\u00c1-t.<br \/>\n    Ankara a j\u00falius 15-i puccsk\u00eds\u00e9rlet\u00e9rt a Pennsylvani\u00e1ban \u00e9l\u0151 Fethullah G\u00fclen muzulm\u00e1n hitsz\u00f3nokot \u00e9s az \u00e1ltala ki\u00e9p\u00edtett h\u00e1l\u00f3zatot teszi felel\u0151ss\u00e9. T\u00f6r\u00f6korsz\u00e1g G\u00fclen letart\u00f3ztat\u00e1s\u00e1t k\u00e9rte az amerikai hat\u00f3s\u00e1gokt\u00f3l, mert att\u00f3l tart, hogy a f\u00e9rfi k\u00fclf\u00f6ldre sz\u00f6kik. A t\u00f6r\u00f6k vezet\u00e9s G\u00fclen kiadat\u00e1s\u00e1t is k\u00e9rte Washingtont\u00f3l.<br \/>\n    Selvi \u00fagy tudja, hogy Bekir Bozdag igazs\u00e1g\u00fcgyi miniszter a kor\u00e1bban Washingtonba k\u00fcld\u00f6tt bizony\u00edt\u00e9kok mellett \u00fajabb dokumentumokat visz mag\u00e1val.(MTI)<\/p>\n","protected":false},"excerpt":{"rendered":"<p>Az ENSZ K\u00f6zgy\u0171l\u00e9s\u00e9nek New York-i \u00fcl\u00e9sszak\u00e1n r\u00e9szt vev\u0151 t\u00f6r\u00f6k k\u00fcld\u00f6tts\u00e9g a sz\u00edriai \u00e9s az iraki v\u00e1ls\u00e1g, a terrorizmus elleni a harc, valamint a j\u00faliusi puccsk\u00eds\u00e9rlet t\u00e9m\u00e1it veti fel majd &#8211; jelentette be Recep Tayyip Erdogan t\u00f6r\u00f6k eln\u00f6k h\u00e9tf\u0151n az isztambuli Atat\u00fcrk rep\u00fcl\u0151t\u00e9ren, miel\u0151tt maga is elutazott a rendezv\u00e9nyre.<\/p>\n","protected":false},"author":1,"featured_media":0,"comment_status":"open","ping_status":"closed","sticky":false,"template":"","format":"standard","meta":[],"categories":[12],"tags":[],"_links":{"self":[{"href":"https:\/\/gazdasagportal.hu\/index.php\/wp-json\/wp\/v2\/posts\/84815"}],"collection":[{"href":"https:\/\/gazdasagportal.hu\/index.php\/wp-json\/wp\/v2\/posts"}],"about":[{"href":"https:\/\/gazdasagportal.hu\/index.php\/wp-json\/wp\/v2\/types\/post"}],"author":[{"embeddable":true,"href":"https:\/\/gazdasagportal.hu\/index.php\/wp-json\/wp\/v2\/users\/1"}],"replies":[{"embeddable":true,"href":"https:\/\/gazdasagportal.hu\/index.php\/wp-json\/wp\/v2\/comments?post=84815"}],"version-history":[{"count":1,"href":"https:\/\/gazdasagportal.hu\/index.php\/wp-json\/wp\/v2\/posts\/84815\/revisions"}],"predecessor-version":[{"id":84816,"href":"https:\/\/gazdasagportal.hu\/index.php\/wp-json\/wp\/v2\/posts\/84815\/revisions\/84816"}],"wp:attachment":[{"href":"https:\/\/gazdasagportal.hu\/index.php\/wp-json\/wp\/v2\/media?parent=84815"}],"wp:term":[{"taxonomy":"category","embeddable":true,"href":"https:\/\/gazdasagportal.hu\/index.php\/wp-json\/wp\/v2\/categories?post=84815"},{"taxonomy":"post_tag","embeddable":true,"href":"https:\/\/gazdasagportal.hu\/index.php\/wp-json\/wp\/v2\/tags?post=84815"}],"curies":[{"name":"wp","href":"https:\/\/api.w.org\/{rel}","templated":true}]}}