{"id":84809,"date":"2016-09-19T11:24:49","date_gmt":"2016-09-19T09:24:49","guid":{"rendered":"http:\/\/gazdasagportal.hu\/?p=84809"},"modified":"2016-09-19T11:24:49","modified_gmt":"2016-09-19T09:24:49","slug":"szakerto-a-deli-orszagokbol-uj-csoport-formalodik-az-eu-n-belul","status":"publish","type":"post","link":"https:\/\/gazdasagportal.hu\/index.php\/szakerto-a-deli-orszagokbol-uj-csoport-formalodik-az-eu-n-belul\/","title":{"rendered":"Szak\u00e9rt\u0151: a d\u00e9li orsz\u00e1gokb\u00f3l \u00faj csoport form\u00e1l\u00f3dik az EU-n bel\u00fcl"},"content":{"rendered":"<p><strong>Egy \u00faj koal\u00edci\u00f3 form\u00e1l\u00f3dik az uni\u00f3n bel\u00fcl a d\u00e9li orsz\u00e1gokb\u00f3l a visegr\u00e1di n\u00e9gyekhez hasonl\u00f3an, a h\u00e9t d\u00e9li \u00e1llam egyel\u0151re az uni\u00f3 gazdas\u00e1gi modellje ellen fogott \u00f6ssze &#8211; mondta Koller Bogl\u00e1rka, a Nemzeti K\u00f6zszolg\u00e1lati Egyetem Nemzetk\u00f6zi \u00e9s Eur\u00f3pai Tanulm\u00e1nyok Kar\u00e1nak d\u00e9k\u00e1nja az M1 aktu\u00e1lis csatorna h\u00e9tf\u0151i m\u0171sor\u00e1ban.<\/strong><!--more--><\/p>\n<div class=\"ads-in-post1\"><div id=\"gazdasagportal.hu_fullbanner_wideboard\"><\/div>\r\n<\/div>\n<p>    A Franciaorsz\u00e1gb\u00f3l, Olaszorsz\u00e1gb\u00f3l, Spanyolorsz\u00e1gb\u00f3l, G\u00f6r\u00f6gorsz\u00e1gb\u00f3l, M\u00e1lt\u00e1b\u00f3l, Portug\u00e1li\u00e1b\u00f3l \u00e9s Ciprusb\u00f3l \u00e1ll\u00f3 \u00faj \u00e9rdekcsoport szeptember 10-\u00e9n tal\u00e1lkozott Ath\u00e9nban, \u00e9s nyilv\u00e1nval\u00f3v\u00e1 tett\u00e9k, hogy k\u00fcl\u00f6n, megszor\u00edt\u00e1sellenes \u00e1ll\u00e1spontot k\u00e9pviselnek az eur\u00f3pai gazdas\u00e1gi \u00e9s p\u00e9nz\u00fcgyi modell tekintet\u00e9ben &#8211; k\u00f6z\u00f6lte az egyetemi docens.<br \/>\n    Hozz\u00e1tette: ez az egy\u00fcttm\u0171k\u00f6d\u00e9s lehet a pill\u00e9re Matteo Renzi olasz minisztereln\u00f6k p\u00e9nteki, a pozsonyi EU-cs\u00facsot k\u00f6vet\u0151 &#8222;nagyon szenved\u00e9lyes nyilatkozat\u00e1nak&#8221;, amelyben \u00e9lesen b\u00edr\u00e1lta az uni\u00f3t, ami\u00e9rt Olaszorsz\u00e1got egyed\u00fcl hagyta a migr\u00e1ci\u00f3s v\u00e1ls\u00e1ggal, \u00e9s az azzal kapcsolatos terhek egyenl\u0151tlen\u00fcl oszlanak meg a tag\u00e1llamok k\u00f6z\u00f6tt.<br \/>\n    Az olasz hozz\u00e1\u00e1ll\u00e1sban jelent\u0151s fordulat ment v\u00e9gbe: m\u00edg kor\u00e1bban mindig ki\u00e1lltak a n\u00e9met \u00e9s francia \u00e1ll\u00e1spont mellett, a pozsonyi cs\u00facson Renzi nem volt hajland\u00f3 r\u00e9szt venni a k\u00f6z\u00f6s sajt\u00f3t\u00e1j\u00e9koztat\u00f3n &#8211; mondta a d\u00e9k\u00e1n.(MTI)<\/p>\n","protected":false},"excerpt":{"rendered":"<p>Egy \u00faj koal\u00edci\u00f3 form\u00e1l\u00f3dik az uni\u00f3n bel\u00fcl a d\u00e9li orsz\u00e1gokb\u00f3l a visegr\u00e1di n\u00e9gyekhez hasonl\u00f3an, a h\u00e9t d\u00e9li \u00e1llam egyel\u0151re az uni\u00f3 gazdas\u00e1gi modellje ellen fogott \u00f6ssze &#8211; mondta Koller Bogl\u00e1rka, a Nemzeti K\u00f6zszolg\u00e1lati Egyetem Nemzetk\u00f6zi \u00e9s Eur\u00f3pai Tanulm\u00e1nyok Kar\u00e1nak d\u00e9k\u00e1nja az M1 aktu\u00e1lis csatorna h\u00e9tf\u0151i m\u0171sor\u00e1ban.<\/p>\n","protected":false},"author":1,"featured_media":0,"comment_status":"open","ping_status":"closed","sticky":false,"template":"","format":"standard","meta":[],"categories":[12],"tags":[],"_links":{"self":[{"href":"https:\/\/gazdasagportal.hu\/index.php\/wp-json\/wp\/v2\/posts\/84809"}],"collection":[{"href":"https:\/\/gazdasagportal.hu\/index.php\/wp-json\/wp\/v2\/posts"}],"about":[{"href":"https:\/\/gazdasagportal.hu\/index.php\/wp-json\/wp\/v2\/types\/post"}],"author":[{"embeddable":true,"href":"https:\/\/gazdasagportal.hu\/index.php\/wp-json\/wp\/v2\/users\/1"}],"replies":[{"embeddable":true,"href":"https:\/\/gazdasagportal.hu\/index.php\/wp-json\/wp\/v2\/comments?post=84809"}],"version-history":[{"count":1,"href":"https:\/\/gazdasagportal.hu\/index.php\/wp-json\/wp\/v2\/posts\/84809\/revisions"}],"predecessor-version":[{"id":84810,"href":"https:\/\/gazdasagportal.hu\/index.php\/wp-json\/wp\/v2\/posts\/84809\/revisions\/84810"}],"wp:attachment":[{"href":"https:\/\/gazdasagportal.hu\/index.php\/wp-json\/wp\/v2\/media?parent=84809"}],"wp:term":[{"taxonomy":"category","embeddable":true,"href":"https:\/\/gazdasagportal.hu\/index.php\/wp-json\/wp\/v2\/categories?post=84809"},{"taxonomy":"post_tag","embeddable":true,"href":"https:\/\/gazdasagportal.hu\/index.php\/wp-json\/wp\/v2\/tags?post=84809"}],"curies":[{"name":"wp","href":"https:\/\/api.w.org\/{rel}","templated":true}]}}