{"id":84801,"date":"2016-09-19T04:04:19","date_gmt":"2016-09-19T02:04:19","guid":{"rendered":"http:\/\/gazdasagportal.hu\/?p=84801"},"modified":"2016-09-18T21:24:14","modified_gmt":"2016-09-18T19:24:14","slug":"madarrajjal-utkozott-egy-gep-a-debreceni-repuloteren","status":"publish","type":"post","link":"https:\/\/gazdasagportal.hu\/index.php\/madarrajjal-utkozott-egy-gep-a-debreceni-repuloteren\/","title":{"rendered":"Mad\u00e1rrajjal \u00fctk\u00f6z\u00f6tt egy g\u00e9p a debreceni rep\u00fcl\u0151t\u00e9ren"},"content":{"rendered":"<p><strong>Mad\u00e1rrajjal \u00fctk\u00f6z\u00f6tt felsz\u00e1ll\u00e1s k\u00f6zben a Wizz Air l\u00e9git\u00e1rsas\u00e1g Londonba indul\u00f3 g\u00e9pe a debreceni rep\u00fcl\u0151t\u00e9ren. Az Airbus 320-ast v\u00e9szf\u00e9kez\u00e9ssel siker\u00fclt meg\u00e1ll\u00edtani, szem\u00e9lyi s\u00e9r\u00fcl\u00e9s nem t\u00f6rt\u00e9nt.<\/strong><!--more--><\/p>\n<div class=\"ads-in-post1\"><div id=\"gazdasagportal.hu_fullbanner_wideboard\"><\/div>\r\n<\/div>\n<p>    A Wizz Air menetrendszerinti j\u00e1rata 169 utassal, valamint 4 csecsem\u0151vel \u00e9s a 6 f\u0151s szem\u00e9lyzettel a fed\u00e9lzet\u00e9n 17 \u00f3ra 25 perckor kezdte meg a felsz\u00e1ll\u00e1st &#8211; mondta az Airport Debrecen Kft. forgalmi igazgat\u00f3ja.<br \/>\n    Guly\u00e1s P\u00e9ter hozz\u00e1tette: a g\u00e9p Debrecenb\u0151l London Luton repter\u00e9re indult, amikor a kifut\u00f3p\u00e1ly\u00e1n egy \u00e1trep\u00fcl\u0151 sir\u00e1lycsapattal \u00f6ssze\u00fctk\u00f6z\u00f6tt. A pil\u00f3t\u00e1k az ilyenkor szok\u00e1sos protokoll szerint v\u00e9szf\u00e9kez\u00e9ssel meg\u00e1ll\u00edtott\u00e1k az Airbus 320-ast, majd a g\u00e9p visszagurult a forgalmi el\u0151t\u00e9rre, ahol az utasok kisz\u00e1llhattak.<br \/>\n    Szem\u00e9lyi s\u00e9r\u00fcl\u00e9s nem t\u00f6rt\u00e9nt, az utasokat mentes\u00edt\u0151 j\u00e1rattal sz\u00e1ll\u00edtj\u00e1k Londonba &#8211; f\u0171zte hozz\u00e1 Guly\u00e1s P\u00e9ter, aki elmondta azt is: az \u00e1tvizsg\u00e1l\u00e1s sor\u00e1n meg\u00e1llap\u00edtott\u00e1k, hogy a madarak nem okoztak k\u00e1rt a rep\u00fcl\u0151g\u00e9pben.(MTI)   <\/p>\n","protected":false},"excerpt":{"rendered":"<p>Mad\u00e1rrajjal \u00fctk\u00f6z\u00f6tt felsz\u00e1ll\u00e1s k\u00f6zben a Wizz Air l\u00e9git\u00e1rsas\u00e1g Londonba indul\u00f3 g\u00e9pe a debreceni rep\u00fcl\u0151t\u00e9ren. Az Airbus 320-ast v\u00e9szf\u00e9kez\u00e9ssel siker\u00fclt meg\u00e1ll\u00edtani, szem\u00e9lyi s\u00e9r\u00fcl\u00e9s nem t\u00f6rt\u00e9nt.<\/p>\n","protected":false},"author":1,"featured_media":0,"comment_status":"open","ping_status":"closed","sticky":false,"template":"","format":"standard","meta":[],"categories":[4],"tags":[],"_links":{"self":[{"href":"https:\/\/gazdasagportal.hu\/index.php\/wp-json\/wp\/v2\/posts\/84801"}],"collection":[{"href":"https:\/\/gazdasagportal.hu\/index.php\/wp-json\/wp\/v2\/posts"}],"about":[{"href":"https:\/\/gazdasagportal.hu\/index.php\/wp-json\/wp\/v2\/types\/post"}],"author":[{"embeddable":true,"href":"https:\/\/gazdasagportal.hu\/index.php\/wp-json\/wp\/v2\/users\/1"}],"replies":[{"embeddable":true,"href":"https:\/\/gazdasagportal.hu\/index.php\/wp-json\/wp\/v2\/comments?post=84801"}],"version-history":[{"count":1,"href":"https:\/\/gazdasagportal.hu\/index.php\/wp-json\/wp\/v2\/posts\/84801\/revisions"}],"predecessor-version":[{"id":84802,"href":"https:\/\/gazdasagportal.hu\/index.php\/wp-json\/wp\/v2\/posts\/84801\/revisions\/84802"}],"wp:attachment":[{"href":"https:\/\/gazdasagportal.hu\/index.php\/wp-json\/wp\/v2\/media?parent=84801"}],"wp:term":[{"taxonomy":"category","embeddable":true,"href":"https:\/\/gazdasagportal.hu\/index.php\/wp-json\/wp\/v2\/categories?post=84801"},{"taxonomy":"post_tag","embeddable":true,"href":"https:\/\/gazdasagportal.hu\/index.php\/wp-json\/wp\/v2\/tags?post=84801"}],"curies":[{"name":"wp","href":"https:\/\/api.w.org\/{rel}","templated":true}]}}