{"id":84785,"date":"2016-09-18T10:01:38","date_gmt":"2016-09-18T08:01:38","guid":{"rendered":"http:\/\/gazdasagportal.hu\/?p=84785"},"modified":"2016-09-18T08:51:58","modified_gmt":"2016-09-18T06:51:58","slug":"megkezdodott-oroszorszagban-a-parlamenti-valasztas","status":"publish","type":"post","link":"https:\/\/gazdasagportal.hu\/index.php\/megkezdodott-oroszorszagban-a-parlamenti-valasztas\/","title":{"rendered":"Megkezd\u0151d\u00f6tt Oroszorsz\u00e1gban a parlamenti v\u00e1laszt\u00e1s"},"content":{"rendered":"<p><strong>Megkezd\u0151d\u00f6tt Oroszorsz\u00e1gban vas\u00e1rnap a parlamenti v\u00e1laszt\u00e1s.<\/strong><!--more--><\/p>\n<div class=\"ads-in-post1\"><div id=\"gazdasagportal.hu_fullbanner_wideboard\"><\/div>\r\n<\/div>\n<p>    Mivel Oroszorsz\u00e1gban tizenegy id\u0151z\u00f3na van, a v\u00e1laszt\u00e1si helyis\u00e9geket nem egy id\u0151ben nyitott\u00e1k meg. El\u0151sz\u00f6r az orosz T\u00e1vol-Keleten kezd\u0151dtek meg a v\u00e1laszt\u00e1sok.<br \/>\n    Az \u00c1llami Duma 450 \u00faj k\u00e9pvisel\u0151j\u00e9t v\u00e1lasztj\u00e1k \u00fajra, a h\u00e1z tagjainak fel\u00e9t a hagyom\u00e1nyos m\u00f3don, orsz\u00e1gos p\u00e1rtlist\u00e1r\u00f3l, a m\u00e1sikat pedig az id\u00e9n \u00fajb\u00f3l bevezetett egy\u00e9ni k\u00f6rzetek alapj\u00e1n.<br \/>\n    Elemz\u0151k \u00e9s k\u00f6zv\u00e9lem\u00e9ny-kutat\u00f3k nem sz\u00e1m\u00edtanak dr\u00e1mai v\u00e1ltoz\u00e1sra a sz\u00f6vets\u00e9gi als\u00f3h\u00e1z (\u00c1llami Duma) \u00fajrav\u00e1laszt\u00e1sa sor\u00e1n: a felm\u00e9r\u00e9sek szerint a t\u00f6rv\u00e9nyhoz\u00e1sban magabiztosan megtartja domin\u00e1ns poz\u00edci\u00f3j\u00e1t a Vlagyimir Putyin eln\u00f6k m\u00f6g\u00f6tt \u00e1ll\u00f3 Egys\u00e9ges Oroszorsz\u00e1g p\u00e1rt, \u00e9s val\u00f3sz\u00edn\u0171leg nem lesz olyan parlamenten k\u00edv\u00fcli radik\u00e1lis ellenz\u00e9ki p\u00e1rt, amely k\u00e9pes lenne frakci\u00f3t alak\u00edtani.<br \/>\n    Az \u00e1llami \u00d6sszoroszorsz\u00e1gi K\u00f6zv\u00e9lem\u00e9ny-kutat\u00e1si K\u00f6zpont (VCIOM)  legfrissebb felm\u00e9r\u00e9se szerint a dum\u00e1ban csak az eddigi parlamenti p\u00e1rtok, vagyis az Egys\u00e9ges Oroszorsz\u00e1g mellett Vlagyimir Zsirinovszkij liber\u00e1lis demokrat\u00e1i &#8211; \u0151k k\u00f6lt\u00f6ttek a legt\u00f6bbet a kamp\u00e1nyra -, Gennagyij Zjuganov kommunista p\u00e1rtja \u00e9s a szocialista Igazs\u00e1gos Oroszorsz\u00e1g p\u00e1rt alak\u00edthat majd ism\u00e9t frakci\u00f3t. Ez ut\u00f3bbi politikai er\u0151n\u00e9l azonban k\u00e9ts\u00e9ges, hogy v\u00e9g\u00fcl siker\u00fcl-e \u00e1tl\u00e9pnie az \u00f6tsz\u00e1zal\u00e9kos k\u00fcsz\u00f6b\u00f6t.<br \/>\n    A parlamenten k\u00edv\u00fcli, egym\u00e1ssal is rivaliz\u00e1l\u00f3, nyugatos, liber\u00e1lis parlamenti p\u00e1rtok, a Jabloko \u00e9s a N\u00e9pi Szabads\u00e1g P\u00e1rtja (Parnasz) vezet\u0151i m\u00e1s m\u00e9r\u00e9sekre hivatkozva, nyilatkozataikban rem\u00e9ny\u00fcket fejezt\u00e9k ki, hogy \u0151k is k\u00e9pesek lesznek majd frakci\u00f3alak\u00edt\u00e1sra, ezt azonban kevesen gondolj\u00e1k \u00edgy.<br \/>\n    Az idei parlamenti v\u00e1laszt\u00e1sokra 14 p\u00e1rt tudott orsz\u00e1gos list\u00e1t \u00e1ll\u00edtani. A v\u00e1rakoz\u00e1sok szerint az egy\u00e9ni k\u00f6rzetekben el\u00e9rt eredm\u00e9nyek alapj\u00e1n \u00f6sszesen tal\u00e1n kilenc p\u00e1rtnak lesz k\u00e9pvisel\u0151je a dum\u00e1ban.<br \/>\n    Ugyancsak vas\u00e1rnap v\u00e1lasztj\u00e1k meg 39 r\u00e9gi\u00f3 k\u00e9pviseleti szerveit, az Oroszorsz\u00e1gi F\u00f6der\u00e1ci\u00f3t alkot\u00f3 85 entit\u00e1s k\u00f6z\u00fcl h\u00e9tnek a vezet\u0151j\u00e9t, valamint mintegy 5 ezer \u00f6nkorm\u00e1nyzatot. Az \u00f6sszesen 38 ezer mand\u00e1tum\u00e9rt t\u00f6bb mint 103 ezer jel\u00f6lt indul 49 p\u00e1rt \u00e9s hat t\u00e1rsadalmi szervezet k\u00e9pviselet\u00e9ben.(MTI)<\/p>\n","protected":false},"excerpt":{"rendered":"<p>Megkezd\u0151d\u00f6tt Oroszorsz\u00e1gban vas\u00e1rnap a parlamenti v\u00e1laszt\u00e1s.<\/p>\n","protected":false},"author":1,"featured_media":0,"comment_status":"open","ping_status":"closed","sticky":false,"template":"","format":"standard","meta":[],"categories":[12],"tags":[],"_links":{"self":[{"href":"https:\/\/gazdasagportal.hu\/index.php\/wp-json\/wp\/v2\/posts\/84785"}],"collection":[{"href":"https:\/\/gazdasagportal.hu\/index.php\/wp-json\/wp\/v2\/posts"}],"about":[{"href":"https:\/\/gazdasagportal.hu\/index.php\/wp-json\/wp\/v2\/types\/post"}],"author":[{"embeddable":true,"href":"https:\/\/gazdasagportal.hu\/index.php\/wp-json\/wp\/v2\/users\/1"}],"replies":[{"embeddable":true,"href":"https:\/\/gazdasagportal.hu\/index.php\/wp-json\/wp\/v2\/comments?post=84785"}],"version-history":[{"count":1,"href":"https:\/\/gazdasagportal.hu\/index.php\/wp-json\/wp\/v2\/posts\/84785\/revisions"}],"predecessor-version":[{"id":84786,"href":"https:\/\/gazdasagportal.hu\/index.php\/wp-json\/wp\/v2\/posts\/84785\/revisions\/84786"}],"wp:attachment":[{"href":"https:\/\/gazdasagportal.hu\/index.php\/wp-json\/wp\/v2\/media?parent=84785"}],"wp:term":[{"taxonomy":"category","embeddable":true,"href":"https:\/\/gazdasagportal.hu\/index.php\/wp-json\/wp\/v2\/categories?post=84785"},{"taxonomy":"post_tag","embeddable":true,"href":"https:\/\/gazdasagportal.hu\/index.php\/wp-json\/wp\/v2\/tags?post=84785"}],"curies":[{"name":"wp","href":"https:\/\/api.w.org\/{rel}","templated":true}]}}