{"id":84679,"date":"2016-09-15T10:41:19","date_gmt":"2016-09-15T08:41:19","guid":{"rendered":"http:\/\/gazdasagportal.hu\/?p=84679"},"modified":"2016-09-15T10:41:19","modified_gmt":"2016-09-15T08:41:19","slug":"jelentosen-nottek-az-eladasok-az-europai-autopiacon-augusztusban","status":"publish","type":"post","link":"https:\/\/gazdasagportal.hu\/index.php\/jelentosen-nottek-az-eladasok-az-europai-autopiacon-augusztusban\/","title":{"rendered":"Jelent\u0151sen n\u0151ttek az elad\u00e1sok az eur\u00f3pai aut\u00f3piacon augusztusban"},"content":{"rendered":"<p><strong>Jelent\u0151sen, 10 sz\u00e1zal\u00e9kkal n\u0151ttek az elad\u00e1sok az eur\u00f3pai aut\u00f3piacon augusztusban \u00e9ves szinten. J\u00faliusban 1,4 sz\u00e1zal\u00e9kos visszaes\u00e9st regisztr\u00e1ltak, el\u0151z\u0151leg 34 h\u00f3napon \u00e1t folyamatosan b\u0151v\u00fcltek az elad\u00e1sok. <\/strong><!--more--><\/p>\n<div class=\"ads-in-post1\"><div id=\"gazdasagportal.hu_fullbanner_wideboard\"><\/div>\r\n<\/div>\n<p>    Az ACEA eur\u00f3pai szakmai sz\u00f6vets\u00e9g cs\u00fct\u00f6rt\u00f6k\u00f6n ismertetett adatai szerint az Eur\u00f3pai Uni\u00f3 28 tag\u00e1llam\u00e1ban augusztusban 819 126   \u00faj szem\u00e9lyg\u00e9pkocsit helyeztek \u00fczembe, ami t\u00edz sz\u00e1zal\u00e9kos n\u00f6veked\u00e9s \u00e9ves \u00f6sszevet\u00e9sben.<br \/>\n    A f\u0151bb piacok k\u00f6z\u00fcl Olaszorsz\u00e1gban 20,1 sz\u00e1zal\u00e9k, Spanyolorsz\u00e1gban 14,6 sz\u00e1zal\u00e9k, N\u00e9metorsz\u00e1gban 8,3 sz\u00e1zal\u00e9k, Franciaorsz\u00e1gban 6,7 sz\u00e1zal\u00e9k, Nagy-Britanni\u00e1ban 3,3 sz\u00e1zal\u00e9k volt a n\u00f6veked\u00e9s.<br \/>\n    A sz\u00f6vets\u00e9g sz\u00e1m\u00edt\u00e1sai szerint az idei els\u0151 nyolc h\u00f3napban az eladott g\u00e9pkocsik sz\u00e1ma \u00e9ves szinten 8,1 sz\u00e1zal\u00e9kkal, mintegy 9 milli\u00f3 787 ezerre emelkedett.<br \/>\n    Az ACEA adatai szerint Magyarorsz\u00e1gon augusztusban 7181 \u00faj szem\u00e9lyg\u00e9pkocsit regisztr\u00e1ltak, 43,7 sz\u00e1zal\u00e9kkal t\u00f6bbet, mint egy \u00e9vvel kor\u00e1bban. Az \u00e9v els\u0151 nyolc h\u00f3napj\u00e1ban 24,9 sz\u00e1zal\u00e9kkal, 61 ezer 214-re n\u0151tt az \u00e9rt\u00e9kes\u00edt\u00e9s Magyarorsz\u00e1gon.(MTI)<\/p>\n","protected":false},"excerpt":{"rendered":"<p>Jelent\u0151sen, 10 sz\u00e1zal\u00e9kkal n\u0151ttek az elad\u00e1sok az eur\u00f3pai aut\u00f3piacon augusztusban \u00e9ves szinten. J\u00faliusban 1,4 sz\u00e1zal\u00e9kos visszaes\u00e9st regisztr\u00e1ltak, el\u0151z\u0151leg 34 h\u00f3napon \u00e1t folyamatosan b\u0151v\u00fcltek az elad\u00e1sok.<\/p>\n","protected":false},"author":1,"featured_media":0,"comment_status":"open","ping_status":"closed","sticky":false,"template":"","format":"standard","meta":[],"categories":[246],"tags":[],"_links":{"self":[{"href":"https:\/\/gazdasagportal.hu\/index.php\/wp-json\/wp\/v2\/posts\/84679"}],"collection":[{"href":"https:\/\/gazdasagportal.hu\/index.php\/wp-json\/wp\/v2\/posts"}],"about":[{"href":"https:\/\/gazdasagportal.hu\/index.php\/wp-json\/wp\/v2\/types\/post"}],"author":[{"embeddable":true,"href":"https:\/\/gazdasagportal.hu\/index.php\/wp-json\/wp\/v2\/users\/1"}],"replies":[{"embeddable":true,"href":"https:\/\/gazdasagportal.hu\/index.php\/wp-json\/wp\/v2\/comments?post=84679"}],"version-history":[{"count":1,"href":"https:\/\/gazdasagportal.hu\/index.php\/wp-json\/wp\/v2\/posts\/84679\/revisions"}],"predecessor-version":[{"id":84680,"href":"https:\/\/gazdasagportal.hu\/index.php\/wp-json\/wp\/v2\/posts\/84679\/revisions\/84680"}],"wp:attachment":[{"href":"https:\/\/gazdasagportal.hu\/index.php\/wp-json\/wp\/v2\/media?parent=84679"}],"wp:term":[{"taxonomy":"category","embeddable":true,"href":"https:\/\/gazdasagportal.hu\/index.php\/wp-json\/wp\/v2\/categories?post=84679"},{"taxonomy":"post_tag","embeddable":true,"href":"https:\/\/gazdasagportal.hu\/index.php\/wp-json\/wp\/v2\/tags?post=84679"}],"curies":[{"name":"wp","href":"https:\/\/api.w.org\/{rel}","templated":true}]}}