{"id":84621,"date":"2016-09-14T04:04:33","date_gmt":"2016-09-14T02:04:33","guid":{"rendered":"http:\/\/gazdasagportal.hu\/?p=84621"},"modified":"2016-09-13T19:53:52","modified_gmt":"2016-09-13T17:53:52","slug":"tisztazatlan-maradhat-a-magyar-halalos-aldozatokat-kovetelo-nemetorszagi-hajokatasztrofa-oka","status":"publish","type":"post","link":"https:\/\/gazdasagportal.hu\/index.php\/tisztazatlan-maradhat-a-magyar-halalos-aldozatokat-kovetelo-nemetorszagi-hajokatasztrofa-oka\/","title":{"rendered":"Tiszt\u00e1zatlan maradhat a magyar hal\u00e1los \u00e1ldozatokat k\u00f6vetel\u0151 n\u00e9metorsz\u00e1gi haj\u00f3katasztr\u00f3fa oka"},"content":{"rendered":"<p><strong>Val\u00f3sz\u00edn\u0171leg nem lehet felt\u00e1rni a k\u00e9t magyar hal\u00e1los \u00e1ldozatot k\u00f6vetel\u0151 vas\u00e1rnapi n\u00e9metorsz\u00e1gi haj\u00f3katasztr\u00f3fa ok\u00e1t.<\/strong><!--more--><\/p>\n<div class=\"ads-in-post1\"><div id=\"gazdasagportal.hu_fullbanner_wideboard\"><\/div>\r\n<\/div>\n<p>    A baleset felt\u00e1r\u00e1s\u00e1val megb\u00edzott szak\u00e9rt\u0151 szerint annyira sz\u00e9troncsol\u00f3dott a Duna-Majna-Rajna csatorn\u00e1n Erlangenn\u00e9l h\u00edd al\u00e1 szorult sz\u00e1llodahaj\u00f3 \u00e1ll\u00edthat\u00f3 magass\u00e1g\u00fa vezet\u0151\u00e1ll\u00e1sa, hogy m\u00e1r nem lehet meg\u00e1llap\u00edtani, hogy meghib\u00e1sod\u00e1s vagy emberi mulaszt\u00e1s okozta-e a katasztr\u00f3f\u00e1t &#8211; mondta az erlangeni v\u00e1rosvezet\u00e9s sz\u00f3viv\u0151je n\u00e9met h\u00edrport\u00e1lok keddi besz\u00e1mol\u00f3ja szerint.<br \/>\n    A vezet\u0151\u00e1ll\u00e1st mozgat\u00f3 berendez\u00e9st teljesen sz\u00e9trombolta az \u00fctk\u00f6z\u00e9s, ez\u00e9rt val\u00f3sz\u00edn\u0171leg \u00f6r\u00f6kre hom\u00e1lyban marad, hogy mi\u00e9rt nem siker\u00fclt beh\u00fazni a kabint azel\u0151tt, hogy a haj\u00f3 a vas\u00fati h\u00eddhoz \u00e9rt.<br \/>\n    Az \u00e1ldozatok a haj\u00f3 leg\u00e9nys\u00e9g\u00e9hez tartoztak, egyik\u00fck 33, a m\u00e1sik 49 \u00e9ves f\u00e9rfi volt. A kabinroncsba szorulva haltak meg.<br \/>\n    A Budapestre tart\u00f3 sz\u00e1llodahaj\u00f3n 181 utas \u00e9s 49 f\u0151s leg\u00e9nys\u00e9g tart\u00f3zkodott. A baleset vas\u00e1rnap hajnali f\u00e9l kett\u0151 k\u00f6r\u00fcl t\u00f6rt\u00e9nt az Erlangen Frauenaurach nev\u0171 v\u00e1rosr\u00e9sz\u00e9n\u00e9l \u00e1ll\u00f3 h\u00eddn\u00e1l.<br \/>\n    Az utasok az \u00fctk\u00f6z\u00e9s ut\u00e1n m\u00e9g n\u00e9gy \u00f3r\u00e1n \u00e1t a haj\u00f3 fed\u00e9lzet\u00e9n voltak, kiment\u00e9s\u00fck reggel hatkor kezd\u0151d\u00f6tt. Mintegy k\u00e9tsz\u00e1z f\u0151s ment\u0151csoport vesz r\u00e9szt az evaku\u00e1l\u00e1sban. A megrong\u00e1l\u00f3dott haj\u00f3t id\u0151k\u00f6zben elvontatt\u00e1k, a csatornaszakaszon helyre\u00e1llt a k\u00f6zleked\u00e9s.(MTI)<\/p>\n","protected":false},"excerpt":{"rendered":"<p>Val\u00f3sz\u00edn\u0171leg nem lehet felt\u00e1rni a k\u00e9t magyar hal\u00e1los \u00e1ldozatot k\u00f6vetel\u0151 vas\u00e1rnapi n\u00e9metorsz\u00e1gi haj\u00f3katasztr\u00f3fa ok\u00e1t.<\/p>\n","protected":false},"author":1,"featured_media":0,"comment_status":"open","ping_status":"closed","sticky":false,"template":"","format":"standard","meta":[],"categories":[4],"tags":[],"_links":{"self":[{"href":"https:\/\/gazdasagportal.hu\/index.php\/wp-json\/wp\/v2\/posts\/84621"}],"collection":[{"href":"https:\/\/gazdasagportal.hu\/index.php\/wp-json\/wp\/v2\/posts"}],"about":[{"href":"https:\/\/gazdasagportal.hu\/index.php\/wp-json\/wp\/v2\/types\/post"}],"author":[{"embeddable":true,"href":"https:\/\/gazdasagportal.hu\/index.php\/wp-json\/wp\/v2\/users\/1"}],"replies":[{"embeddable":true,"href":"https:\/\/gazdasagportal.hu\/index.php\/wp-json\/wp\/v2\/comments?post=84621"}],"version-history":[{"count":1,"href":"https:\/\/gazdasagportal.hu\/index.php\/wp-json\/wp\/v2\/posts\/84621\/revisions"}],"predecessor-version":[{"id":84622,"href":"https:\/\/gazdasagportal.hu\/index.php\/wp-json\/wp\/v2\/posts\/84621\/revisions\/84622"}],"wp:attachment":[{"href":"https:\/\/gazdasagportal.hu\/index.php\/wp-json\/wp\/v2\/media?parent=84621"}],"wp:term":[{"taxonomy":"category","embeddable":true,"href":"https:\/\/gazdasagportal.hu\/index.php\/wp-json\/wp\/v2\/categories?post=84621"},{"taxonomy":"post_tag","embeddable":true,"href":"https:\/\/gazdasagportal.hu\/index.php\/wp-json\/wp\/v2\/tags?post=84621"}],"curies":[{"name":"wp","href":"https:\/\/api.w.org\/{rel}","templated":true}]}}