{"id":84607,"date":"2016-09-13T15:24:16","date_gmt":"2016-09-13T13:24:16","guid":{"rendered":"http:\/\/gazdasagportal.hu\/?p=84607"},"modified":"2016-09-13T14:54:21","modified_gmt":"2016-09-13T12:54:21","slug":"a-cseh-allamfo-szerint-asselborn-kijelentese-art-az-eu-nak","status":"publish","type":"post","link":"https:\/\/gazdasagportal.hu\/index.php\/a-cseh-allamfo-szerint-asselborn-kijelentese-art-az-eu-nak\/","title":{"rendered":"A cseh \u00e1llamf\u0151 szerint Asselborn kijelent\u00e9se \u00e1rt az EU-nak"},"content":{"rendered":"<p><strong>Milos Zeman cseh \u00e1llamf\u0151 szerint Jean Asselborn luxemburgi k\u00fcl\u00fcgyminiszter felvet\u00e9se, miszerint Magyarorsz\u00e1got ideiglenesen vagy v\u00e9glegesen ki kellene z\u00e1rni az EU-b\u00f3l, rendk\u00edv\u00fcli m\u00f3don \u00e1rt az Eur\u00f3pai Uni\u00f3nak \u00e9s az eur\u00f3pai integr\u00e1ci\u00f3s projektnek.<\/strong><!--more--><\/p>\n<div class=\"ads-in-post1\"><div id=\"gazdasagportal.hu_fullbanner_wideboard\"><\/div>\r\n<\/div>\n<p>    &#8222;A luxemburgi k\u00fcl\u00fcgyminiszter kijelent\u00e9sei rendk\u00edv\u00fcli m\u00f3don \u00e1rtanak az eg\u00e9sz Eur\u00f3pai Uni\u00f3nak \u00e9s az eur\u00f3pai integr\u00e1ci\u00f3s projektnek&#8221; &#8211; tolm\u00e1csolta Zeman v\u00e9lem\u00e9ny\u00e9t sz\u00f3viv\u0151je, Jir\u00ed Ovc\u00e1cek.<br \/>\n    Asselborn a Die Welt c\u00edm\u0171 n\u00e9met lapnak adott interj\u00faban besz\u00e9lt arr\u00f3l, hogy ki kell z\u00e1rni az EU-b\u00f3l az olyan tag\u00e1llamot, amely &#8211; mint Magyarorsz\u00e1g &#8211; &#8222;ker\u00edt\u00e9st \u00e9p\u00edt h\u00e1bor\u00fas menek\u00fcltek ellen&#8221;, vagy megs\u00e9rti a sajt\u00f3szabads\u00e1got \u00e9s az igazs\u00e1gszolg\u00e1ltat\u00e1s f\u00fcggetlens\u00e9g\u00e9t.<br \/>\n    &#8222;Magyarorsz\u00e1g Csehorsz\u00e1g partnere az EU-ban \u00e9s a visegr\u00e1di csoportban is&#8221; &#8211; jegyezte meg a sz\u00f3viv\u0151.<br \/>\n    Asselborn Magyarorsz\u00e1g-b\u00edr\u00e1lat\u00e1t Csehorsz\u00e1gban Bohuslav Sobotka minisztereln\u00f6k is visszautas\u00edtotta. &#8222;Nem fogunk semmif\u00e9le uni\u00f3kat l\u00e9trehozni az EU-n bel\u00fcl, \u00e9s senkit sem fogunk kiz\u00e1rni. Eur\u00f3p\u00e1nak egy\u00fctt kell m\u0171k\u00f6dnie \u00e9s \u00f6sszetart\u00f3nak kell lennie&#8221; &#8211; olvashat\u00f3 a cseh korm\u00e1nyf\u0151 nyilatkozat\u00e1ban.<br \/>\n    Egy uni\u00f3n bel\u00fcli uni\u00f3 l\u00e9trehoz\u00e1s\u00e1r\u00f3l Milos Zeman \u00e9s Norbert Hofer, az Osztr\u00e1k Szabads\u00e1gp\u00e1rt (FP\u00d6) eln\u00f6kjel\u00f6ltje besz\u00e9lt h\u00e9tf\u0151i tal\u00e1lkoz\u00f3jukon Pr\u00e1g\u00e1ban.<br \/>\n    &#8222;Arr\u00f3l besz\u00e9lt\u00fcnk, hogy lehetne-e hangosabban hallatni a j\u00f6v\u0151ben K\u00f6z\u00e9p-Eur\u00f3pa hangj\u00e1t az Eur\u00f3pai Uni\u00f3n bel\u00fcl, mert k\u00f6z\u00f6s a t\u00f6rt\u00e9nelm\u00fcnk, \u00e9s hasonl\u00f3 m\u00f3don l\u00e1tjuk a dolgokat&#8221; &#8211; nyilatkozott Norbert Hofer \u00fajs\u00e1g\u00edr\u00f3knak a tal\u00e1lkoz\u00f3 ut\u00e1n. &#8222;Uni\u00f3t akarunk kialak\u00edtani az uni\u00f3ban&#8221; &#8211; sz\u00f6gezte le az osztr\u00e1k eln\u00f6kjel\u00f6lt. &#8222;Norbert Hofer a tal\u00e1lkoz\u00f3n bemutatta projektj\u00e9t az uni\u00f3n bel\u00fcli uni\u00f3r\u00f3l, amely l\u00e9nyeg\u00e9ben megfelel a visegr\u00e1di csoport kisz\u00e9les\u00edt\u00e9s\u00e9r\u0151l alkotott elk\u00e9pzel\u00e9snek, a Visegr\u00e1d plusznak&#8221; &#8211; jegyezte meg ezzel kapcsolatban h\u00e9tf\u0151n a cseh eln\u00f6ki sz\u00f3viv\u0151. (MTI)<\/p>\n","protected":false},"excerpt":{"rendered":"<p>Milos Zeman cseh \u00e1llamf\u0151 szerint Jean Asselborn luxemburgi k\u00fcl\u00fcgyminiszter felvet\u00e9se, miszerint Magyarorsz\u00e1got ideiglenesen vagy v\u00e9glegesen ki kellene z\u00e1rni az EU-b\u00f3l, rendk\u00edv\u00fcli m\u00f3don \u00e1rt az Eur\u00f3pai Uni\u00f3nak \u00e9s az eur\u00f3pai integr\u00e1ci\u00f3s projektnek.<\/p>\n","protected":false},"author":1,"featured_media":0,"comment_status":"open","ping_status":"closed","sticky":false,"template":"","format":"standard","meta":[],"categories":[4,12],"tags":[],"_links":{"self":[{"href":"https:\/\/gazdasagportal.hu\/index.php\/wp-json\/wp\/v2\/posts\/84607"}],"collection":[{"href":"https:\/\/gazdasagportal.hu\/index.php\/wp-json\/wp\/v2\/posts"}],"about":[{"href":"https:\/\/gazdasagportal.hu\/index.php\/wp-json\/wp\/v2\/types\/post"}],"author":[{"embeddable":true,"href":"https:\/\/gazdasagportal.hu\/index.php\/wp-json\/wp\/v2\/users\/1"}],"replies":[{"embeddable":true,"href":"https:\/\/gazdasagportal.hu\/index.php\/wp-json\/wp\/v2\/comments?post=84607"}],"version-history":[{"count":1,"href":"https:\/\/gazdasagportal.hu\/index.php\/wp-json\/wp\/v2\/posts\/84607\/revisions"}],"predecessor-version":[{"id":84608,"href":"https:\/\/gazdasagportal.hu\/index.php\/wp-json\/wp\/v2\/posts\/84607\/revisions\/84608"}],"wp:attachment":[{"href":"https:\/\/gazdasagportal.hu\/index.php\/wp-json\/wp\/v2\/media?parent=84607"}],"wp:term":[{"taxonomy":"category","embeddable":true,"href":"https:\/\/gazdasagportal.hu\/index.php\/wp-json\/wp\/v2\/categories?post=84607"},{"taxonomy":"post_tag","embeddable":true,"href":"https:\/\/gazdasagportal.hu\/index.php\/wp-json\/wp\/v2\/tags?post=84607"}],"curies":[{"name":"wp","href":"https:\/\/api.w.org\/{rel}","templated":true}]}}