{"id":84599,"date":"2016-09-13T13:06:23","date_gmt":"2016-09-13T11:06:23","guid":{"rendered":"http:\/\/gazdasagportal.hu\/?p=84599"},"modified":"2016-09-13T12:17:00","modified_gmt":"2016-09-13T10:17:00","slug":"nemetorszagban-orizetbe-vettek-az-iszlam-allam-terrorszervezet-harom-feltetelezett-tagjat","status":"publish","type":"post","link":"https:\/\/gazdasagportal.hu\/index.php\/nemetorszagban-orizetbe-vettek-az-iszlam-allam-terrorszervezet-harom-feltetelezett-tagjat\/","title":{"rendered":"N\u00e9metorsz\u00e1gban \u0151rizetbe vett\u00e9k az Iszl\u00e1m \u00c1llam terrorszervezet h\u00e1rom felt\u00e9telezett tagj\u00e1t"},"content":{"rendered":"<p><strong>N\u00e9metorsz\u00e1gban \u0151rizetbe vett\u00e9k kedden az Iszl\u00e1m \u00c1llam (I\u00c1) terrorszervezet h\u00e1rom felt\u00e9telezett tagj\u00e1t.<\/strong><!--more--><\/p>\n<div class=\"ads-in-post1\"><div id=\"gazdasagportal.hu_fullbanner_wideboard\"><\/div>\r\n<\/div>\n<p>    A s\u00falyos, \u00e1llam elleni b\u0171ncselekm\u00e9nyek \u00fcgy\u00e9ben illet\u00e9kes sz\u00f6vets\u00e9gi legf\u0151bb \u00fcgy\u00e9szs\u00e9g k\u00f6zlem\u00e9nye szerint a 17, 18 \u00e9s 26 \u00e9ves sz\u00edriai \u00e1llampolg\u00e1rokat azzal gyan\u00fas\u00edtj\u00e1k, hogy az Iszl\u00e1m \u00c1llam szolg\u00e1lat\u00e1ban tavaly N\u00e9metorsz\u00e1gba utaztak azzal a c\u00e9llal, hogy &#8222;teljes\u00edtsenek egy megb\u00edz\u00e1st&#8221;, vagy \u00e1lljanak k\u00e9szenl\u00e9tben \u00e9s v\u00e1rjanak &#8222;tov\u00e1bbi utas\u00edt\u00e1sra&#8221;.<br \/>\n    A hat\u00f3s\u00e1g szerint a csoport vezet\u0151je a 17 \u00e9ves fiatalember, aki legk\u00e9s\u0151bb tavaly szeptemberben csatlakozott az Iszl\u00e1m \u00c1llamhoz, \u00e9s a szervezet egyik k\u00f6zpontjak\u00e9nt sz\u00e1mon tartott sz\u00edriai Rakk\u00e1ban kik\u00e9pz\u00e9st kapott l\u0151fegyver, illetve robban\u00f3szer haszn\u00e1lat\u00e1b\u00f3l. Tavaly okt\u00f3berben k\u00f6telezetts\u00e9get v\u00e1llalt a terrorszervezet \u00e1ltal ellen\u0151rz\u00f6tt ter\u00fcleten k\u00edv\u00fcl v\u00e9grehajtand\u00f3 m\u0171veletek ir\u00e1ny\u00edt\u00e1s\u00e1\u00e9rt felel\u0151s egyik I\u00c1-vezet\u0151 el\u0151tt arra, hogy k\u00e9t t\u00e1rs\u00e1val egy\u00fctt Eur\u00f3p\u00e1ba utazik.<br \/>\n    A h\u00e1rom gyan\u00fas\u00edtott az Iszl\u00e1m \u00c1llamt\u00f3l kapott \u00fatlev\u00e9llel, t\u00f6bb ezer doll\u00e1r k\u00e9szp\u00e9nzzel \u00e9s olyan mobiltelefonokkal indult el, amelyre k\u00fcl\u00f6n a terrorszervezettel val\u00f3 kapcsolattart\u00e1s c\u00e9lj\u00e1b\u00f3l telep\u00edtettek egy programot. A gyan\u00fas\u00edtottak tavaly novemberben, T\u00f6r\u00f6korsz\u00e1gon \u00e9s G\u00f6r\u00f6gorsz\u00e1gon kereszt\u00fcl jutottak el N\u00e9metorsz\u00e1gba &#8211; \u00e1ll a k\u00f6zlem\u00e9nyben, amelyben nem szerepel a gyan\u00fas\u00edtottak jog\u00e1ll\u00e1sa, de a k\u00f6r\u00fclm\u00e9nyek alapj\u00e1n nyilv\u00e1nval\u00f3, hogy mindh\u00e1rman mened\u00e9kk\u00e9r\u0151k.<br \/>\n    Sz\u00edriai mened\u00e9kk\u00e9r\u0151kk\u00e9nt azonos\u00edtotta a h\u00e1rom f\u00e9rfit az elfog\u00e1sukr\u00f3l els\u0151k\u00e9nt besz\u00e1mol\u00f3 Die Welt c\u00edm\u0171 n\u00e9met lap is a h\u00edrport\u00e1lj\u00e1n k\u00f6z\u00f6lt cikk\u00e9ben, kiemelve, hogy kedden kora hajnalban h\u00e1rom menek\u00fcltsz\u00e1ll\u00e1son is h\u00e1zkutat\u00e1st tartott a sz\u00f6vets\u00e9gi rend\u0151rs\u00e9g terrorelh\u00e1r\u00edt\u00f3 alakulat\u00e1nak (GSG9) egyik egys\u00e9ge a sz\u00f6vets\u00e9gi b\u0171n\u00fcgyi hivatal (BKA) munkat\u00e1rsaival.<br \/>\n    A sz\u00f6vets\u00e9gi legf\u0151bb \u00fcgy\u00e9szs\u00e9g k\u00f6zlem\u00e9nye szerint a Schleswig-Holstein tartom\u00e1nyban tartott razzi\u00e1ban t\u00f6bb mint 200 rend\u0151r vett r\u00e9szt.<br \/>\n    A nyomoz\u00e1s sor\u00e1n eddig nem t\u00e1rtak fel &#8222;konkr\u00e9t megb\u00edz\u00e1sra vagy utas\u00edt\u00e1sra&#8221; vonatkoz\u00f3 adatokat.<br \/>\n    A BKA-hoz eddig t\u00f6bb mint 400 inform\u00e1ci\u00f3 jutott el arr\u00f3l, hogy terrorgyan\u00fas emberek lehetnek a mened\u00e9kk\u00e9r\u0151k k\u00f6z\u00f6tt. Az \u00e9rtes\u00fcl\u00e9sek t\u00f6bbs\u00e9ge nem bizonyult megalapozottnak, nyomoz\u00e1st b\u0151 60 esetben ind\u00edtottak.(MTI)<\/p>\n","protected":false},"excerpt":{"rendered":"<p>N\u00e9metorsz\u00e1gban \u0151rizetbe vett\u00e9k kedden az Iszl\u00e1m \u00c1llam (I\u00c1) terrorszervezet h\u00e1rom felt\u00e9telezett tagj\u00e1t.<\/p>\n","protected":false},"author":1,"featured_media":0,"comment_status":"open","ping_status":"closed","sticky":false,"template":"","format":"standard","meta":[],"categories":[12],"tags":[],"_links":{"self":[{"href":"https:\/\/gazdasagportal.hu\/index.php\/wp-json\/wp\/v2\/posts\/84599"}],"collection":[{"href":"https:\/\/gazdasagportal.hu\/index.php\/wp-json\/wp\/v2\/posts"}],"about":[{"href":"https:\/\/gazdasagportal.hu\/index.php\/wp-json\/wp\/v2\/types\/post"}],"author":[{"embeddable":true,"href":"https:\/\/gazdasagportal.hu\/index.php\/wp-json\/wp\/v2\/users\/1"}],"replies":[{"embeddable":true,"href":"https:\/\/gazdasagportal.hu\/index.php\/wp-json\/wp\/v2\/comments?post=84599"}],"version-history":[{"count":1,"href":"https:\/\/gazdasagportal.hu\/index.php\/wp-json\/wp\/v2\/posts\/84599\/revisions"}],"predecessor-version":[{"id":84600,"href":"https:\/\/gazdasagportal.hu\/index.php\/wp-json\/wp\/v2\/posts\/84599\/revisions\/84600"}],"wp:attachment":[{"href":"https:\/\/gazdasagportal.hu\/index.php\/wp-json\/wp\/v2\/media?parent=84599"}],"wp:term":[{"taxonomy":"category","embeddable":true,"href":"https:\/\/gazdasagportal.hu\/index.php\/wp-json\/wp\/v2\/categories?post=84599"},{"taxonomy":"post_tag","embeddable":true,"href":"https:\/\/gazdasagportal.hu\/index.php\/wp-json\/wp\/v2\/tags?post=84599"}],"curies":[{"name":"wp","href":"https:\/\/api.w.org\/{rel}","templated":true}]}}