{"id":84576,"date":"2016-09-13T06:45:37","date_gmt":"2016-09-13T04:45:37","guid":{"rendered":"http:\/\/gazdasagportal.hu\/?p=84576"},"modified":"2016-09-13T06:45:37","modified_gmt":"2016-09-13T04:45:37","slug":"kerry-az-amerikai-orosz-megallapodas-talan-az-utolso-esely-sziria-megmentesere","status":"publish","type":"post","link":"https:\/\/gazdasagportal.hu\/index.php\/kerry-az-amerikai-orosz-megallapodas-talan-az-utolso-esely-sziria-megmentesere\/","title":{"rendered":"Kerry: az amerikai-orosz meg\u00e1llapod\u00e1s tal\u00e1n az utols\u00f3 es\u00e9ly Sz\u00edria megment\u00e9s\u00e9re"},"content":{"rendered":"<p><strong>A h\u00e9tf\u0151n este \u00e9letbe l\u00e9pett sz\u00edriai t\u0171zsz\u00fcnet, amelyet az amerikai \u00e9s az orosz diplom\u00e1cia k\u00f6z\u00f6sen hozott tet\u0151 al\u00e1, az utols\u00f3 es\u00e9ly lehet Sz\u00edria megment\u00e9re &#8211; fejtette ki v\u00e9lem\u00e9ny\u00e9t \u00fajs\u00e1g\u00edr\u00f3knak John Kerry amerikai k\u00fcl\u00fcgyminiszter Washingtonban.<\/strong><!--more--><\/p>\n<div class=\"ads-in-post1\"><div id=\"gazdasagportal.hu_fullbanner_wideboard\"><\/div>\r\n<\/div>\n<p>    Kerry hangs\u00falyozta, hogy a politikai megold\u00e1s &#8222;az egyetlen re\u00e1lis \u00e9s lehets\u00e9ges&#8221; megold\u00e1s a sz\u00edriai konfliktusra, de hozz\u00e1tette, hogy a t\u0171zsz\u00fcnet \u00e9letbe l\u00e9p\u00e9se \u00f3ta m\u00e9g csak p\u00e1r \u00f3ra telt el, ez\u00e9rt korai volna b\u00e1rmif\u00e9le k\u00f6vetkeztet\u00e9st levonni. A k\u00fcl\u00fcgyminiszter mindenesetre lesz\u00f6gezte, hogy az els\u0151 inform\u00e1ci\u00f3k az er\u0151szak jelent\u0151s cs\u00f6kken\u00e9s\u00e9r\u0151l sz\u00f3lnak.<br \/>\n    Megism\u00e9telte kor\u00e1bbi \u00e1ll\u00e1spontj\u00e1t, miszerint a l\u00e1zad\u00f3knak fel kell hagyniuk azzal, hogy az al-Kaida terrorszervezethez k\u00f6thet\u0151 csoportokkal keveredjenek, a sz\u00edriai korm\u00e1nynak pedig lehet\u0151v\u00e9 kell tennie, hogy a seg\u00e9lysz\u00e1ll\u00edtm\u00e1nyok eljussanak az ostromlott t\u00e9rs\u00e9gekbe.<br \/>\n    Az amerikai k\u00fcl\u00fcgyminiszter szerint a sz\u00edriai korm\u00e1ny v\u00e1rhat\u00f3an tov\u00e1bb folytatja az ellenz\u00e9k \u00e1ltal uralt t\u00e9rs\u00e9gekben az al-Kaid\u00e1hoz k\u00f6thet\u0151 l\u00e1zad\u00f3k \u00e1ll\u00e1sainak bomb\u00e1z\u00e1s\u00e1t, eg\u00e9szen addig, am\u00edg a sz\u00e9ls\u0151s\u00e9gesek elleni \u00faj amerikai-orosz partners\u00e9g m\u0171k\u00f6dni nem kezd. Ez &#8211; Kerry szerint &#8211; a fegyvernyugv\u00e1s ut\u00e1ni h\u00e9tre v\u00e1rhat\u00f3.(MTI)<\/p>\n","protected":false},"excerpt":{"rendered":"<p>A h\u00e9tf\u0151n este \u00e9letbe l\u00e9pett sz\u00edriai t\u0171zsz\u00fcnet, amelyet az amerikai \u00e9s az orosz diplom\u00e1cia k\u00f6z\u00f6sen hozott tet\u0151 al\u00e1, az utols\u00f3 es\u00e9ly lehet Sz\u00edria megment\u00e9re &#8211; fejtette ki v\u00e9lem\u00e9ny\u00e9t \u00fajs\u00e1g\u00edr\u00f3knak John Kerry amerikai k\u00fcl\u00fcgyminiszter Washingtonban.<\/p>\n","protected":false},"author":1,"featured_media":0,"comment_status":"open","ping_status":"closed","sticky":false,"template":"","format":"standard","meta":[],"categories":[16],"tags":[],"_links":{"self":[{"href":"https:\/\/gazdasagportal.hu\/index.php\/wp-json\/wp\/v2\/posts\/84576"}],"collection":[{"href":"https:\/\/gazdasagportal.hu\/index.php\/wp-json\/wp\/v2\/posts"}],"about":[{"href":"https:\/\/gazdasagportal.hu\/index.php\/wp-json\/wp\/v2\/types\/post"}],"author":[{"embeddable":true,"href":"https:\/\/gazdasagportal.hu\/index.php\/wp-json\/wp\/v2\/users\/1"}],"replies":[{"embeddable":true,"href":"https:\/\/gazdasagportal.hu\/index.php\/wp-json\/wp\/v2\/comments?post=84576"}],"version-history":[{"count":1,"href":"https:\/\/gazdasagportal.hu\/index.php\/wp-json\/wp\/v2\/posts\/84576\/revisions"}],"predecessor-version":[{"id":84577,"href":"https:\/\/gazdasagportal.hu\/index.php\/wp-json\/wp\/v2\/posts\/84576\/revisions\/84577"}],"wp:attachment":[{"href":"https:\/\/gazdasagportal.hu\/index.php\/wp-json\/wp\/v2\/media?parent=84576"}],"wp:term":[{"taxonomy":"category","embeddable":true,"href":"https:\/\/gazdasagportal.hu\/index.php\/wp-json\/wp\/v2\/categories?post=84576"},{"taxonomy":"post_tag","embeddable":true,"href":"https:\/\/gazdasagportal.hu\/index.php\/wp-json\/wp\/v2\/tags?post=84576"}],"curies":[{"name":"wp","href":"https:\/\/api.w.org\/{rel}","templated":true}]}}