{"id":84570,"date":"2016-09-12T18:22:28","date_gmt":"2016-09-12T16:22:28","guid":{"rendered":"http:\/\/gazdasagportal.hu\/?p=84570"},"modified":"2016-09-12T17:03:19","modified_gmt":"2016-09-12T15:03:19","slug":"moszkva-ellenzi-hogy-az-imf-ujabb-segelyreszletet-folyositson-ukrajnanak","status":"publish","type":"post","link":"https:\/\/gazdasagportal.hu\/index.php\/moszkva-ellenzi-hogy-az-imf-ujabb-segelyreszletet-folyositson-ukrajnanak\/","title":{"rendered":"Moszkva ellenzi, hogy az IMF \u00fajabb seg\u00e9lyr\u00e9szletet foly\u00f3s\u00edtson Ukrajn\u00e1nak"},"content":{"rendered":"<p><strong>Oroszorsz\u00e1g szerint Ukrajna nem teljes\u00edtette az \u00f6sszes felt\u00e9telt ahhoz, hogy a Nemzetk\u00f6zi Valutaalap (IMF) foly\u00f3s\u00edtsa a Kijev sz\u00e1m\u00e1ra elk\u00fcl\u00f6n\u00edtett seg\u00e9ly\u00f6sszeg \u00fajabb r\u00e9szlet\u00e9t, ez\u00e9rt Moszkva nemmel fog arra szavazni &#8211; jelentette ki Anton Sziluanov orosz p\u00e9nz\u00fcgyminiszter h\u00e9tf\u0151i moszkvai sajt\u00f3\u00e9rtekezlet\u00e9n.<\/strong><!--more--><\/p>\n<div class=\"ads-in-post1\"><div id=\"gazdasagportal.hu_fullbanner_wideboard\"><\/div>\r\n<\/div>\n<p>    Sziluanov szerint az IMF a saj\u00e1t szab\u00e1lyait s\u00e9rten\u00e9 meg a hitelez\u00e9s fel\u00faj\u00edt\u00e1s\u00e1val. Oroszorsz\u00e1g szerint Ukrajna ugyanis nem j\u00f3hiszem\u0171en t\u00e1rgyalt a Moszkv\u00e1val szemben fenn\u00e1ll\u00f3 3 milli\u00e1rd doll\u00e1ros ad\u00f3ss\u00e1g\u00e1llom\u00e1ny\u00e1nak \u00e1tstruktur\u00e1l\u00e1s\u00e1r\u00f3l, ahogy azt a szab\u00e1lyok el\u0151\u00edrj\u00e1k.<br \/>\n    Az orosz miniszter azt mondta, hogy Kijev a konstrukt\u00edv p\u00e1rbesz\u00e9d helyett a Moszkv\u00e1val szemben fenn\u00e1ll\u00f3 ad\u00f3ss\u00e1ga 36 sz\u00e1zal\u00e9k\u00e1nak le\u00edr\u00e1s\u00e1t javasolta, amit Oroszorsz\u00e1g nem tudott komolyan m\u00e9rlegelni. Jelezte, hogy okt\u00f3ber elej\u00e9n, az IMF \u00e9s a Vil\u00e1gbank washingtoni tan\u00e1cskoz\u00e1s\u00e1nak aprop\u00f3j\u00e1n tal\u00e1lkozni k\u00edv\u00e1n az \u00fcgyben ukr\u00e1n koll\u00e9g\u00e1j\u00e1val. A megbesz\u00e9l\u00e9s n\u00e9met k\u00f6zvet\u00edt\u00e9ssel j\u00f6n l\u00e9tre.<br \/>\n    Ukrajna 2015 v\u00e9g\u00e9n megtagadta, hogy visszafizesse Oroszorsz\u00e1gnak azt a 3 milli\u00e1rd doll\u00e1rnyi ad\u00f3ss\u00e1g\u00e1t, amelyet ukr\u00e1n eur\u00f3k\u00f6tv\u00e9nyek orosz felv\u00e1s\u00e1rl\u00e1s\u00e1val keletkezett, m\u00e9g Viktor Janukovics eln\u00f6ks\u00e9ge idej\u00e9n. V\u00e1laszul Moszkva Londonban pert ind\u00edtott Kijev ellen \u00e9s j\u00faliusban gyors\u00edtott elj\u00e1r\u00e1st k\u00e9rt az \u00fcgyben, amelyet 2017. janu\u00e1r 17. \u00e9s 20 k\u00f6z\u00f6tt t\u00e1rgyalnak majd.<br \/>\n    Moszkva szerint Kijev az elmaradt hozammal \u00e9s a b\u00fcntet\u0151kamatokkal egy\u00fctt \u00f6sszesen 3,2 milli\u00e1rd doll\u00e1rral tartozik neki.<br \/>\n    Az IMF 2015 december\u00e9ben fel\u00fclvizsg\u00e1lta a szuver\u00e9n hitelez\u0151knek tartoz\u00f3 \u00e1llamokkal szembeni hitelpolitik\u00e1j\u00e1t. Az \u00faj szab\u00e1lyok \u00e9rtelm\u00e9ben Ukrajna az Oroszorsz\u00e1ggal szembeni fizet\u00e9sk\u00e9ptelens\u00e9ge ellen\u00e9re is jogosult lenne k\u00f6lcs\u00f6nre a valutaalapn\u00e1l, \u00e1m ehhez egy sor felt\u00e9telnek kellene megfelelnie, egyebek k\u00f6z\u00f6tt annak, hogy &#8222;j\u00f3hiszem\u0171 t\u00e1rgyal\u00e1sokat&#8221; folytasson szuver\u00e9n hitelez\u0151j\u00e9vel.<br \/>\n    Az IMF igazgat\u00f3tan\u00e1csa szerd\u00e1n tan\u00e1cskozik majd Ukrajna 17,5 milli\u00e1rd doll\u00e1ros seg\u00e9lycsomagj\u00e1nak fel\u00fclvizsg\u00e1lat\u00e1r\u00f3l, arr\u00f3l, hogy r\u00e1b\u00f3lintson-e az \u00fajabb hitelr\u00e9szletre. A tavaly megk\u00f6t\u00f6tt hitelszerz\u0151d\u00e9s \u00e9rtelm\u00e9ben Ukrajna id\u00e9n elvileg 1,7 milli\u00e1rd doll\u00e1rnyi k\u00f6lcs\u00f6nr\u00e9szlethez juthat az IMF-t\u0151l, \u00e1m ezt egyes elemz\u0151k szerint nem fogja megkapni, mert a v\u00e1rtn\u00e1l lassabban haladnak a gazdas\u00e1g \u00e1talak\u00edt\u00e1s\u00e1t c\u00e9lz\u00f3 reformfolyamatok.<br \/>\n    Az IMF 2015 m\u00e1rcius\u00e1ban 17,5 milli\u00e1rd doll\u00e1ros hitelt hagyott j\u00f3v\u00e1 Ukrajna sz\u00e1m\u00e1ra, amelyet n\u00e9gy \u00e9ven \u00e1t t\u00f6bb r\u00e9szletben tervez<br \/>\nfoly\u00f3s\u00edtani. A k\u00f6lcs\u00f6n els\u0151 r\u00e9szlet\u00e9t &#8211; 5 milli\u00e1rd doll\u00e1rt &#8211; 2015. m\u00e1rcius 13-\u00e1n, a m\u00e1sodik r\u00e9szletet &#8211; 1,7 milli\u00e1rd doll\u00e1rt &#8211; szint\u00e9n<br \/>\ntavaly augusztus 4-\u00e9n kapta meg az orsz\u00e1g.(MTI)<\/p>\n","protected":false},"excerpt":{"rendered":"<p>Oroszorsz\u00e1g szerint Ukrajna nem teljes\u00edtette az \u00f6sszes felt\u00e9telt ahhoz, hogy a Nemzetk\u00f6zi Valutaalap (IMF) foly\u00f3s\u00edtsa a Kijev sz\u00e1m\u00e1ra elk\u00fcl\u00f6n\u00edtett seg\u00e9ly\u00f6sszeg \u00fajabb r\u00e9szlet\u00e9t, ez\u00e9rt Moszkva nemmel fog arra szavazni &#8211; jelentette ki Anton Sziluanov orosz p\u00e9nz\u00fcgyminiszter h\u00e9tf\u0151i moszkvai sajt\u00f3\u00e9rtekezlet\u00e9n.<\/p>\n","protected":false},"author":1,"featured_media":0,"comment_status":"open","ping_status":"closed","sticky":false,"template":"","format":"standard","meta":[],"categories":[12,139],"tags":[],"_links":{"self":[{"href":"https:\/\/gazdasagportal.hu\/index.php\/wp-json\/wp\/v2\/posts\/84570"}],"collection":[{"href":"https:\/\/gazdasagportal.hu\/index.php\/wp-json\/wp\/v2\/posts"}],"about":[{"href":"https:\/\/gazdasagportal.hu\/index.php\/wp-json\/wp\/v2\/types\/post"}],"author":[{"embeddable":true,"href":"https:\/\/gazdasagportal.hu\/index.php\/wp-json\/wp\/v2\/users\/1"}],"replies":[{"embeddable":true,"href":"https:\/\/gazdasagportal.hu\/index.php\/wp-json\/wp\/v2\/comments?post=84570"}],"version-history":[{"count":1,"href":"https:\/\/gazdasagportal.hu\/index.php\/wp-json\/wp\/v2\/posts\/84570\/revisions"}],"predecessor-version":[{"id":84571,"href":"https:\/\/gazdasagportal.hu\/index.php\/wp-json\/wp\/v2\/posts\/84570\/revisions\/84571"}],"wp:attachment":[{"href":"https:\/\/gazdasagportal.hu\/index.php\/wp-json\/wp\/v2\/media?parent=84570"}],"wp:term":[{"taxonomy":"category","embeddable":true,"href":"https:\/\/gazdasagportal.hu\/index.php\/wp-json\/wp\/v2\/categories?post=84570"},{"taxonomy":"post_tag","embeddable":true,"href":"https:\/\/gazdasagportal.hu\/index.php\/wp-json\/wp\/v2\/tags?post=84570"}],"curies":[{"name":"wp","href":"https:\/\/api.w.org\/{rel}","templated":true}]}}