{"id":84550,"date":"2016-09-12T13:14:17","date_gmt":"2016-09-12T11:14:17","guid":{"rendered":"http:\/\/gazdasagportal.hu\/?p=84550"},"modified":"2016-09-12T13:14:17","modified_gmt":"2016-09-12T11:14:17","slug":"kozel-az-eu-jovahagyas-a-paksi-atomeromu-bovitesere","status":"publish","type":"post","link":"https:\/\/gazdasagportal.hu\/index.php\/kozel-az-eu-jovahagyas-a-paksi-atomeromu-bovitesere\/","title":{"rendered":"K\u00f6zel az EU-j\u00f3v\u00e1hagy\u00e1s a paksi atomer\u0151m\u0171 b\u0151v\u00edt\u00e9s\u00e9re"},"content":{"rendered":"<p><strong>K\u00f6zel van a paksi b\u0151v\u00edt\u00e9s uni\u00f3s j\u00f3v\u00e1hagy\u00e1sa, Maros Sefcovic, az Eur\u00f3pai Bizotts\u00e1g energiauni\u00f3\u00e9rt felel\u0151s aleln\u00f6ke, azt mondta, Magyarorsz\u00e1g k\u00f6zel \u00e1ll a paksi atomer\u0151m\u0171 b\u0151v\u00edt\u00e9s\u00e9nek terv\u00e9vel kapcsolatos minden k\u00e9rd\u00e9s &#8222;pozit\u00edv elrendez\u00e9s\u00e9hez&#8221;.  <\/strong><!--more--><\/p>\n<div class=\"ads-in-post1\"><div id=\"gazdasagportal.hu_fullbanner_wideboard\"><\/div>\r\n<\/div>\n<p>    Az aleln\u00f6k, akit a Ria Novosztyi orosz h\u00edr\u00fcgyn\u00f6ks\u00e9g id\u00e9zett a Bloomberg jelent\u00e9se alapj\u00e1n kifejtette, ha Magyarorsz\u00e1g \u00fagy d\u00f6nt, hogy meg\u00e9p\u00edti az atomer\u0151m\u0171vet &#8211; ami teljes m\u00e9rt\u00e9kben \u00f6sszhangban \u00e1ll minden uni\u00f3s tag\u00e1llamnak azzal a jog\u00e1val, hogy d\u00f6nts\u00f6n saj\u00e1t energiamix\u00e9r\u0151l &#8211; az uni\u00f3s jogszab\u00e1lyoknak megfelel\u0151en teheti meg.<br \/>\n    A Bloomberg eml\u00e9keztetett Szijj\u00e1rt\u00f3 P\u00e9ter k\u00fclgazdas\u00e1gi \u00e9s k\u00fcl\u00fcgyminiszter j\u00faniusi kijelent\u00e9s\u00e9re, miszerint nem l\u00e1tja semmilyen akad\u00e1ly\u00e1t annak, hogy az EU j\u00f3v\u00e1hagyja a paksi er\u0151m\u0171 b\u0151v\u00edt\u00e9s\u00e9nek terv\u00e9t.<br \/>\n    Maros Sefcovic \u00e9s Miguel Arias Canete \u00e9ghajlat- \u00e9s energiapolitik\u00e1\u00e9rt felel\u0151s uni\u00f3s biztos p\u00e9nteken Budapesten tart\u00f3zkodott \u00e9s r\u00e9szt vett a k\u00f6z\u00e9p- \u00e9s d\u00e9lkelet-eur\u00f3pai f\u00f6ldg\u00e1z \u00f6sszek\u00f6ttet\u00e9sek megteremt\u00e9s\u00e9t \u00e9s az energiabiztons\u00e1g meger\u0151s\u00edt\u00e9s\u00e9t c\u00e9lz\u00f3 CESEC munkacsoport idei miniszteri \u00fcl\u00e9s\u00e9n.<br \/>\n(MTI)<\/p>\n","protected":false},"excerpt":{"rendered":"<p>K\u00f6zel van a paksi b\u0151v\u00edt\u00e9s uni\u00f3s j\u00f3v\u00e1hagy\u00e1sa, Maros Sefcovic, az Eur\u00f3pai Bizotts\u00e1g energiauni\u00f3\u00e9rt felel\u0151s aleln\u00f6ke, azt mondta, Magyarorsz\u00e1g k\u00f6zel \u00e1ll a paksi atomer\u0151m\u0171 b\u0151v\u00edt\u00e9s\u00e9nek terv\u00e9vel kapcsolatos minden k\u00e9rd\u00e9s &#8222;pozit\u00edv elrendez\u00e9s\u00e9hez&#8221;.<\/p>\n","protected":false},"author":1,"featured_media":0,"comment_status":"open","ping_status":"closed","sticky":false,"template":"","format":"standard","meta":[],"categories":[19],"tags":[],"_links":{"self":[{"href":"https:\/\/gazdasagportal.hu\/index.php\/wp-json\/wp\/v2\/posts\/84550"}],"collection":[{"href":"https:\/\/gazdasagportal.hu\/index.php\/wp-json\/wp\/v2\/posts"}],"about":[{"href":"https:\/\/gazdasagportal.hu\/index.php\/wp-json\/wp\/v2\/types\/post"}],"author":[{"embeddable":true,"href":"https:\/\/gazdasagportal.hu\/index.php\/wp-json\/wp\/v2\/users\/1"}],"replies":[{"embeddable":true,"href":"https:\/\/gazdasagportal.hu\/index.php\/wp-json\/wp\/v2\/comments?post=84550"}],"version-history":[{"count":1,"href":"https:\/\/gazdasagportal.hu\/index.php\/wp-json\/wp\/v2\/posts\/84550\/revisions"}],"predecessor-version":[{"id":84551,"href":"https:\/\/gazdasagportal.hu\/index.php\/wp-json\/wp\/v2\/posts\/84550\/revisions\/84551"}],"wp:attachment":[{"href":"https:\/\/gazdasagportal.hu\/index.php\/wp-json\/wp\/v2\/media?parent=84550"}],"wp:term":[{"taxonomy":"category","embeddable":true,"href":"https:\/\/gazdasagportal.hu\/index.php\/wp-json\/wp\/v2\/categories?post=84550"},{"taxonomy":"post_tag","embeddable":true,"href":"https:\/\/gazdasagportal.hu\/index.php\/wp-json\/wp\/v2\/tags?post=84550"}],"curies":[{"name":"wp","href":"https:\/\/api.w.org\/{rel}","templated":true}]}}