{"id":84548,"date":"2016-09-12T12:42:50","date_gmt":"2016-09-12T10:42:50","guid":{"rendered":"http:\/\/gazdasagportal.hu\/?p=84548"},"modified":"2016-09-12T12:42:50","modified_gmt":"2016-09-12T10:42:50","slug":"autoba-rejtett-pokolgep-robbant-hetfon-a-kormanypart-egyik-kelet-torokorszagi-szekhaza-elott","status":"publish","type":"post","link":"https:\/\/gazdasagportal.hu\/index.php\/autoba-rejtett-pokolgep-robbant-hetfon-a-kormanypart-egyik-kelet-torokorszagi-szekhaza-elott\/","title":{"rendered":"Aut\u00f3ba rejtett pokolg\u00e9p robbant h\u00e9tf\u0151n a korm\u00e1nyp\u00e1rt egyik kelet-t\u00f6r\u00f6korsz\u00e1gi sz\u00e9kh\u00e1za el\u0151tt"},"content":{"rendered":"<p><strong>Aut\u00f3ba rejtett pokolg\u00e9p robbant h\u00e9tf\u0151n a f\u0151k\u00e9nt kurdok lakta kelet-t\u00f6r\u00f6korsz\u00e1gi Van v\u00e1ros k\u00f6zpontj\u00e1ban, a korm\u00e1nyz\u00f3 Igazs\u00e1g \u00e9s Fejl\u0151d\u00e9s P\u00e1rtja (AKP) tartom\u00e1nyi sz\u00e9kh\u00e1za el\u0151tti betonakad\u00e1lyok mellett, 27 ember megsebes\u00fclt, k\u00f6zt\u00fck 2 rend\u0151r &#8211; jelentette a Dogan t\u00f6r\u00f6k h\u00edr\u00fcgyn\u00f6ks\u00e9g.<\/strong><!--more--><\/p>\n<div class=\"ads-in-post1\"><div id=\"gazdasagportal.hu_fullbanner_wideboard\"><\/div>\r\n<\/div>\n<p>    A mer\u00e9nyletet a muszlim \u00e1ldozati \u00fcnnep els\u0151 napj\u00e1n hajtott\u00e1k v\u00e9gre. A helysz\u00ednre sok ment\u0151egys\u00e9get vez\u00e9nyeltek ki, a deton\u00e1ci\u00f3 miatt fellobbant t\u00fczeket m\u00e9g rend\u0151rs\u00e9gi v\u00edz\u00e1gy\u00faval is oltott\u00e1k. A k\u00f6rnyez\u0151 \u00e9p\u00fcletekben komoly k\u00e1rok keletkeztek.<br \/>\n    A hat\u00f3s\u00e1gok a kurdok auton\u00f3mi\u00e1\u00e9rt 1984 \u00f3ta k\u00fczd\u0151 Kurdiszt\u00e1ni Munk\u00e1sp\u00e1rtot (PKK) teszik felel\u0151ss\u00e9 a t\u00f6rt\u00e9ntek\u00e9rt. A terrorszervezetnek min\u0151s\u00edtett csoport gyakran hajt v\u00e9gre hasonl\u00f3 mer\u00e9nyleteket a t\u00e9rs\u00e9gben. Legut\u00f3bb augusztus 26-\u00e1n, a t\u00f6r\u00f6k hader\u0151 sz\u00edriai beavatkoz\u00e1s\u00e1nak kezdete ut\u00e1n k\u00e9t nappal, a d\u00e9lkelet-t\u00f6r\u00f6korsz\u00e1gi Cizre v\u00e1rosban a k\u00e9szenl\u00e9ti rend\u0151rs\u00e9g ellen\u0151rz\u0151pontj\u00e1n\u00e1l egy d\u00f6mperben robbantotta fel mag\u00e1t egy \u00f6ngyilkos mer\u00e9nyl\u0151, akkor rajta k\u00edv\u00fcl tizenn\u00e9gy rend\u0151r vesztette \u00e9let\u00e9t.<br \/>\n    Burhan Kayat\u00fcrk, az AKP vani k\u00e9pvisel\u0151je szerint a helyzet nem s\u00falyos, de a h\u00e9tf\u0151i t\u00e1mad\u00e1s egy\u00e9rtelm\u0171en a sz\u00e9kh\u00e1z ellen ir\u00e1nyult.<br \/>\n    Recep Tayyip Erdogan t\u00f6r\u00f6k eln\u00f6k cs\u00fct\u00f6rt\u00f6k\u00f6n \u00fagy fogalmazott, hogy T\u00f6r\u00f6korsz\u00e1g t\u00f6rt\u00e9nelm\u00e9nek legnagyobb szab\u00e1s\u00fa harc\u00e1t v\u00edvja a kurd szeparatizmussal szemben. R\u00e1mutatott: a kurdok lakta r\u00e9gi\u00f3kban folytatott katonai m\u0171veletek mellett a PKK-ra vonatkoz\u00f3an is elkezdik azt a tisztogat\u00e1si folyamatot, amely a j\u00falius 15-i puccsk\u00eds\u00e9rlet \u00f3ta az \u00f6sszeesk\u00fcv\u00e9s t\u00e1mogat\u00f3i ellen zajlik.(MTI)<\/p>\n","protected":false},"excerpt":{"rendered":"<p>Aut\u00f3ba rejtett pokolg\u00e9p robbant h\u00e9tf\u0151n a f\u0151k\u00e9nt kurdok lakta kelet-t\u00f6r\u00f6korsz\u00e1gi Van v\u00e1ros k\u00f6zpontj\u00e1ban, a korm\u00e1nyz\u00f3 Igazs\u00e1g \u00e9s Fejl\u0151d\u00e9s P\u00e1rtja (AKP) tartom\u00e1nyi sz\u00e9kh\u00e1za el\u0151tti betonakad\u00e1lyok mellett, 27 ember megsebes\u00fclt, k\u00f6zt\u00fck 2 rend\u0151r &#8211; jelentette a Dogan t\u00f6r\u00f6k h\u00edr\u00fcgyn\u00f6ks\u00e9g.<\/p>\n","protected":false},"author":1,"featured_media":0,"comment_status":"open","ping_status":"closed","sticky":false,"template":"","format":"standard","meta":[],"categories":[12],"tags":[],"_links":{"self":[{"href":"https:\/\/gazdasagportal.hu\/index.php\/wp-json\/wp\/v2\/posts\/84548"}],"collection":[{"href":"https:\/\/gazdasagportal.hu\/index.php\/wp-json\/wp\/v2\/posts"}],"about":[{"href":"https:\/\/gazdasagportal.hu\/index.php\/wp-json\/wp\/v2\/types\/post"}],"author":[{"embeddable":true,"href":"https:\/\/gazdasagportal.hu\/index.php\/wp-json\/wp\/v2\/users\/1"}],"replies":[{"embeddable":true,"href":"https:\/\/gazdasagportal.hu\/index.php\/wp-json\/wp\/v2\/comments?post=84548"}],"version-history":[{"count":1,"href":"https:\/\/gazdasagportal.hu\/index.php\/wp-json\/wp\/v2\/posts\/84548\/revisions"}],"predecessor-version":[{"id":84549,"href":"https:\/\/gazdasagportal.hu\/index.php\/wp-json\/wp\/v2\/posts\/84548\/revisions\/84549"}],"wp:attachment":[{"href":"https:\/\/gazdasagportal.hu\/index.php\/wp-json\/wp\/v2\/media?parent=84548"}],"wp:term":[{"taxonomy":"category","embeddable":true,"href":"https:\/\/gazdasagportal.hu\/index.php\/wp-json\/wp\/v2\/categories?post=84548"},{"taxonomy":"post_tag","embeddable":true,"href":"https:\/\/gazdasagportal.hu\/index.php\/wp-json\/wp\/v2\/tags?post=84548"}],"curies":[{"name":"wp","href":"https:\/\/api.w.org\/{rel}","templated":true}]}}