{"id":84542,"date":"2016-09-12T11:37:55","date_gmt":"2016-09-12T09:37:55","guid":{"rendered":"http:\/\/gazdasagportal.hu\/?p=84542"},"modified":"2016-09-12T11:37:55","modified_gmt":"2016-09-12T09:37:55","slug":"etikai-vizsgalat-indul-brusszelben-mert-barroso-a-goldman-sachsnal-kezdett-dolgozni","status":"publish","type":"post","link":"https:\/\/gazdasagportal.hu\/index.php\/etikai-vizsgalat-indul-brusszelben-mert-barroso-a-goldman-sachsnal-kezdett-dolgozni\/","title":{"rendered":"Etikai vizsg\u00e1lat indul Br\u00fcsszelben, mert Barroso a Goldman Sachsn\u00e1l kezdett dolgozni"},"content":{"rendered":"<p><strong>Jean-Claude Juncker, az Eur\u00f3pai Bizotts\u00e1g (EB) jelenlegi eln\u00f6ke vizsg\u00e1latot rendelt el el\u0151dje, Jos\u00e9 Manuel Barroso \u00fcgy\u00e9ben, aki sokak rosszall\u00e1s\u00e1t kiv\u00e1ltva nemr\u00e9giben munk\u00e1ba \u00e1llt a Goldman Sachs amerikai befektet\u00e9si bankn\u00e1l.<\/strong><!--more--><\/p>\n<div class=\"ads-in-post1\"><div id=\"gazdasagportal.hu_fullbanner_wideboard\"><\/div>\r\n<\/div>\n<p>    Az EB etikai bizotts\u00e1ga azt fogja vizsg\u00e1lni, hogy a br\u00fcsszeli test\u00fclet kor\u00e1bbi vezet\u0151je megs\u00e9rtette-e a bels\u0151 szab\u00e1lyoz\u00e1st azzal, hogy elhelyezkedett a glob\u00e1lis p\u00e9nz\u00fcgyi v\u00e1ls\u00e1g kirobban\u00e1s\u00e1ban sokak \u00e1ltal felel\u0151ss\u00e9 tett c\u00e9gn\u00e9l.<br \/>\n    Emily O&#8217;Reilly eur\u00f3pai ombudsman n\u00e9h\u00e1ny nappal ezel\u0151tt felsz\u00f3l\u00edtotta Jean-Claude Junckert, hogy gy\u0151z\u0151dj\u00f6n meg arr\u00f3l, el\u0151dje kinevez\u00e9se megfelel-e az etikai k\u00f3dex el\u0151\u00edr\u00e1sainak. A bizotts\u00e1gi eln\u00f6k vas\u00e1rnapi v\u00e1lasz\u00e1ban azt \u00edrta, hogy a v\u00e1llalatn\u00e1l bet\u00f6lt\u00f6tt &#8222;munkak\u00f6ri felel\u0151ss\u00e9g\u00e9nek tiszt\u00e1z\u00e1s\u00e1ra&#8221; k\u00e9rte Barros\u00f3t.<br \/>\n    Juncker k\u00f6z\u00f6lte, el\u0151dj\u00e9t ezent\u00fal nem a szervezet kor\u00e1bbi eln\u00f6kek\u00e9nt, hanem egyszer\u0171 lobbistak\u00e9nt fogj\u00e1k fogadni az Eur\u00f3pai Bizotts\u00e1gn\u00e1l, ami azt is jelenti, hogy fel kell iratkoznia az \u00fagynevezett \u00e1tl\u00e1that\u00f3s\u00e1gi nyilv\u00e1ntart\u00e1sba &#8211; t\u00e1j\u00e9koztatott a Politico br\u00fcsszeli h\u00edrport\u00e1l.<br \/>\n    A bizotts\u00e1g eln\u00f6ke emellett arr\u00f3l is besz\u00e1molt, Barroso biztos\u00edtotta afel\u0151l, hogy &#8222;tov\u00e1bbra is eleget fog tenni a fenn\u00e1ll\u00f3 k\u00f6telezetts\u00e9geinek, feddhetetlen\u00fcl \u00e9s tart\u00f3zkod\u00f3an fog elj\u00e1rni&#8221;. A szab\u00e1lyok \u00e9rtelm\u00e9ben az egykori uni\u00f3s biztosok elvesz\u00edthetik a nyugd\u00edjjogosults\u00e1gaikat, amennyiben nem tartj\u00e1k be ezt az el\u0151\u00edr\u00e1st.<br \/>\n    A Goldman Sachs j\u00faliusban jelentette be, hogy Jos\u00e9 Manuel Barroso a c\u00e9g nemzetk\u00f6zi \u00fczlet\u00e1g\u00e1nak tan\u00e1csad\u00f3ja lesz, valamint a nem operat\u00edv feladatokkal megb\u00edzott igazgat\u00f3s\u00e1g eln\u00f6ke.<br \/>\n    Barroso kinevez\u00e9se komoly felh\u00e1borod\u00e1st keltett Br\u00fcsszelben. Az Eur\u00f3pai Bizotts\u00e1gnak ugyanakkor az ut\u00f3bbi h\u00f3napokban v\u00e9gig az volt az \u00e1ll\u00e1spontja, hogy Barroso nem v\u00e9tett az etikai k\u00f3dex el\u0151\u00edr\u00e1sai ellen.<br \/>\n    A jelenlegi szab\u00e1lyok \u00e9rtelm\u00e9ben a bizotts\u00e1g tagjainak megb\u00edzat\u00e1suk lej\u00e1rta ut\u00e1n 18 h\u00f3napig kell v\u00e1rniuk, miel\u0151tt elhelyezkedn\u00e9nek valahol, Barroso pedig ennek eleget is tett. O&#8217;Reilly azonban az EB tagjaira vonatkoz\u00f3 etikai k\u00f3dex m\u00f3dos\u00edt\u00e1s\u00e1t szorgalmazta, ugyanis c\u00e9lravezet\u0151bbnek tartan\u00e1, ha nem csak az eltelt h\u00f3napok sz\u00e1m\u00e1t venn\u00e9k figyelembe, \u00e9s minden \u00fcgyet k\u00fcl\u00f6n megvizsg\u00e1ln\u00e1nak.<br \/>\n    Jos\u00e9 Manuel Barroso 2004-t\u0151l \u00e9s 2014-ig volt az Eur\u00f3pai Bizotts\u00e1g eln\u00f6ke.(MTI)<\/p>\n","protected":false},"excerpt":{"rendered":"<p>Jean-Claude Juncker, az Eur\u00f3pai Bizotts\u00e1g (EB) jelenlegi eln\u00f6ke vizsg\u00e1latot rendelt el el\u0151dje, Jos\u00e9 Manuel Barroso \u00fcgy\u00e9ben, aki sokak rosszall\u00e1s\u00e1t kiv\u00e1ltva nemr\u00e9giben munk\u00e1ba \u00e1llt a Goldman Sachs amerikai befektet\u00e9si bankn\u00e1l.<\/p>\n","protected":false},"author":1,"featured_media":65285,"comment_status":"open","ping_status":"closed","sticky":false,"template":"","format":"standard","meta":[],"categories":[146,246],"tags":[],"_links":{"self":[{"href":"https:\/\/gazdasagportal.hu\/index.php\/wp-json\/wp\/v2\/posts\/84542"}],"collection":[{"href":"https:\/\/gazdasagportal.hu\/index.php\/wp-json\/wp\/v2\/posts"}],"about":[{"href":"https:\/\/gazdasagportal.hu\/index.php\/wp-json\/wp\/v2\/types\/post"}],"author":[{"embeddable":true,"href":"https:\/\/gazdasagportal.hu\/index.php\/wp-json\/wp\/v2\/users\/1"}],"replies":[{"embeddable":true,"href":"https:\/\/gazdasagportal.hu\/index.php\/wp-json\/wp\/v2\/comments?post=84542"}],"version-history":[{"count":1,"href":"https:\/\/gazdasagportal.hu\/index.php\/wp-json\/wp\/v2\/posts\/84542\/revisions"}],"predecessor-version":[{"id":84543,"href":"https:\/\/gazdasagportal.hu\/index.php\/wp-json\/wp\/v2\/posts\/84542\/revisions\/84543"}],"wp:featuredmedia":[{"embeddable":true,"href":"https:\/\/gazdasagportal.hu\/index.php\/wp-json\/wp\/v2\/media\/65285"}],"wp:attachment":[{"href":"https:\/\/gazdasagportal.hu\/index.php\/wp-json\/wp\/v2\/media?parent=84542"}],"wp:term":[{"taxonomy":"category","embeddable":true,"href":"https:\/\/gazdasagportal.hu\/index.php\/wp-json\/wp\/v2\/categories?post=84542"},{"taxonomy":"post_tag","embeddable":true,"href":"https:\/\/gazdasagportal.hu\/index.php\/wp-json\/wp\/v2\/tags?post=84542"}],"curies":[{"name":"wp","href":"https:\/\/api.w.org\/{rel}","templated":true}]}}