{"id":84540,"date":"2016-09-12T11:11:35","date_gmt":"2016-09-12T09:11:35","guid":{"rendered":"http:\/\/gazdasagportal.hu\/?p=84540"},"modified":"2016-09-12T11:38:25","modified_gmt":"2016-09-12T09:38:25","slug":"varga-mihaly-interju-europanak-meg-kell-vedenie-magat","status":"publish","type":"post","link":"https:\/\/gazdasagportal.hu\/index.php\/varga-mihaly-interju-europanak-meg-kell-vedenie-magat\/","title":{"rendered":"Varga Mih\u00e1ly a Handelsblattnak: Eur\u00f3p\u00e1nak meg kell v\u00e9denie mag\u00e1t"},"content":{"rendered":"<p><strong>Varga Mih\u00e1ly nemzetgazdas\u00e1gi miniszterrel k\u00f6z\u00f6lt interj\u00fat h\u00e9tf\u0151i sz\u00e1m\u00e1ban a Handelsblatt c\u00edm\u0171 n\u00e9met \u00fczleti lap Eur\u00f3p\u00e1nak meg kell v\u00e9denie mag\u00e1t c\u00edmmel.<\/strong><!--more--><\/p>\n<div class=\"ads-in-post1\"><div id=\"gazdasagportal.hu_fullbanner_wideboard\"><\/div>\r\n<\/div>\n<p>    A miniszter az interj\u00faban kiemelte, hogy Eur\u00f3pa v\u00e1ls\u00e1gban van, \u00e9s ideje \u0151szint\u00e9n besz\u00e9lni az olyan t\u00e9m\u00e1kr\u00f3l, mint a migr\u00e1nsok be\u00e1raml\u00e1sa. Nemcsak magyar \u00e1ll\u00e1spont, hanem a V4 csoport (Csehorsz\u00e1g, Lengyelorsz\u00e1g, Magyarorsz\u00e1g, Szlov\u00e1kia) valamennyi tagj\u00e1nak k\u00f6z\u00f6s meggy\u0151z\u0151d\u00e9se, hogy &#8222;nem akarjuk, hogy felforgass\u00e1k az etnikai, vall\u00e1si \u00e9s kultur\u00e1lis ellens\u00falyt&#8221; &#8211; h\u00fazta al\u00e1.<br \/>\n    Arra a k\u00e9rd\u00e9sre, hogy mit v\u00e1r huszonh\u00e9t EU-tag\u00e1llam p\u00e9nteki pozsonyi cs\u00facstal\u00e1lkoz\u00f3j\u00e1t\u00f3l, azt mondta, az eur\u00f3pai vezet\u0151k sz\u00e1m\u00e1ra az a &#8222;kulcs&#8221;, hogy megold\u00e1st tal\u00e1ljanak az eur\u00f3paiakat val\u00f3ban aggaszt\u00f3 \u00fcgyekre, a t\u00f6meges bev\u00e1ndorl\u00e1sra \u00e9s k\u00f6vetkezm\u00e9nyeire, a terrorvesz\u00e9lyre, a biztons\u00e1gi helyzetre \u00e9s a kultur\u00e1lis fesz\u00fclts\u00e9gekre.<br \/>\n    &#8222;A migr\u00e1ci\u00f3t meg kell \u00e1ll\u00edtani, mert fenyegeti Eur\u00f3pa j\u00f6v\u0151j\u00e9t&#8221;, \u00e9s &#8222;Eur\u00f3p\u00e1nak meg kell v\u00e9denie mag\u00e1t a gazdas\u00e1gi \u00e9s illeg\u00e1lis menek\u00fcltekt\u0151l, \u00e9s ki kell \u00e9p\u00edtenie hat\u00e1rv\u00e9delm\u00e9t&#8221; &#8211; hangs\u00falyozta Varga Mih\u00e1ly.<br \/>\n    Pozsonyban d\u00f6nt\u00e9seket kell hozni, \u00e9s v\u00e1laszokat kell tal\u00e1lni arra a k\u00e9rd\u00e9sre, hogy &#8222;gyenge Eur\u00f3p\u00e1ban akarunk-e \u00e9lni, amely nem tudja megv\u00e9deni mag\u00e1t, vagy egy er\u0151s Eur\u00f3p\u00e1ban, amely meg tudja v\u00e9deni kult\u00far\u00e1j\u00e1t, biztons\u00e1g\u00e1t \u00e9s \u00e9letmin\u0151s\u00e9g\u00e9t&#8221; &#8211; tette hozz\u00e1.<br \/>\n    A kv\u00f3tareferendumr\u00f3l sz\u00f3lva a nemzetgazdas\u00e1gi miniszter kiemelte, hogy a n\u00e9pszavaz\u00e1s d\u00f6nt\u0151 fontoss\u00e1g\u00fa int\u00e9zm\u00e9ny egy demokr\u00e1ci\u00e1ban, biztos\u00edtja a n\u00e9p sz\u00e1m\u00e1ra, hogy a nem k\u00edv\u00e1nt d\u00f6nt\u00e9seket ne tudj\u00e1k r\u00e1k\u00e9nyszer\u00edteni.<br \/>\n    Arra a k\u00e9rd\u00e9sre, sz\u00e1m\u00edt-e Magyarorsz\u00e1g tekint\u00e9ly\u00e9nek csorbul\u00e1s\u00e1ra a referendum miatt, kiemelte, hogy azoknak van okuk agg\u00f3dni a tekint\u00e9ly\u00fck \u00e9s az integrit\u00e1suk miatt, akik a n\u00e9ppel val\u00f3 egyeztet\u00e9s n\u00e9lk\u00fcl hoznak meg fontos d\u00f6nt\u00e9seket. Magyarorsz\u00e1g viszont &#8222;demokratikus orsz\u00e1g, ahol v\u00e9lem\u00e9nyszabads\u00e1g van, ez a mi im\u00e1zsunk&#8221; &#8211; sz\u00f6gezte le Varga Mih\u00e1ly.<br \/>\n    Arra a felvet\u00e9sre, hogy Magyarorsz\u00e1g profit\u00e1l az \u00e1ruk, szem\u00e9lyek, szolg\u00e1ltat\u00e1sok uni\u00f3s bels\u0151 piaci szabads\u00e1g\u00e1b\u00f3l, de nem tan\u00fas\u00edt szolidarit\u00e1st N\u00e9metorsz\u00e1ggal, kijelentette, hogy a t\u00f6meges bev\u00e1ndorl\u00e1s \u00e9ppen az \u00e1ruk \u00e9s szem\u00e9lyek szabad mozg\u00e1s\u00e1t fenyegeti, \u00e9s az uni\u00f3s tagorsz\u00e1gok arra k\u00e9nyszer\u00fclnek, hogy t\u00f6bb p\u00e9nzt ford\u00edtsanak a hat\u00e1rok biztos\u00edt\u00e1s\u00e1ra \u00e9s ker\u00edt\u00e9sek \u00e9p\u00edt\u00e9s\u00e9re.<br \/>\n    &#8222;Magyarorsz\u00e1g az EU tagja, \u00e9s az is akar maradni, sz\u00e1munkra a hi\u00e1nyos br\u00fcsszeli menek\u00fcltpolitika a probl\u00e9ma, nem az EU \u00f6nmag\u00e1ban&#8221; &#8211; emelte ki a nemzetgazdas\u00e1gi miniszter.<br \/>\n    A magyar-n\u00e9met gazdas\u00e1gi egy\u00fcttm\u0171k\u00f6d\u00e9sr\u0151l sz\u00f3lva meg\u00e1llap\u00edtotta, hogy az ut\u00f3bbi \u00e9vekben a k\u00e9toldal\u00fa kapcsolatok rendk\u00edv\u00fcl sikeresen alakultak. Hozz\u00e1tette, hogy a Magyarorsz\u00e1gon tev\u00e9kenyked\u0151 t\u00f6bb mint 6000, r\u00e9szben vagy eg\u00e9sz\u00e9ben n\u00e9met tulajdonban \u00e1ll\u00f3 v\u00e1llalkoz\u00e1s 300 ezern\u00e9l is t\u00f6bb embert foglalkoztat, a n\u00e9met c\u00e9geknek kulcsszerep\u00fck van a magyar gazdas\u00e1g fejl\u0151d\u00e9s\u00e9ben, \u00e9s a korm\u00e1ny tov\u00e1bbi beruh\u00e1z\u00e1sokra sz\u00e1m\u00edt n\u00e9met v\u00e1llalatokt\u00f3l.<br \/>\n    Az orsz\u00e1g \u00fajraiparos\u00edt\u00e1s\u00e1nak terv\u00e9r\u0151l elmondta, hogy jelenleg az aut\u00f3ipar, a szolg\u00e1ltat\u00e1si \u00e1gazat \u00e9s az elektronika a legnagyobb ter\u00fclet, a korm\u00e1ny terve pedig a beruh\u00e1z\u00e1sok diverzifik\u00e1ci\u00f3j\u00e1ra ir\u00e1nyul, c\u00e9lja a t\u00f6bbi k\u00f6z\u00f6tt az eg\u00e9szs\u00e9gipar, a z\u00f6ldgazdas\u00e1g, az elektromobilit\u00e1s, az infokommunik\u00e1ci\u00f3 \u00e9s a v\u00e9delmi ipar fejleszt\u00e9se. Mint mondta, a korm\u00e1ny valamennyi ter\u00fcleten er\u0151tejesebb n\u00e9met szerepv\u00e1llal\u00e1st v\u00e1r, \u00e9s a kutat\u00e1s-fejleszt\u00e9si tev\u00e9kenys\u00e9g b\u0151v\u00edt\u00e9s\u00e9t is t\u00e1mogatja.<br \/>\n    Arra a k\u00e9rd\u00e9sre, hogy a b\u00e9remelked\u00e9s fenyegeti-e Magyarorsz\u00e1g t\u00e9rs\u00e9gi versenyel\u0151ny\u00e9t, a miniszter kiemelte, hogy a b\u00e9rek ugyan m\u00e1sf\u00e9l \u00e9ve emelkednek, de az ad\u00f3kedvezm\u00e9nyek sora, a j\u00f3l k\u00e9pzett munkaer\u0151, a &#8222;munkaad\u00f3bar\u00e1t k\u00f6rnyezet&#8221; \u00e9s a kutat\u00e1s-fejleszt\u00e9si tev\u00e9kenys\u00e9g is fontos jellemz\u0151je az orsz\u00e1gnak. \u00c9ppen ez\u00e9rt ind\u00edt a Daimler a k\u00f6zelj\u00f6v\u0151ben 1,9 milli\u00e1rd eur\u00f3s beruh\u00e1z\u00e1st Magyarorsz\u00e1gon &#8211; h\u00fazta al\u00e1 Varga Mih\u00e1ly.<br \/>\n    Arra a k\u00e9rd\u00e9sre, nem fogynak-e el lassank\u00e9nt a szakmunk\u00e1sok, hangs\u00falyozta: a korm\u00e1ny tudja, hogy el\u0151rel\u00e9p\u00e9sre van sz\u00fcks\u00e9g a munkaer\u0151piacon, ez\u00e9rt vezette be a gazdas\u00e1g ig\u00e9nyeihez alkalmazkod\u00f3 \u00faj szakk\u00e9pz\u00e9si rendszert. A korm\u00e1ny tov\u00e1bb\u00e1 meger\u0151s\u00edtette a du\u00e1lis k\u00e9pz\u00e9s rendszer\u00e9t, \u00e9s 2017-t\u0151l er\u0151teljesebben \u00f6szt\u00f6nzi a munkaer\u0151 mobilit\u00e1s\u00e1t &#8211; mondta a nemzetgazdas\u00e1gi miniszter.(MTI)<\/p>\n","protected":false},"excerpt":{"rendered":"<p>Varga Mih\u00e1ly nemzetgazdas\u00e1gi miniszterrel k\u00f6z\u00f6lt interj\u00fat h\u00e9tf\u0151i sz\u00e1m\u00e1ban a Handelsblatt c\u00edm\u0171 n\u00e9met \u00fczleti lap Eur\u00f3p\u00e1nak meg kell v\u00e9denie mag\u00e1t c\u00edmmel.<\/p>\n","protected":false},"author":1,"featured_media":0,"comment_status":"open","ping_status":"closed","sticky":false,"template":"","format":"standard","meta":[],"categories":[4],"tags":[],"_links":{"self":[{"href":"https:\/\/gazdasagportal.hu\/index.php\/wp-json\/wp\/v2\/posts\/84540"}],"collection":[{"href":"https:\/\/gazdasagportal.hu\/index.php\/wp-json\/wp\/v2\/posts"}],"about":[{"href":"https:\/\/gazdasagportal.hu\/index.php\/wp-json\/wp\/v2\/types\/post"}],"author":[{"embeddable":true,"href":"https:\/\/gazdasagportal.hu\/index.php\/wp-json\/wp\/v2\/users\/1"}],"replies":[{"embeddable":true,"href":"https:\/\/gazdasagportal.hu\/index.php\/wp-json\/wp\/v2\/comments?post=84540"}],"version-history":[{"count":2,"href":"https:\/\/gazdasagportal.hu\/index.php\/wp-json\/wp\/v2\/posts\/84540\/revisions"}],"predecessor-version":[{"id":84544,"href":"https:\/\/gazdasagportal.hu\/index.php\/wp-json\/wp\/v2\/posts\/84540\/revisions\/84544"}],"wp:attachment":[{"href":"https:\/\/gazdasagportal.hu\/index.php\/wp-json\/wp\/v2\/media?parent=84540"}],"wp:term":[{"taxonomy":"category","embeddable":true,"href":"https:\/\/gazdasagportal.hu\/index.php\/wp-json\/wp\/v2\/categories?post=84540"},{"taxonomy":"post_tag","embeddable":true,"href":"https:\/\/gazdasagportal.hu\/index.php\/wp-json\/wp\/v2\/tags?post=84540"}],"curies":[{"name":"wp","href":"https:\/\/api.w.org\/{rel}","templated":true}]}}