{"id":84523,"date":"2016-09-11T17:18:27","date_gmt":"2016-09-11T15:18:27","guid":{"rendered":"http:\/\/gazdasagportal.hu\/?p=84523"},"modified":"2016-09-11T17:18:27","modified_gmt":"2016-09-11T15:18:27","slug":"brexit-brit-belugyminiszter-a-munkavallalasi-engedely-is-a-korlatozasi-lehetosegek-kozott-van","status":"publish","type":"post","link":"https:\/\/gazdasagportal.hu\/index.php\/brexit-brit-belugyminiszter-a-munkavallalasi-engedely-is-a-korlatozasi-lehetosegek-kozott-van\/","title":{"rendered":"Brexit &#8211; Brit bel\u00fcgyminiszter: a munkav\u00e1llal\u00e1si enged\u00e9ly is a korl\u00e1toz\u00e1si lehet\u0151s\u00e9gek k\u00f6z\u00f6tt van"},"content":{"rendered":"<p><strong>A brit bel\u00fcgyminiszter szerint az EU-orsz\u00e1gokb\u00f3l \u00e9rkez\u0151 munkav\u00e1llal\u00f3k sz\u00e1m\u00e1nak lehets\u00e9ges majdani korl\u00e1toz\u00e1si m\u00f3dszerei k\u00f6z\u00f6tt szerepelhet az is, hogy elhelyezked\u00e9s\u00fck el\u0151tt munkav\u00e1llal\u00e1si enged\u00e9lyt kell kiv\u00e1ltaniuk, miut\u00e1n Nagy-Britannia a j\u00faniusi n\u00e9pszavaz\u00e1s d\u00f6nt\u00e9s\u00e9nek megfelel\u0151en kil\u00e9pett az Eur\u00f3pai Uni\u00f3b\u00f3l.<\/strong><!--more--><\/p>\n<div class=\"ads-in-post1\"><div id=\"gazdasagportal.hu_fullbanner_wideboard\"><\/div>\r\n<\/div>\n<p>    Amber Rudd a BBC telev\u00edzi\u00f3 vas\u00e1rnapi politikai magazinm\u0171sor\u00e1ban meger\u0151s\u00edtette, hogy a brit korm\u00e1ny kiz\u00e1rta a bev\u00e1ndorl\u00e1s szab\u00e1lyoz\u00e1si m\u00f3dszerei k\u00f6z\u00fcl az ausztr\u00e1liai mint\u00e1j\u00fa pontoz\u00e1sos elb\u00edr\u00e1l\u00e1si rendszert, mert &#8222;ez kij\u00e1tszhat\u00f3, \u00edgy nem m\u0171k\u00f6d\u0151k\u00e9pes&#8221;.<br \/>\n    Theresa May brit minisztereln\u00f6k a m\u00falt h\u00e9ten jelentette be, hogy olyan rendszert szeretne, amelyben a brit korm\u00e1ny maga d\u00f6nti el, hogy ki telepedhet le Nagy-Britanni\u00e1ban. May szerint a pontrendszer \u00e9ppen ezt nem tenn\u00e9 lehet\u0151v\u00e9, hiszen ha a pontoz\u00e1sos m\u00f3dszer alapj\u00e1n meghat\u00e1rozott elb\u00edr\u00e1l\u00e1si krit\u00e9riumoknak a bev\u00e1ndorl\u00e1si enged\u00e9ly\u00e9rt folyamod\u00f3 megfelel, akkor tov\u00e1bbi m\u00e9rlegel\u00e9s lehet\u0151s\u00e9ge n\u00e9lk\u00fcl, automatikusan be kell engedni az orsz\u00e1gba.<br \/>\n    A bev\u00e1ndorl\u00e1s pontoz\u00e1sos szab\u00e1lyoz\u00e1s\u00e1nak bevezet\u00e9se volt a brit EU-tags\u00e1gr\u00f3l rendezett n\u00e9pszavaz\u00e1s kil\u00e9p\u00e9sp\u00e1rti kamp\u00e1ny\u00e1nak egyik f\u0151 eleme, amlyet Boris Johnson volt londoni polg\u00e1rmester, Theresa May korm\u00e1ny\u00e1nak jelenlegi k\u00fcl\u00fcgyminisztere, a Brexit-p\u00e1rti kamp\u00e1nyt\u00e1bor volt frontembere terjesztett el\u0151.<br \/>\n    May m\u00falt heti bejelent\u00e9se ut\u00e1n azonban ez a terv leker\u00fclt a napirendr\u0151l.<br \/>\n    Amber Rudd bel\u00fcgyminiszter a vas\u00e1rnapi BBC-m\u0171sorban a lehets\u00e9ges alternat\u00edv\u00e1kat firtat\u00f3 k\u00e9rd\u00e9sre \u00fagy fogalmazott, hogy a munkav\u00e1llal\u00e1si enged\u00e9ly bevezet\u00e9s\u00e9nek &#8222;nyilv\u00e1nval\u00f3an meglenn\u00e9nek a maga el\u0151nyei&#8221;. Hozz\u00e1tette: a bel\u00fcgyminiszt\u00e9rium m\u00e1ris  vizsg\u00e1lja, hogy &#8222;ez legyen-e a megold\u00e1s, vagy valami m\u00e1s&#8221;.<br \/>\n    Rudd szerint a l\u00e9nyeg az, hogy a brit korm\u00e1nynak &#8222;teljes ellen\u0151rz\u00e9se legyen&#8221; a bev\u00e1ndorl\u00f3k sz\u00e1ma felett, amint Nagy-Britannia kil\u00e9pett az EU-b\u00f3l. A brit bel\u00fcgyminiszter elismerte ugyanakkor, hogy b\u00e1rmif\u00e9le szab\u00e1lyoz\u00e1si rendszer sz\u00fcks\u00e9gszer\u0171en a viszonoss\u00e1g elv\u00e9re \u00e9p\u00fcl majd, vagyis az EU-ban marad\u00f3 orsz\u00e1gok nyilv\u00e1nval\u00f3an hasonl\u00f3 int\u00e9zked\u00e9seket hoznak a brit munkav\u00e1llal\u00f3k eset\u00e9ben.(MTI)<\/p>\n","protected":false},"excerpt":{"rendered":"<p>A brit bel\u00fcgyminiszter szerint az EU-orsz\u00e1gokb\u00f3l \u00e9rkez\u0151 munkav\u00e1llal\u00f3k sz\u00e1m\u00e1nak lehets\u00e9ges majdani korl\u00e1toz\u00e1si m\u00f3dszerei k\u00f6z\u00f6tt szerepelhet az is, hogy elhelyezked\u00e9s\u00fck el\u0151tt munkav\u00e1llal\u00e1si enged\u00e9lyt kell kiv\u00e1ltaniuk, miut\u00e1n Nagy-Britannia a j\u00faniusi n\u00e9pszavaz\u00e1s d\u00f6nt\u00e9s\u00e9nek megfelel\u0151en kil\u00e9pett az Eur\u00f3pai Uni\u00f3b\u00f3l.<\/p>\n","protected":false},"author":1,"featured_media":0,"comment_status":"open","ping_status":"closed","sticky":false,"template":"","format":"standard","meta":[],"categories":[12],"tags":[],"_links":{"self":[{"href":"https:\/\/gazdasagportal.hu\/index.php\/wp-json\/wp\/v2\/posts\/84523"}],"collection":[{"href":"https:\/\/gazdasagportal.hu\/index.php\/wp-json\/wp\/v2\/posts"}],"about":[{"href":"https:\/\/gazdasagportal.hu\/index.php\/wp-json\/wp\/v2\/types\/post"}],"author":[{"embeddable":true,"href":"https:\/\/gazdasagportal.hu\/index.php\/wp-json\/wp\/v2\/users\/1"}],"replies":[{"embeddable":true,"href":"https:\/\/gazdasagportal.hu\/index.php\/wp-json\/wp\/v2\/comments?post=84523"}],"version-history":[{"count":1,"href":"https:\/\/gazdasagportal.hu\/index.php\/wp-json\/wp\/v2\/posts\/84523\/revisions"}],"predecessor-version":[{"id":84524,"href":"https:\/\/gazdasagportal.hu\/index.php\/wp-json\/wp\/v2\/posts\/84523\/revisions\/84524"}],"wp:attachment":[{"href":"https:\/\/gazdasagportal.hu\/index.php\/wp-json\/wp\/v2\/media?parent=84523"}],"wp:term":[{"taxonomy":"category","embeddable":true,"href":"https:\/\/gazdasagportal.hu\/index.php\/wp-json\/wp\/v2\/categories?post=84523"},{"taxonomy":"post_tag","embeddable":true,"href":"https:\/\/gazdasagportal.hu\/index.php\/wp-json\/wp\/v2\/tags?post=84523"}],"curies":[{"name":"wp","href":"https:\/\/api.w.org\/{rel}","templated":true}]}}