{"id":84521,"date":"2016-09-11T15:23:09","date_gmt":"2016-09-11T13:23:09","guid":{"rendered":"http:\/\/gazdasagportal.hu\/?p=84521"},"modified":"2016-09-11T15:23:09","modified_gmt":"2016-09-11T13:23:09","slug":"heti-makronaptar-keves-adat-jelenik-meg-a-jovo-heten-3","status":"publish","type":"post","link":"https:\/\/gazdasagportal.hu\/index.php\/heti-makronaptar-keves-adat-jelenik-meg-a-jovo-heten-3\/","title":{"rendered":"Heti makronapt\u00e1r &#8211; Kev\u00e9s adat jelenik meg a j\u00f6v\u0151 h\u00e9ten"},"content":{"rendered":"<p><strong>Csaknem \u00fcres a j\u00f6v\u0151 heti makrogazdas\u00e1gi napt\u00e1r, az ipari termel\u00e9s j\u00faliusi r\u00e9szletes adata mellett \u00e9p\u00edt\u0151ipari termel\u00e9sr\u0151l jelenik meg statisztika.<\/strong><!--more--><\/p>\n<div class=\"ads-in-post1\"><div id=\"gazdasagportal.hu_fullbanner_wideboard\"><\/div>\r\n<\/div>\n<p>    Szerd\u00e1n k\u00f6zli a K\u00f6zponti Statisztikai Hivatal (KSH) a j\u00faliusi ipari termel\u00e9s m\u00e1sodik becsl\u00e9s\u00e9t. A szeptember 6-\u00e1n k\u00f6zz\u00e9tett els\u0151 becsl\u00e9s szerint az ipari termel\u00e9s volumene 4,7 sz\u00e1zal\u00e9kkal elmaradt j\u00faliusban az egy \u00e9vvel kor\u00e1bbit\u00f3l. A munkanaphat\u00e1st\u00f3l megtiszt\u00edtva a termel\u00e9s 0,1 sz\u00e1zal\u00e9kkal m\u00e9rs\u00e9kl\u0151d\u00f6tt, az id\u00e9n j\u00faliusban kett\u0151vel kevesebb volt a munkanapok sz\u00e1ma, mint egy \u00e9vvel kor\u00e1bban. A termel\u00e9s az \u00e9v els\u0151 h\u00e9t h\u00f3napj\u00e1ban 1,3 sz\u00e1zal\u00e9kkal emelkedett az el\u0151z\u0151 \u00e9v azonos id\u0151szak\u00e1hoz k\u00e9pest. Az el\u0151z\u0151 h\u00f3naphoz viszony\u00edtva a szezon\u00e1lisan \u00e9s munkanapt\u00e9nyez\u0151vel kiigaz\u00edtott ipari kibocs\u00e1t\u00e1s j\u00faliusban 0,4 sz\u00e1zal\u00e9kkal cs\u00f6kkent.<br \/>\n    Meglepet\u00e9st okozott az ipari termel\u00e9s j\u00faliusi visszaes\u00e9se az MTI-nek nyilatkoz\u00f3 elemz\u0151k szerint, akik \u00fagy v\u00e9lt\u00e9k, hogy a k\u00f6vetkez\u0151 h\u00f3napokban visszat\u00e9rhet a lend\u00fclet.<br \/>\n    Szint\u00e9n szerd\u00e1n jelenik meg a mez\u0151gazdas\u00e1gi termel\u0151i \u00e1rak j\u00faliusi alakul\u00e1s\u00e1r\u00f3l sz\u00f3l\u00f3 statisztika.<br \/>\n    Cs\u00fct\u00f6rt\u00f6k\u00f6n az \u00e9p\u00edt\u0151ipari termel\u00e9s j\u00faliusi adat\u00e1t k\u00f6zli a KSH. J\u00faniusban tov\u00e1bb lassult az \u00e9p\u00edt\u0151ipari termel\u00e9s visszaes\u00e9se: az \u00e1gazat teljes\u00edtm\u00e9nye 16,2 sz\u00e1zal\u00e9kkal cs\u00f6kkent az egy \u00e9vvel kor\u00e1bbihoz viszony\u00edtva a m\u00e1jusi 26,6 sz\u00e1zal\u00e9kos visszaes\u00e9s ut\u00e1n. Az \u00e9p\u00fcletek \u00e9p\u00edt\u00e9se 7,4 sz\u00e1zal\u00e9kkal emelkedett, az egy\u00e9b \u00e9p\u00edtm\u00e9nyek\u00e9 36,8 sz\u00e1zal\u00e9kkal cs\u00f6kkent j\u00faniusban. Az el\u0151z\u0151 h\u00f3naphoz viszony\u00edtva az \u00e9p\u00edt\u0151ipar termel\u00e9se 7,5 sz\u00e1zal\u00e9kkal emelkedett j\u00faniusban a szezon\u00e1lisan kiigaz\u00edtott adatok szerint. Az \u00e9p\u00edt\u0151ipari termel\u00e9s volumene az els\u0151 hat h\u00f3napban 25,3 sz\u00e1zal\u00e9kkal kisebb volt az egy \u00e9vvel kor\u00e1bbin\u00e1l. Az \u00e9p\u00fcletek \u00e9p\u00edt\u00e9se 6,4, az egy\u00e9b \u00e9p\u00edtm\u00e9nyek\u00e9 43,9 sz\u00e1zal\u00e9kkal cs\u00f6kkent. Elemz\u0151k szerint az \u00e9v m\u00e1sodik fel\u00e9ben javulhat az \u00e9p\u00edt\u0151ipar teljes\u00edtm\u00e9nye, els\u0151sorban a lak\u00e1s\u00e9p\u00edt\u00e9seket mag\u00e1ba foglal\u00f3 \u00e9p\u00fclet\u00e9p\u00edt\u00e9sek fellend\u00fcl\u00e9s\u00e9vel.(MTI)<\/p>\n","protected":false},"excerpt":{"rendered":"<p>Csaknem \u00fcres a j\u00f6v\u0151 heti makrogazdas\u00e1gi napt\u00e1r, az ipari termel\u00e9s j\u00faliusi r\u00e9szletes adata mellett \u00e9p\u00edt\u0151ipari termel\u00e9sr\u0151l jelenik meg statisztika.<\/p>\n","protected":false},"author":1,"featured_media":0,"comment_status":"open","ping_status":"closed","sticky":false,"template":"","format":"standard","meta":[],"categories":[19],"tags":[],"_links":{"self":[{"href":"https:\/\/gazdasagportal.hu\/index.php\/wp-json\/wp\/v2\/posts\/84521"}],"collection":[{"href":"https:\/\/gazdasagportal.hu\/index.php\/wp-json\/wp\/v2\/posts"}],"about":[{"href":"https:\/\/gazdasagportal.hu\/index.php\/wp-json\/wp\/v2\/types\/post"}],"author":[{"embeddable":true,"href":"https:\/\/gazdasagportal.hu\/index.php\/wp-json\/wp\/v2\/users\/1"}],"replies":[{"embeddable":true,"href":"https:\/\/gazdasagportal.hu\/index.php\/wp-json\/wp\/v2\/comments?post=84521"}],"version-history":[{"count":1,"href":"https:\/\/gazdasagportal.hu\/index.php\/wp-json\/wp\/v2\/posts\/84521\/revisions"}],"predecessor-version":[{"id":84522,"href":"https:\/\/gazdasagportal.hu\/index.php\/wp-json\/wp\/v2\/posts\/84521\/revisions\/84522"}],"wp:attachment":[{"href":"https:\/\/gazdasagportal.hu\/index.php\/wp-json\/wp\/v2\/media?parent=84521"}],"wp:term":[{"taxonomy":"category","embeddable":true,"href":"https:\/\/gazdasagportal.hu\/index.php\/wp-json\/wp\/v2\/categories?post=84521"},{"taxonomy":"post_tag","embeddable":true,"href":"https:\/\/gazdasagportal.hu\/index.php\/wp-json\/wp\/v2\/tags?post=84521"}],"curies":[{"name":"wp","href":"https:\/\/api.w.org\/{rel}","templated":true}]}}