{"id":84507,"date":"2016-09-11T11:32:20","date_gmt":"2016-09-11T09:32:20","guid":{"rendered":"http:\/\/gazdasagportal.hu\/?p=84507"},"modified":"2016-09-11T11:13:13","modified_gmt":"2016-09-11T09:13:13","slug":"el-kell-haritani-a-terrorveszelyt","status":"publish","type":"post","link":"https:\/\/gazdasagportal.hu\/index.php\/el-kell-haritani-a-terrorveszelyt\/","title":{"rendered":"El kell h\u00e1r\u00edtani a terrorvesz\u00e9lyt"},"content":{"rendered":"<p><strong>A bev\u00e1ndorl\u00e1s okozta terrorvesz\u00e9ly elh\u00e1r\u00edt\u00e1sa \u00e9rdek\u00e9ben mindent meg kell tenni, az egyik legfontosabb eszk\u00f6z az okt\u00f3ber 2-i kv\u00f3tan\u00e9pszavaz\u00e1s &#8211; mondta a korm\u00e1nyzati kommunik\u00e1ci\u00f3\u00e9rt felel\u0151s \u00e1llamtitk\u00e1r vas\u00e1rnapi budapesti sajt\u00f3t\u00e1j\u00e9koztat\u00f3j\u00e1n.<\/strong><!--more--><\/p>\n<div class=\"ads-in-post1\"><div id=\"gazdasagportal.hu_fullbanner_wideboard\"><\/div>\r\n<\/div>\n<p>    Tuzson Bence felid\u00e9zte, hogy az Egyes\u00fclt \u00c1llamokat 15 \u00e9vvel ezel\u0151tt, 2001. szeptember 11-\u00e9n \u00e9rt t\u00e1mad\u00e1ssal \u00faj korszak kezd\u0151d\u00f6tt a terrorizmus t\u00f6rt\u00e9net\u00e9ben. Az ut\u00f3bbi id\u0151szakban azonban Eur\u00f3p\u00e1ba is &#8222;bek\u00f6lt\u00f6z\u00f6tt&#8221; a terror &#8211; folytatta -, az elm\u00falt egy \u00e9vben t\u00f6bb mint 300 ember vesztette \u00e9let\u00e9t terrorcselekm\u00e9nyek miatt a kontinensen.<br \/>\n    A terror ok\u00e1t kell megsz\u00fcntetni, ez\u00e9rt sz\u00fcks\u00e9ges a bev\u00e1ndorl\u00e1s meg\u00e1ll\u00edt\u00e1sa, aminek az egyik legfontosabb eszk\u00f6ze a n\u00e9pszavaz\u00e1s, \u00edgy &#8222;k\u00e9r\u00fcnk mindenkit, hogy okt\u00f3ber 2-\u00e1n mondjon nemet a k\u00f6telez\u0151 betelep\u00edt\u00e9sre&#8221; &#8211; mondta az \u00e1llamtitk\u00e1r.(MTI)<\/p>\n","protected":false},"excerpt":{"rendered":"<p>A bev\u00e1ndorl\u00e1s okozta terrorvesz\u00e9ly elh\u00e1r\u00edt\u00e1sa \u00e9rdek\u00e9ben mindent meg kell tenni, az egyik legfontosabb eszk\u00f6z az okt\u00f3ber 2-i kv\u00f3tan\u00e9pszavaz\u00e1s &#8211; mondta a korm\u00e1nyzati kommunik\u00e1ci\u00f3\u00e9rt felel\u0151s \u00e1llamtitk\u00e1r vas\u00e1rnapi budapesti sajt\u00f3t\u00e1j\u00e9koztat\u00f3j\u00e1n.<\/p>\n","protected":false},"author":1,"featured_media":0,"comment_status":"open","ping_status":"closed","sticky":false,"template":"","format":"standard","meta":[],"categories":[4],"tags":[],"_links":{"self":[{"href":"https:\/\/gazdasagportal.hu\/index.php\/wp-json\/wp\/v2\/posts\/84507"}],"collection":[{"href":"https:\/\/gazdasagportal.hu\/index.php\/wp-json\/wp\/v2\/posts"}],"about":[{"href":"https:\/\/gazdasagportal.hu\/index.php\/wp-json\/wp\/v2\/types\/post"}],"author":[{"embeddable":true,"href":"https:\/\/gazdasagportal.hu\/index.php\/wp-json\/wp\/v2\/users\/1"}],"replies":[{"embeddable":true,"href":"https:\/\/gazdasagportal.hu\/index.php\/wp-json\/wp\/v2\/comments?post=84507"}],"version-history":[{"count":1,"href":"https:\/\/gazdasagportal.hu\/index.php\/wp-json\/wp\/v2\/posts\/84507\/revisions"}],"predecessor-version":[{"id":84508,"href":"https:\/\/gazdasagportal.hu\/index.php\/wp-json\/wp\/v2\/posts\/84507\/revisions\/84508"}],"wp:attachment":[{"href":"https:\/\/gazdasagportal.hu\/index.php\/wp-json\/wp\/v2\/media?parent=84507"}],"wp:term":[{"taxonomy":"category","embeddable":true,"href":"https:\/\/gazdasagportal.hu\/index.php\/wp-json\/wp\/v2\/categories?post=84507"},{"taxonomy":"post_tag","embeddable":true,"href":"https:\/\/gazdasagportal.hu\/index.php\/wp-json\/wp\/v2\/tags?post=84507"}],"curies":[{"name":"wp","href":"https:\/\/api.w.org\/{rel}","templated":true}]}}