{"id":84505,"date":"2016-09-11T11:14:30","date_gmt":"2016-09-11T09:14:30","guid":{"rendered":"http:\/\/gazdasagportal.hu\/?p=84505"},"modified":"2016-09-11T10:28:40","modified_gmt":"2016-09-11T08:28:40","slug":"hetfon-kezdodik-a-parlament-oszi-ulesszaka","status":"publish","type":"post","link":"https:\/\/gazdasagportal.hu\/index.php\/hetfon-kezdodik-a-parlament-oszi-ulesszaka\/","title":{"rendered":"H\u00e9tf\u0151n kezd\u0151dik a parlament \u0151szi \u00fcl\u00e9sszaka"},"content":{"rendered":"<p><strong>Az Orsz\u00e1ggy\u0171l\u00e9s h\u00e9tf\u0151n kezdi meg \u0151szi \u00fcl\u00e9sszak\u00e1t. Az els\u0151, n\u00e9gynapos \u00fcl\u00e9s Orb\u00e1n Viktor minisztereln\u00f6k napirend el\u0151tti felsz\u00f3lal\u00e1s\u00e1val kezd\u0151dik, majd k\u00e9t \u00faj ellenz\u00e9ki k\u00e9pvisel\u0151 teheti le esk\u00fcj\u00e9t, a korrupci\u00f3val gyan\u00fas\u00edtott fideszes Mengyi Roland mentelmi jog\u00e1t pedig felf\u00fcggesztheti a parlament.<br \/>\n<\/strong><!--more--><\/p>\n<div class=\"ads-in-post1\"><div id=\"gazdasagportal.hu_fullbanner_wideboard\"><\/div>\r\n<\/div>\n    A h\u00e1zeln\u00f6k napirendi javaslata alapj\u00e1n az \u00fcl\u00e9s h\u00e9tf\u0151n 13 \u00f3rakor a korm\u00e1nyf\u0151 napirend el\u0151tti felsz\u00f3lal\u00e1s\u00e1val kezd\u0151dik, amire valamennyi frakci\u00f3 reag\u00e1lhat.<br \/>\n    Ezt k\u00f6vet\u0151en k\u00e9t \u00faj ellenz\u00e9ki k\u00e9pvisel\u0151 teheti le esk\u00fcj\u00e9t: a Jobbik padsoraiban Pint\u00e9r Tam\u00e1s v\u00e1ltja Nov\u00e1k el\u0151d\u00f6t, a p\u00e1rt kor\u00e1bbi aleln\u00f6k\u00e9t, m\u00edg az LMP-ben Schiffer Andr\u00e1s volt frakci\u00f3vezet\u0151, t\u00e1rseln\u00f6k hely\u00e9t Hadh\u00e1zy \u00c1kos \u00c1nyos veszi \u00e1t.<br \/>\n    A k\u00e9pvisel\u0151k a mand\u00e1tumigazol\u00e1sok ut\u00e1n \u00faj tagot v\u00e1lasztanak a Magyar Nemzeti Bank (MNB) monet\u00e1ris tan\u00e1cs\u00e1ba, amire az\u00e9rt van sz\u00fcks\u00e9g, mert B\u00e1rtfai-Mager Andrea t\u00e1vozott a test\u00fcletb\u0151l, mivel posta\u00fcgy\u00e9rt \u00e9s nemzeti p\u00e9nz\u00fcgyi szolg\u00e1ltat\u00e1sok\u00e9rt felel\u0151s korm\u00e1nybiztos lett. A tan\u00e1cs \u00faj tagja Kardkov\u00e1cs Kolos, a jegybank kor\u00e1bbi jogi \u00e9s szan\u00e1l\u00e1s\u00e9rt felel\u0151s \u00fcgyvezet\u0151 igazgat\u00f3ja lehet, akinek jel\u00f6l\u00e9s\u00e9t a Fidesz-frakci\u00f3 egyhang\u00falag t\u00e1mogatta.<br \/>\n    A parlamentnek d\u00f6ntenie kell a fideszes Mengyi Roland mentelmi jog\u00e1r\u00f3l is, miut\u00e1n a legf\u0151bb \u00fcgy\u00e9sz kezdem\u00e9nyezte annak felf\u00fcggeszt\u00e9s\u00e9t egy a 168 \u00f3r\u00e1ban nyilv\u00e1noss\u00e1gra ker\u00fclt korrupci\u00f3gyan\u00fas \u00fcgyben. Mengyi Roland kor\u00e1bban k\u00f6z\u00f6lte, teljes m\u00e9rt\u00e9kben egy\u00fcttm\u0171k\u00f6dik a hat\u00f3s\u00e1gokkal, \u00e9s azt k\u00e9ri k\u00e9pvisel\u0151t\u00e1rsait\u00f3l, hogy szavazz\u00e1k meg mentelmi jog\u00e1nak felf\u00fcggeszt\u00e9s\u00e9t &#8222;a val\u00f3s\u00e1g miel\u0151bbi tiszt\u00e1z\u00e1sa \u00e9rdek\u00e9ben&#8221;. L\u00e1z\u00e1r J\u00e1nos,  a Minisztereln\u00f6ks\u00e9g vezet\u0151je legut\u00f3bb \u00fagy fogalmazott: a k\u00e9pvisel\u0151nek mag\u00e1\u00e9rt kell helyt \u00e1llnia, a korm\u00e1ny nem tervezi, hogy helyt \u00e1ll \u00e9rte.<br \/>\n    A H\u00e1z h\u00e9tf\u0151i \u00fcl\u00e9se interpell\u00e1ci\u00f3kkal \u00e9s azonnali k\u00e9rd\u00e9sekkel folytat\u00f3dik, majd nemzetk\u00f6zi szerz\u0151d\u00e9sek kihirdet\u00e9s\u00e9r\u0151l sz\u00f3l\u00f3 javaslatok vit\u00e1ival \u00e9r v\u00e9get.<br \/>\n    Kedden az alapvet\u0151 jogok biztos\u00e1nak \u00e9s helyetteseinek tavalyi tev\u00e9kenys\u00e9g\u00e9r\u0151l sz\u00f3l\u00f3 besz\u00e1mol\u00f3t hallgatj\u00e1k \u00e9s vitatj\u00e1k meg a k\u00e9pvisel\u0151k, majd a polg\u00e1ri perrendtart\u00e1sr\u00f3l sz\u00f3l\u00f3 t\u00f6rv\u00e9nyjavaslat \u00e1ltal\u00e1nos vit\u00e1ja kezd\u0151dhet meg.<br \/>\n    Szerd\u00e1n a vad\u00e1szkamarai t\u00f6rv\u00e9ny m\u00f3dos\u00edt\u00e1sa mellett ter\u00edt\u00e9kre ker\u00fclnek energetikai \u00e9s h\u00edrk\u00f6zl\u00e9si t\u00e9m\u00e1j\u00fa javaslatok is.<br \/>\n    A parlament \u00fcl\u00e9se a k\u00f6vetkez\u0151 h\u00e9t h\u00e9tf\u0151j\u00e9n k\u00e9rd\u00e9sekkel \u00e9s azonnali k\u00e9rd\u00e9sekkel \u00e9r v\u00e9get.(MTI)<\/p>\n","protected":false},"excerpt":{"rendered":"<p>Az Orsz\u00e1ggy\u0171l\u00e9s h\u00e9tf\u0151n kezdi meg \u0151szi \u00fcl\u00e9sszak\u00e1t. Az els\u0151, n\u00e9gynapos \u00fcl\u00e9s Orb\u00e1n Viktor minisztereln\u00f6k napirend el\u0151tti felsz\u00f3lal\u00e1s\u00e1val kezd\u0151dik, majd k\u00e9t \u00faj ellenz\u00e9ki k\u00e9pvisel\u0151 teheti le esk\u00fcj\u00e9t, a korrupci\u00f3val gyan\u00fas\u00edtott fideszes Mengyi Roland mentelmi jog\u00e1t pedig felf\u00fcggesztheti a parlament.<\/p>\n","protected":false},"author":1,"featured_media":0,"comment_status":"open","ping_status":"closed","sticky":false,"template":"","format":"standard","meta":[],"categories":[19],"tags":[],"_links":{"self":[{"href":"https:\/\/gazdasagportal.hu\/index.php\/wp-json\/wp\/v2\/posts\/84505"}],"collection":[{"href":"https:\/\/gazdasagportal.hu\/index.php\/wp-json\/wp\/v2\/posts"}],"about":[{"href":"https:\/\/gazdasagportal.hu\/index.php\/wp-json\/wp\/v2\/types\/post"}],"author":[{"embeddable":true,"href":"https:\/\/gazdasagportal.hu\/index.php\/wp-json\/wp\/v2\/users\/1"}],"replies":[{"embeddable":true,"href":"https:\/\/gazdasagportal.hu\/index.php\/wp-json\/wp\/v2\/comments?post=84505"}],"version-history":[{"count":1,"href":"https:\/\/gazdasagportal.hu\/index.php\/wp-json\/wp\/v2\/posts\/84505\/revisions"}],"predecessor-version":[{"id":84506,"href":"https:\/\/gazdasagportal.hu\/index.php\/wp-json\/wp\/v2\/posts\/84505\/revisions\/84506"}],"wp:attachment":[{"href":"https:\/\/gazdasagportal.hu\/index.php\/wp-json\/wp\/v2\/media?parent=84505"}],"wp:term":[{"taxonomy":"category","embeddable":true,"href":"https:\/\/gazdasagportal.hu\/index.php\/wp-json\/wp\/v2\/categories?post=84505"},{"taxonomy":"post_tag","embeddable":true,"href":"https:\/\/gazdasagportal.hu\/index.php\/wp-json\/wp\/v2\/tags?post=84505"}],"curies":[{"name":"wp","href":"https:\/\/api.w.org\/{rel}","templated":true}]}}