{"id":84468,"date":"2016-09-09T16:52:48","date_gmt":"2016-09-09T14:52:48","guid":{"rendered":"http:\/\/gazdasagportal.hu\/?p=84468"},"modified":"2016-09-09T16:52:48","modified_gmt":"2016-09-09T14:52:48","slug":"az-ing-bank-elemzoi-52-szazalekos-roman-gazdasagi-novekedesre-szamitanak-az-iden","status":"publish","type":"post","link":"https:\/\/gazdasagportal.hu\/index.php\/az-ing-bank-elemzoi-52-szazalekos-roman-gazdasagi-novekedesre-szamitanak-az-iden\/","title":{"rendered":"Az ING Bank elemz\u0151i 5,2 sz\u00e1zal\u00e9kos rom\u00e1n gazdas\u00e1gi n\u00f6veked\u00e9sre sz\u00e1m\u00edtanak az id\u00e9n"},"content":{"rendered":"<p><strong>Az ING Bank Rom\u00e1nia elemz\u0151i felfel\u00e9 m\u00f3dos\u00edtott\u00e1k a rom\u00e1n gazdas\u00e1g idei n\u00f6veked\u00e9s\u00e9re vonatkoz\u00f3 el\u0151rejelz\u00e9s\u00fcket, \u00e9s 5,2 sz\u00e1zal\u00e9kos GDP-b\u0151v\u00fcl\u00e9ssel sz\u00e1molnak.<\/strong><!--more--><\/p>\n<div class=\"ads-in-post1\"><div id=\"gazdasagportal.hu_fullbanner_wideboard\"><\/div>\r\n<\/div>\n<p>    A kereskedelmi bank elemz\u0151i kor\u00e1bban 4,2 sz\u00e1zal\u00e9kos gazdas\u00e1gi n\u00f6veked\u00e9st vet\u00edtettek el\u0151re, ami megegyezik a korm\u00e1ny v\u00e1rakoz\u00e1s\u00e1val. Azt k\u00f6vet\u0151en emelt\u00e9k egy sz\u00e1zal\u00e9kponttal a becsl\u00e9s\u00fcket, hogy a statisztikai hivatal a h\u00e9ten meger\u0151s\u00edtette: a rom\u00e1n gazdas\u00e1g v\u00e1rakoz\u00e1son fel\u00fcl teljes\u00edtett a m\u00e1sodik negyed\u00e9vben, a brutt\u00f3 hazai term\u00e9k (GDP) 6 sz\u00e1zal\u00e9kkal n\u0151tt az el\u0151z\u0151 \u00e9v azonos id\u0151szak\u00e1hoz k\u00e9pest, \u00e9s 1,5 sz\u00e1zal\u00e9kkal az idei els\u0151 negyed\u00e9vvel \u00f6sszevetve.<br \/>\n    Az els\u0151 f\u00e9l \u00e9vben a nyers adatok szerint 5,2 sz\u00e1zal\u00e9kkal n\u0151tt a rom\u00e1n GDP, szezon\u00e1lisan \u00e9s napt\u00e1rhat\u00e1ssal kiigaz\u00edtva 5 sz\u00e1zal\u00e9kos b\u0151v\u00fcl\u00e9st regisztr\u00e1ltak a tavalyi \u00e9v els\u0151 hat h\u00f3napj\u00e1hoz m\u00e9rten.<br \/>\n    Az ING Bank elemz\u0151i arra sz\u00e1m\u00edtanak, hogy a rom\u00e1n k\u00f6zponti bank nem fogja m\u00f3dos\u00edtani az ir\u00e1nyad\u00f3 kamatot j\u00f6v\u0151 \u00e9v harmadik negyed\u00e9v\u00e9ig, amikor 25 sz\u00e1zal\u00e9kpontos emel\u00e9sre sz\u00e1m\u00edtanak. A rom\u00e1n alapkamat tavaly m\u00e1jus \u00f3ta 1,75 sz\u00e1zal\u00e9k, ami t\u00f6rt\u00e9nelmi m\u00e9lypontnak sz\u00e1m\u00edt.(MTI)<\/p>\n","protected":false},"excerpt":{"rendered":"<p>Az ING Bank Rom\u00e1nia elemz\u0151i felfel\u00e9 m\u00f3dos\u00edtott\u00e1k a rom\u00e1n gazdas\u00e1g idei n\u00f6veked\u00e9s\u00e9re vonatkoz\u00f3 el\u0151rejelz\u00e9s\u00fcket, \u00e9s 5,2 sz\u00e1zal\u00e9kos GDP-b\u0151v\u00fcl\u00e9ssel sz\u00e1molnak.<\/p>\n","protected":false},"author":1,"featured_media":0,"comment_status":"open","ping_status":"closed","sticky":false,"template":"","format":"standard","meta":[],"categories":[246],"tags":[],"_links":{"self":[{"href":"https:\/\/gazdasagportal.hu\/index.php\/wp-json\/wp\/v2\/posts\/84468"}],"collection":[{"href":"https:\/\/gazdasagportal.hu\/index.php\/wp-json\/wp\/v2\/posts"}],"about":[{"href":"https:\/\/gazdasagportal.hu\/index.php\/wp-json\/wp\/v2\/types\/post"}],"author":[{"embeddable":true,"href":"https:\/\/gazdasagportal.hu\/index.php\/wp-json\/wp\/v2\/users\/1"}],"replies":[{"embeddable":true,"href":"https:\/\/gazdasagportal.hu\/index.php\/wp-json\/wp\/v2\/comments?post=84468"}],"version-history":[{"count":1,"href":"https:\/\/gazdasagportal.hu\/index.php\/wp-json\/wp\/v2\/posts\/84468\/revisions"}],"predecessor-version":[{"id":84469,"href":"https:\/\/gazdasagportal.hu\/index.php\/wp-json\/wp\/v2\/posts\/84468\/revisions\/84469"}],"wp:attachment":[{"href":"https:\/\/gazdasagportal.hu\/index.php\/wp-json\/wp\/v2\/media?parent=84468"}],"wp:term":[{"taxonomy":"category","embeddable":true,"href":"https:\/\/gazdasagportal.hu\/index.php\/wp-json\/wp\/v2\/categories?post=84468"},{"taxonomy":"post_tag","embeddable":true,"href":"https:\/\/gazdasagportal.hu\/index.php\/wp-json\/wp\/v2\/tags?post=84468"}],"curies":[{"name":"wp","href":"https:\/\/api.w.org\/{rel}","templated":true}]}}