{"id":84464,"date":"2016-09-09T15:32:57","date_gmt":"2016-09-09T13:32:57","guid":{"rendered":"http:\/\/gazdasagportal.hu\/?p=84464"},"modified":"2016-09-09T15:32:57","modified_gmt":"2016-09-09T13:32:57","slug":"visszavonta-a-roamingdijak-eltorlesere-tett-javaslatat-az-europai-bizottsag","status":"publish","type":"post","link":"https:\/\/gazdasagportal.hu\/index.php\/visszavonta-a-roamingdijak-eltorlesere-tett-javaslatat-az-europai-bizottsag\/","title":{"rendered":"Visszavonta a roamingd\u00edjak elt\u00f6rl\u00e9s\u00e9re tett javaslat\u00e1t az Eur\u00f3pai Bizotts\u00e1g"},"content":{"rendered":"<p><strong>\u00c9les kritik\u00e1k miatt visszavonta a roamingd\u00edjak elt\u00f6rl\u00e9s\u00e9re tett h\u00e9tf\u0151i javaslat\u00e1t az Eur\u00f3pai Bizotts\u00e1g &#8211; jelentette be br\u00fcsszeli sajt\u00f3t\u00e1j\u00e9koztat\u00f3j\u00e1n Alexander Winterstein, az Eur\u00f3pai Bizotts\u00e1g helyettes sz\u00f3viv\u0151je p\u00e9nteken.<\/strong><!--more--><\/p>\n<div class=\"ads-in-post1\"><div id=\"gazdasagportal.hu_fullbanner_wideboard\"><\/div>\r\n<\/div>\n<p>    Elmondta: Jean-Claude Juncker, az Eur\u00f3pai Bizotts\u00e1g eln\u00f6ke az uni\u00f3s polg\u00e1rok v\u00e9lem\u00e9ny\u00e9t meghallgatva arra utas\u00edtotta a bizotts\u00e1g illet\u00e9kes munkacsoportj\u00e1t, hogy vonja vissza a sz\u00f6veget, \u00e9s kezdjen egy \u00faj javaslat kidolgoz\u00e1s\u00e1ba.<br \/>\n    A tervezet bejelent\u00e9s\u00e9t k\u00f6vet\u0151 b\u00edr\u00e1latok szerint az uni\u00f3s bizotts\u00e1g nem tett eleget a roamingd\u00edjak elt\u00f6rl\u00e9s\u00e9re vonatkoz\u00f3 \u00edg\u00e9ret\u00e9nek.<br \/>\n    V\u00e9lem\u00e9nyek szerint a bizotts\u00e1gi javaslat jelenlegi form\u00e1j\u00e1ban a ink\u00e1bb a mobilszolg\u00e1ltat\u00f3k tov\u00e1bbi gazdas\u00e1gi \u00e9rdekeit szolg\u00e1lja azzal, hogy \u00e9vi 90 napra \u00edrn\u00e1 el\u0151 a d\u00edjak k\u00f6telez\u0151 elt\u00f6rl\u00e9s\u00e9t \u00e9s a kor\u00e1bbi v\u00e1rakoz\u00e1sokkal szemben nem t\u0171zi ki a k\u00fclf\u00f6ldi mobilhaszn\u00e1lat miatt kir\u00f3hat\u00f3 t\u00f6bbletd\u00edj elt\u00f6rl\u00e9s\u00e9t.<br \/>\n    A bizotts\u00e1gi sz\u00f3viv\u0151 megjegyezte, hogy a 90 napos d\u00edjmentess\u00e9g a szigor\u00faan meghat\u00e1rozott minimum. A t\u00e1vk\u00f6zl\u00e9si c\u00e9gek a roamingszolg\u00e1ltat\u00e1saikat enn\u00e9l hosszabb ideig is ingyeness\u00e9 tehetik.<br \/>\n    A legt\u00f6bb kritika a tervezet azon r\u00e9sz\u00e9t \u00e9rte, amely szerint a szolg\u00e1ltat\u00f3k az id\u0151korl\u00e1tok t\u00fall\u00e9p\u00e9se ut\u00e1n egy perc besz\u00e9lget\u00e9s ut\u00e1n legfeljebb 4 centet, egy megabyte adatforgalom ut\u00e1n 0,85 centet, SMS-enk\u00e9nt pedig 1 centet sz\u00e1molhatn\u00e1nak fel.<br \/>\n    Az Eur\u00f3pai Bizotts\u00e1g h\u00e9tf\u0151n tette k\u00f6zz\u00e9 tervezet\u00e9t a roamingd\u00edjakra vonatkoz\u00f3 szab\u00e1lyok m\u00f3dos\u00edt\u00e1s\u00e1r\u00f3l, amelynek \u00e9rtelm\u00e9ben az uni\u00f3s \u00e1llampolg\u00e1rok 2017 j\u00fanius\u00e1t\u00f3l \u00e9vente 90 napig a hazai felt\u00e9telekkel megegyez\u0151en telefon\u00e1lhatnak, k\u00fcldhetnek SMS-t \u00e9s haszn\u00e1lhatj\u00e1k az adatkeret\u00fcket az Eur\u00f3pai Uni\u00f3 ter\u00fclet\u00e9n.<br \/>\n    A roamingd\u00edjak fizet\u00e9se al\u00f3l a most visszavont tervezet szerint legfeljebb h\u00e1romszor, egym\u00e1st k\u00f6vet\u0151 30 napos id\u0151szakra lehetett volna mentes\u00fclni. A felhaszn\u00e1l\u00f3knak 30 napos k\u00fclf\u00f6ldi tart\u00f3zkod\u00e1s ut\u00e1n \u00fajb\u00f3l be kellett volna jelentkezni\u00fck az otthoni h\u00e1l\u00f3zatr\u00f3l, amennyiben el akarj\u00e1k ker\u00fclni a fel\u00e1rakat.<br \/>\n    Margar\u00edtisz Szk\u00edn\u00e1sz, az Eur\u00f3pai Bizotts\u00e1g (EB) vezet\u0151 sz\u00f3viv\u0151je szerd\u00e1n m\u00e9g azzal igyekezett mentegetni a javaslatot, hogy  az uni\u00f3s polg\u00e1rok \u00e9vente \u00e1tlagosan mintegy 12 napot t\u00f6ltenek k\u00fclf\u00f6ld\u00f6n, azaz ennyi ideig haszn\u00e1lj\u00e1k egy m\u00e1sik orsz\u00e1g szolg\u00e1ltat\u00f3j\u00e1nak a h\u00e1l\u00f3zat\u00e1t, az EB ennek ellen\u00e9re 90 napban hat\u00e1rozta meg a roamingd\u00edjmentes id\u0151szakot.(MTI)<\/p>\n","protected":false},"excerpt":{"rendered":"<p>\u00c9les kritik\u00e1k miatt visszavonta a roamingd\u00edjak elt\u00f6rl\u00e9s\u00e9re tett h\u00e9tf\u0151i javaslat\u00e1t az Eur\u00f3pai Bizotts\u00e1g &#8211; jelentette be br\u00fcsszeli sajt\u00f3t\u00e1j\u00e9koztat\u00f3j\u00e1n Alexander Winterstein, az Eur\u00f3pai Bizotts\u00e1g helyettes sz\u00f3viv\u0151je p\u00e9nteken.<\/p>\n","protected":false},"author":1,"featured_media":0,"comment_status":"open","ping_status":"closed","sticky":false,"template":"","format":"standard","meta":[],"categories":[246],"tags":[],"_links":{"self":[{"href":"https:\/\/gazdasagportal.hu\/index.php\/wp-json\/wp\/v2\/posts\/84464"}],"collection":[{"href":"https:\/\/gazdasagportal.hu\/index.php\/wp-json\/wp\/v2\/posts"}],"about":[{"href":"https:\/\/gazdasagportal.hu\/index.php\/wp-json\/wp\/v2\/types\/post"}],"author":[{"embeddable":true,"href":"https:\/\/gazdasagportal.hu\/index.php\/wp-json\/wp\/v2\/users\/1"}],"replies":[{"embeddable":true,"href":"https:\/\/gazdasagportal.hu\/index.php\/wp-json\/wp\/v2\/comments?post=84464"}],"version-history":[{"count":1,"href":"https:\/\/gazdasagportal.hu\/index.php\/wp-json\/wp\/v2\/posts\/84464\/revisions"}],"predecessor-version":[{"id":84465,"href":"https:\/\/gazdasagportal.hu\/index.php\/wp-json\/wp\/v2\/posts\/84464\/revisions\/84465"}],"wp:attachment":[{"href":"https:\/\/gazdasagportal.hu\/index.php\/wp-json\/wp\/v2\/media?parent=84464"}],"wp:term":[{"taxonomy":"category","embeddable":true,"href":"https:\/\/gazdasagportal.hu\/index.php\/wp-json\/wp\/v2\/categories?post=84464"},{"taxonomy":"post_tag","embeddable":true,"href":"https:\/\/gazdasagportal.hu\/index.php\/wp-json\/wp\/v2\/tags?post=84464"}],"curies":[{"name":"wp","href":"https:\/\/api.w.org\/{rel}","templated":true}]}}