{"id":84462,"date":"2016-09-09T14:30:38","date_gmt":"2016-09-09T12:30:38","guid":{"rendered":"http:\/\/gazdasagportal.hu\/?p=84462"},"modified":"2016-09-09T14:30:38","modified_gmt":"2016-09-09T12:30:38","slug":"emelkedo-arak-es-nagyobb-kukorica-buza-es-rizstermes-az-idei-szezonban","status":"publish","type":"post","link":"https:\/\/gazdasagportal.hu\/index.php\/emelkedo-arak-es-nagyobb-kukorica-buza-es-rizstermes-az-idei-szezonban\/","title":{"rendered":"Emelked\u0151 \u00e1rak \u00e9s nagyobb kukorica-, b\u00faza- \u00e9s rizsterm\u00e9s az idei szezonban"},"content":{"rendered":"<p><strong>Emelkedett az alapvet\u0151 \u00e9lelmiszerek nemzetk\u00f6zi kurzusa augusztusban \u2013 egyetlen kiv\u00e9telt az optimist\u00e1bb termel\u00e9si kil\u00e1t\u00e1sok miatt a szemes term\u00e9nyek k\u00e9pezt\u00e9k.<\/strong><!--more--><\/p>\n<div class=\"ads-in-post1\"><div id=\"gazdasagportal.hu_fullbanner_wideboard\"><\/div>\r\n<\/div>\n<p>A most megjelent <a href=\"http:\/\/www.fao.org\/worldfoodsituation\/foodpricesindex\/en\/\" data-saferedirecturl=\"https:\/\/www.google.com\/url?hl=hu&amp;q=http:\/\/www.fao.org\/worldfoodsituation\/foodpricesindex\/en\/&amp;source=gmail&amp;ust=1473414743803000&amp;usg=AFQjCNG5wxJOIZDq0cHpA7ODEiByI9sgng\" target=\"_blank\" rel=\"noopener\">FAO \u00e9lelmiszer\u00e1r-index<\/a> (165,6 pont) j\u00faliusi eredm\u00e9ny\u00e9hez k\u00e9pest majdnem 2 %-kal magasabb szinten z\u00e1rt, k\u00f6zel 7 %-kal az el\u0151z\u0151 \u00e9vet alapul v\u00e9ve. K\u00fcl\u00f6n\u00f6sen a sajt \u00e9s a p\u00e1lmaolaj \u00e1ra ugrott meg, a b\u00faza, kukorica \u00e9s rizs \u00e1ra ellenben cs\u00f6kkent.<\/p>\n<p>Az ENSZ \u00c9lelmez\u00e9s\u00fcgyi \u00e9s Mez\u0151gazdas\u00e1gi Szervezete (FAO) legfrissebb el\u0151rejelz\u00e9se alapj\u00e1n id\u00e9n 2 566 milli\u00f3 tonna gabon\u00e1t takar\u00edthatunk be, az el\u0151zetes becsl\u00e9sekhez k\u00e9pest 22 milli\u00f3 tonn\u00e1val t\u00f6bbet. Szint\u00e9n most jelent meg a FAO<a href=\"http:\/\/www.fao.org\/worldfoodsituation\/csdb\/en\/\" data-saferedirecturl=\"https:\/\/www.google.com\/url?hl=hu&amp;q=http:\/\/www.fao.org\/worldfoodsituation\/csdb\/en\/&amp;source=gmail&amp;ust=1473414743803000&amp;usg=AFQjCNHWRUxZIMSJpIucQkQtlkWmuKMRZw\" target=\"_blank\" rel=\"noopener\">Gabonak\u00e9szletek \u00e9s \u2013ig\u00e9nyek gyorsjelent\u00e9s<\/a>, amely ezt a n\u00f6veked\u00e9st a vil\u00e1gszerte kiemelked\u0151 b\u00faza- \u00e9s ink\u00e1bb csak az amerikai piacon felfut\u00f3 kukoricaterm\u00e9snek tulajdon\u00edtja.<\/p><div id=\"gazda-1552247421\" class=\"gazda-tartalomban gazda-entity-placement\"><script async src=\"https:\/\/pagead2.googlesyndication.com\/pagead\/js\/adsbygoogle.js\"><\/script>\r\n<ins class=\"adsbygoogle\"\r\n     style=\"display:block\"\r\n     data-ad-format=\"fluid\"\r\n     data-ad-layout-key=\"-6t+ed+2i-1n-4w\"\r\n     data-ad-client=\"ca-pub-1959107119989764\"\r\n     data-ad-slot=\"4008251320\"><\/ins>\r\n<script>\r\n     (adsbygoogle = window.adsbygoogle || []).push({});\r\n<\/script><\/div>\n<p>Ezek ut\u00e1n nem csoda, hogy a k\u00e9szletek is jelent\u0151sen gyarapodnak, \u00e9s a glob\u00e1lis rakt\u00e1rk\u00e9szlet \u00e9s felhaszn\u00e1l\u00e1s egym\u00e1shoz viszony\u00edtott ar\u00e1nya egy sokkal megnyugtat\u00f3bb \u00e9s k\u00e9nyelmesebb szintre, 25,3 %-ra n\u0151.<\/p>\n<p><strong>J\u00f3 term\u00e9s v\u00e1rhat\u00f3<\/strong><\/p>\n<p>A teljes szemesgabona-kibocs\u00e1t\u00e1s (1 329 milli\u00f3 tonna) 2016-ban 2 %-kal haladja meg a tavalyit, ahogy sok orsz\u00e1gban, p\u00e9ld\u00e1ul az Egyes\u00fclt \u00c1llamokban er\u0151sebb kukoricaterm\u00e9st prognosztiz\u00e1lnak.<\/p>\n<p>B\u00faz\u00e1b\u00f3l sem lesz\u00fcnk sz\u0171k\u00e9n: a 741 milli\u00f3 tonn\u00e1ra emelt el\u0151rejelz\u00e9s az optimista ausztr\u00e1l, \u00e9szak-amerikai, indiai \u00e9s orosz term\u00e9skil\u00e1t\u00e1soknak k\u00f6sz\u00f6nhet\u0151. Oroszorsz\u00e1g a legjobb \u00faton halad, hogy a vil\u00e1g legnagyobb b\u00fazaexport\u0151r\u00e9v\u00e9 v\u00e1ljon, megel\u0151zve az Eur\u00f3pai Uni\u00f3t, ahol a csapad\u00e9kos id\u0151j\u00e1r\u00e1s keresztbe tett a j\u00f3 szezonnak.<\/p>\n<p>A v\u00e1rhat\u00f3 496 milli\u00f3 tonna rizs is \u00faj rekordot jelenthet 2016-ban. \u00c1zsia nagy r\u00e9sz\u00e9ben kedvezett ugyanis az id\u0151j\u00e1r\u00e1s ennek, emellett amerikai gazd\u00e1k is nagyobb ar\u00e1nyban vetettek rizst az \u00e9rte k\u00e9rhet\u0151 magasabb \u00e1r miatt.<\/p>\n<p>Minim\u00e1lis n\u00f6veked\u00e9s mellett, l\u00e9nyeg\u00e9ben v\u00e1ltozatlan szinten marad a gabona ir\u00e1nti kereslet, \u00e9l\u00e9n a kukoric\u00e1val \u00e9s az alacsonyabb min\u0151s\u00e9g\u0171 takarm\u00e1nyb\u00faz\u00e1val. A gabon\u00e1k kereskedelme \u00e9l\u00e9nk\u00fcl a b\u00faza \u00e9s szemes term\u00e9nyek b\u0151s\u00e9ges el\u00e9rhet\u0151s\u00e9g\u00e9nek k\u00f6sz\u00f6nhet\u0151en.<\/p>\n<p><strong>Az \u00e1rtrend \u00fajra emelked\u0151<\/strong><\/p>\n<p>A FAO \u00e1ltal figyelemmel k\u00eds\u00e9rt \u00f6t alapvet\u0151 \u00e9lelmiszer alapanyag nemzetk\u00f6zi \u00e1ra a j\u00faliusi megtorpan\u00e1s ut\u00e1n beleh\u00fazott augusztusban, \u00edgy el\u00e9rte az elm\u00falt 15 h\u00f3nap legnagyobb \u00e9rt\u00e9k\u00e9t.<\/p>\n<p>\u00daj szelek f\u00fajnak a tej \u00e9s tejterm\u00e9kek nemzetk\u00f6zi piac\u00e1n \u2013 ez t\u00fckr\u00f6z\u0151d\u00f6tt a FAO tejterm\u00e9k \u00e1rindex\u00e9n is, amely 8,6 %-kal n\u0151tt. Visszaesett az EU-s tejtermel\u00e9s, ahogy a csendes-\u00f3ce\u00e1ni t\u00e9rs\u00e9g v\u00e1rhat\u00f3 exportpotenci\u00e1lja is.<\/p>\n<p>A n\u00f6v\u00e9nyi olajok \u00e1ra is er\u0151s\u00f6d\u00f6tt a p\u00e1lmaolaj dr\u00e1gul\u00e1s\u00e1val p\u00e1rhuzamosan. Ut\u00f3bbi a prognosztiz\u00e1lt mal\u00e1j term\u00e9scs\u00f6kken\u00e9s \u00e9s a k\u00ednai, indiai \u00e9s EU-s importig\u00e9ny n\u00f6veked\u00e9s kombin\u00e1ci\u00f3j\u00e1ra vezethet\u0151 vissza.<\/p>\n<p>A cukor\u00e1rindex a 2,5 %-os emelked\u00e9ssel k\u00f6zel hat\u00e9ves cs\u00facson van \u2013 a jelenlegi \u00e9rt\u00e9k az egy \u00e9vvel kor\u00e1bbinak k\u00f6zel a dupl\u00e1ja! Szak\u00e9rt\u0151k em\u00f6g\u00f6tt az er\u0151s\u00f6d\u0151 brazil valut\u00e1t, tov\u00e1bb\u00e1 az ink\u00e1bb hazai piacokon \u00e9rt\u00e9kes\u00edtett term\u00e9ny miatti sz\u0171k\u00fcl\u0151 exportpiacok egy\u00fcttes hat\u00e1s\u00e1t sejtik.<\/p>\n<p>A h\u00fasok \u00e1ra v\u00e1ltozatlan maradt, a gabon\u00e1k\u00e9 pedig 3 %-kal cs\u00f6kkent.<\/p>\n","protected":false},"excerpt":{"rendered":"<p>Emelkedett az alapvet\u0151 \u00e9lelmiszerek nemzetk\u00f6zi kurzusa augusztusban \u2013 egyetlen kiv\u00e9telt az optimist\u00e1bb termel\u00e9si kil\u00e1t\u00e1sok miatt a szemes term\u00e9nyek k\u00e9pezt\u00e9k.<\/p>\n","protected":false},"author":1,"featured_media":0,"comment_status":"open","ping_status":"closed","sticky":false,"template":"","format":"standard","meta":[],"categories":[246],"tags":[],"_links":{"self":[{"href":"https:\/\/gazdasagportal.hu\/index.php\/wp-json\/wp\/v2\/posts\/84462"}],"collection":[{"href":"https:\/\/gazdasagportal.hu\/index.php\/wp-json\/wp\/v2\/posts"}],"about":[{"href":"https:\/\/gazdasagportal.hu\/index.php\/wp-json\/wp\/v2\/types\/post"}],"author":[{"embeddable":true,"href":"https:\/\/gazdasagportal.hu\/index.php\/wp-json\/wp\/v2\/users\/1"}],"replies":[{"embeddable":true,"href":"https:\/\/gazdasagportal.hu\/index.php\/wp-json\/wp\/v2\/comments?post=84462"}],"version-history":[{"count":1,"href":"https:\/\/gazdasagportal.hu\/index.php\/wp-json\/wp\/v2\/posts\/84462\/revisions"}],"predecessor-version":[{"id":84463,"href":"https:\/\/gazdasagportal.hu\/index.php\/wp-json\/wp\/v2\/posts\/84462\/revisions\/84463"}],"wp:attachment":[{"href":"https:\/\/gazdasagportal.hu\/index.php\/wp-json\/wp\/v2\/media?parent=84462"}],"wp:term":[{"taxonomy":"category","embeddable":true,"href":"https:\/\/gazdasagportal.hu\/index.php\/wp-json\/wp\/v2\/categories?post=84462"},{"taxonomy":"post_tag","embeddable":true,"href":"https:\/\/gazdasagportal.hu\/index.php\/wp-json\/wp\/v2\/tags?post=84462"}],"curies":[{"name":"wp","href":"https:\/\/api.w.org\/{rel}","templated":true}]}}