{"id":84451,"date":"2016-09-09T12:14:50","date_gmt":"2016-09-09T10:14:50","guid":{"rendered":"http:\/\/gazdasagportal.hu\/?p=84451"},"modified":"2016-09-09T12:44:39","modified_gmt":"2016-09-09T10:44:39","slug":"leallt-belgium-egyik-atomreaktora-eddig-ismeretlen-okokbol","status":"publish","type":"post","link":"https:\/\/gazdasagportal.hu\/index.php\/leallt-belgium-egyik-atomreaktora-eddig-ismeretlen-okokbol\/","title":{"rendered":"Ismeretlen okokb\u00f3l le\u00e1llt Belgium egyik atomreaktora"},"content":{"rendered":"<p><strong>Ismeretlen okokb\u00f3l le\u00e1llt p\u00e9ntekre virrad\u00f3ra a kelet-belgiumi Tihange 2. atomreaktor &#8211; \u00edrta a Tihange er\u0151m\u0171vet \u00fczemeltet\u0151 v\u00e1llalat inform\u00e1ci\u00f3ira hivatkozva a Le Soir c\u00edm\u0171 francia nyelv\u0171 belga napilap.<\/strong><!--more--><\/p>\n<div class=\"ads-in-post1\"><div id=\"gazdasagportal.hu_fullbanner_wideboard\"><\/div>\r\n<\/div>\n<p>    A v\u00e1llalat t\u00e1j\u00e9koztat\u00e1sa szerint a l\u00e9tes\u00edtm\u00e9ny automatikus szab\u00e1lyz\u00f3 rendszere eddig nem ismert okokb\u00f3l le\u00e1ll\u00edtotta az orsz\u00e1g keleti, N\u00e9metorsz\u00e1g k\u00f6zel\u00e9ben tal\u00e1lhat\u00f3 er\u0151m\u0171 kettes reaktor\u00e1nak m\u0171k\u00f6d\u00e9s\u00e9t.<br \/>\n    Sem az okok, sem a keletkezett k\u00e1rok nem ismertek egyel\u0151re. Az er\u0151m\u0171 \u00e1tvizsg\u00e1l\u00e1sa megkezd\u0151d\u00f6tt, a v\u00e1llalat szerint annyi bizonyos, hogy jobban szem\u00fcgyre kell venni a nukle\u00e1ris ter\u00fcleten k\u00edv\u00fcl es\u0151 g\u0151zfejleszt\u0151 k\u00f6zpontot. A lakoss\u00e1gra n\u00e9zve nincs kock\u00e1zata a le\u00e1ll\u00e1snak &#8211; hangs\u00falyozta k\u00f6zlem\u00e9ny\u00e9ben az \u00fczemeltet\u0151.<br \/>\n    A Tihange 2. reaktor legut\u00f3bb j\u00fanius k\u00f6zep\u00e9n \u00e1llt le ugyancsak ismeretlen okokb\u00f3l. Inform\u00e1ci\u00f3k szerint az akkor fell\u00e9p\u0151 hiba nem a reaktorokn\u00e1l l\u00e9pett fel.<br \/>\n    A h\u00e9ten ez a m\u00e1sodik reaktorle\u00e1ll\u00e1s Belgiumban. A Tihange 1. reaktort szerda este \u00e1ll\u00edtotta le az Electrabel energetikai v\u00e1llat, miut\u00e1n fel\u00faj\u00edt\u00e1si munk\u00e1latok k\u00f6zben megrong\u00e1l\u00f3dott az a l\u00e9tes\u00edtm\u00e9ny, ahol a kiseg\u00edt\u0151 szivatty\u00fa tal\u00e1lhat\u00f3. Inform\u00e1ci\u00f3k szerint a reaktor vas\u00e1rnap \u00fajra megkezdheti m\u0171k\u00f6d\u00e9s\u00e9t.<br \/>\n    Mivel az orsz\u00e1g \u00e9szaki \u00e9s keleti hat\u00e1raihoz k\u00f6zeli reaktorokat gyakran le kell \u00e1ll\u00edtani biztons\u00e1gi probl\u00e9m\u00e1k miatt, a holland t\u00f6rv\u00e9nyhoz\u00f3k j\u00fanius elej\u00e9n azt k\u00e9rt\u00e9k a korm\u00e1nyukt\u00f3l, hogy t\u00e1rsuljon N\u00e9metorsz\u00e1ghoz \u00e9s Luxemburghoz, \u00e9s k\u00e9rje a belga reaktorok lekapcsol\u00e1s\u00e1t. A belga atomer\u0151m\u0171vek miatt r\u00e9g\u00f3ta agg\u00f3dnak Hollandi\u00e1ban csak\u00fagy, mint az eml\u00edtett szomsz\u00e9dos \u00e1llamokban, amelyek biztons\u00e1gi agg\u00e1lyok miatt \u00e1prilisban k\u00e9rv\u00e9nyezt\u00e9k a reaktorok ideiglenes lekapcsol\u00e1s\u00e1t.<br \/>\n    A m\u00e1sik belga atomer\u0151m\u0171, a doeli h\u00e1rmas reaktor\u00e1n \u00e9s a Tihange 2-es blokkj\u00e1n ugyanis m\u00e9g 2012-ben reped\u00e9seket tal\u00e1ltak, amelyeket az\u00f3ta is vizsg\u00e1lnak a szakemberek.<br \/>\n    A belga sz\u00f6vets\u00e9gi nukle\u00e1ris hat\u00f3s\u00e1g (FANC) k\u00f6z\u00f6lte, hogy a reaktorok megfelelnek a legszigor\u00fabb biztons\u00e1gi el\u0151\u00edr\u00e1soknak, \u00e9s semmi sem indokolja, hogy a n\u00e9met \u00e9s luxemburgi k\u00e9r\u00e9seknek eleget tegyenek. A doeli l\u00e9tes\u00edtm\u00e9ny 40 \u00e9ve m\u0171k\u00f6d\u0151 1-es \u00e9s 2-es blokkjainak \u00fczemidej\u00e9t 10 \u00e9vvel hosszabb\u00edtott\u00e1k meg 2015-ben.(MTI)<\/p>\n","protected":false},"excerpt":{"rendered":"<p>Ismeretlen okokb\u00f3l le\u00e1llt p\u00e9ntekre virrad\u00f3ra a kelet-belgiumi Tihange 2. atomreaktor &#8211; \u00edrta a Tihange er\u0151m\u0171vet \u00fczemeltet\u0151 v\u00e1llalat inform\u00e1ci\u00f3ira hivatkozva a Le Soir c\u00edm\u0171 francia nyelv\u0171 belga napilap.<\/p>\n","protected":false},"author":1,"featured_media":0,"comment_status":"open","ping_status":"closed","sticky":false,"template":"","format":"standard","meta":[],"categories":[12],"tags":[],"_links":{"self":[{"href":"https:\/\/gazdasagportal.hu\/index.php\/wp-json\/wp\/v2\/posts\/84451"}],"collection":[{"href":"https:\/\/gazdasagportal.hu\/index.php\/wp-json\/wp\/v2\/posts"}],"about":[{"href":"https:\/\/gazdasagportal.hu\/index.php\/wp-json\/wp\/v2\/types\/post"}],"author":[{"embeddable":true,"href":"https:\/\/gazdasagportal.hu\/index.php\/wp-json\/wp\/v2\/users\/1"}],"replies":[{"embeddable":true,"href":"https:\/\/gazdasagportal.hu\/index.php\/wp-json\/wp\/v2\/comments?post=84451"}],"version-history":[{"count":6,"href":"https:\/\/gazdasagportal.hu\/index.php\/wp-json\/wp\/v2\/posts\/84451\/revisions"}],"predecessor-version":[{"id":84457,"href":"https:\/\/gazdasagportal.hu\/index.php\/wp-json\/wp\/v2\/posts\/84451\/revisions\/84457"}],"wp:attachment":[{"href":"https:\/\/gazdasagportal.hu\/index.php\/wp-json\/wp\/v2\/media?parent=84451"}],"wp:term":[{"taxonomy":"category","embeddable":true,"href":"https:\/\/gazdasagportal.hu\/index.php\/wp-json\/wp\/v2\/categories?post=84451"},{"taxonomy":"post_tag","embeddable":true,"href":"https:\/\/gazdasagportal.hu\/index.php\/wp-json\/wp\/v2\/tags?post=84451"}],"curies":[{"name":"wp","href":"https:\/\/api.w.org\/{rel}","templated":true}]}}