{"id":84448,"date":"2016-09-09T11:33:08","date_gmt":"2016-09-09T09:33:08","guid":{"rendered":"http:\/\/gazdasagportal.hu\/?p=84448"},"modified":"2016-09-09T12:10:56","modified_gmt":"2016-09-09T10:10:56","slug":"kenyszergyogykezelesre-iteltek-a-nav-ellenort-leszuro-ferfit","status":"publish","type":"post","link":"https:\/\/gazdasagportal.hu\/index.php\/kenyszergyogykezelesre-iteltek-a-nav-ellenort-leszuro-ferfit\/","title":{"rendered":"K\u00e9nyszergy\u00f3gykezel\u00e9sre \u00edt\u00e9lt\u00e9k a NAV-ellen\u0151rt lesz\u00far\u00f3 f\u00e9rfit"},"content":{"rendered":"<p><strong>K\u00e9nyszergy\u00f3gykezel\u00e9sre \u00edt\u00e9lte a F\u0151v\u00e1rosi T\u00f6rv\u00e9nysz\u00e9k p\u00e9nteken els\u0151 fokon azt a f\u00e9rfit, aki m\u00e9g tavaly febru\u00e1rban k\u00e9ssel t\u00e1madt a Nemzeti Ad\u00f3- \u00e9s V\u00e1mhivatal (NAV) k\u00e9t int\u00e9zked\u0151 munkat\u00e1rs\u00e1ra Budapesten, egyik\u00fck a helysz\u00ednen meghalt.<\/strong><!--more--><\/p>\n<div class=\"ads-in-post1\"><div id=\"gazdasagportal.hu_fullbanner_wideboard\"><\/div>\r\n<\/div>\n<p>    Az els\u0151fok\u00fa b\u00edr\u00f3s\u00e1g szerint nem \u00e1llap\u00edthat\u00f3 meg a v\u00e1dlott b\u00fcntet\u0151jogi felel\u0151ss\u00e9ge az \u00e9vek \u00f3ta fenn\u00e1ll\u00f3 tudathasad\u00e1sos elmebetegs\u00e9ge miatt, ez\u00e9rt felmentette a f\u00e9rfit a k\u00fcl\u00f6n\u00f6s kegyetlens\u00e9ggel, hivatalos szem\u00e9ly s\u00e9relm\u00e9re, hivatalos elj\u00e1r\u00e1s alatt, t\u00f6bb emberen elk\u00f6vetett ember\u00f6l\u00e9s k\u00eds\u00e9rlet\u00e9nek v\u00e1dja al\u00f3l. Egyben elrendelte a k\u00e9nyszergy\u00f3gykezel\u00e9s\u00e9t, a f\u00e9rfi eg\u00e9szs\u00e9gi \u00e1llapot\u00e1t f\u00e9l\u00e9vente fel\u00fclvizsg\u00e1lj\u00e1k.<br \/>\n    Az \u00edt\u00e9letet az \u00fcgy\u00e9sz, a v\u00e9d\u0151 \u00e9s a v\u00e1dlott is tudom\u00e1sul vette, \u00edgy az p\u00e9nteken joger\u0151re emelkedett.<br \/>\n    A v\u00e1dirat szerint a NAV k\u00e9t korm\u00e1nytisztvisel\u0151je az\u00e9rt ment 2015. febru\u00e1r 23-\u00e1n egy XX. ker\u00fcleti t\u00e1rsash\u00e1zi lak\u00e1sba &#8211; ahol a v\u00e1dlott egy\u00fctt lakott a sz\u00fcleivel &#8211; mert a f\u00e9rfi nagyobb ad\u00f3tartoz\u00e1st halmozott fel.<br \/>\n    A 35 \u00e9ves f\u00e9rfi azonban nem k\u00edv\u00e1nt egy\u00fcttm\u0171k\u00f6dni a hivatalos elj\u00e1r\u00e1sban, a s\u00e9rtettek t\u00e1sk\u00e1j\u00e1t \u00e9s dosszi\u00e9it kidob\u00e1lta az udvarra, majd k\u00e9t &#8211; 19 centim\u00e9teres &#8211; k\u00e9ssel t\u00e1madt az ellen\u0151r\u00f6kre, akiket a lak\u00e1sban \u00e9s az udvaron szurk\u00e1lt meg. Az ellen\u0151r\u00f6k nem tudtak elmenek\u00fclni a z\u00e1rt udvarb\u00f3l.<br \/>\n    Az egyik NAV-ellen\u0151rt a nyak\u00e1n \u00e9s a fels\u0151test\u00e9n \u00f6sszesen 24-szer sz\u00farta meg, \u0151 a helysz\u00ednen meghalt. T\u00e1rs\u00e1t, akit szint\u00e9n sz\u00e1mos sz\u00far\u00e1s \u00e9rt a fels\u0151test\u00e9n, a ment\u0151k \u00e9letvesz\u00e9lyes \u00e1llapotban vitt\u00e9k k\u00f3rh\u00e1zba.<br \/>\n    Az az ellen\u0151r, aki t\u00fal\u00e9lte a t\u00e1mad\u00e1st, a szak\u00e9rt\u0151 v\u00e9lem\u00e9nye szerint depresszi\u00f3ban szenved a b\u0171ncselekm\u00e9ny \u00f3ta, poszttraum\u00e1s stressz zavarral \u00e9s \u00f6n\u00e9rt\u00e9kel\u00e9si zavarral k\u00fczd, \u00e9s szorong\u00e1scs\u00f6kkent\u0151ket kell szednie, pszichi\u00e1triai kezel\u00e9sre szorul, eset\u00e9ben 40 sz\u00e1zal\u00e9kos r\u00e9sz-eg\u00e9szs\u00e9gk\u00e1rosod\u00e1st lehetett meg\u00e1llap\u00edtani.<br \/>\n    A p\u00e9nteki t\u00e1rgyal\u00e1son elhangzott: a gyilkoss\u00e1ggal v\u00e1dolt f\u00e9rfi &#8211; aki m\u00e1r kor\u00e1bban is \u00e1llt pszichi\u00e1triai kezel\u00e9s alatt k\u00e9nyszerk\u00e9pzetei \u00e9s agresszi\u00f3ja miatt, \u00e9s jelenleg is ideiglenes k\u00e9nyszergy\u00f3gykezel\u00e9s alatt \u00e1ll &#8211; azt mondta a ki\u00e9rkez\u0151 rend\u0151r\u00f6knek, hogy \u0151 egy zsoldos, az ellen\u0151r\u00f6k pedig felder\u00edt\u0151k voltak, akiket ki kellett v\u00e9geznie.<br \/>\n    Az \u00fcgy\u00e9sz perbesz\u00e9d\u00e9ben kit\u00e9rt arra, hogy a f\u00e9rfit 2001-ben \u00e9letvesz\u00e9lyt okoz\u00f3 testi s\u00e9rt\u00e9s miatt felf\u00fcggesztett szabads\u00e1gveszt\u00e9sre \u00edt\u00e9lt\u00e9k. Felh\u00edvta a figyelmet arra, a v\u00e1dlott tudathasad\u00e1sos elmebetegs\u00e9ge, paranoid skizofr\u00e9ni\u00e1ja, t\u00e9veszm\u00e9i \u00e9s agressz\u00edv magatart\u00e1sa \u00e9vek \u00f3ta fenn\u00e1ll, a b\u0171ncselekm\u00e9ny elk\u00f6vet\u00e9sekor k\u00e9ptelen volt felismerni tett\u00e9nek t\u00e1rsadalomra vesz\u00e9lyess\u00e9g\u00e9t, \u00edgy nem \u00e1llap\u00edthat\u00f3 meg a b\u00fcntet\u0151jogi felel\u0151ss\u00e9ge. Ez\u00e9rt ind\u00edtv\u00e1nyozta a v\u00e1dlott felment\u00e9s\u00e9t \u00e9s k\u00e9nyszergy\u00f3gykezel\u00e9s\u00e9nek elrendel\u00e9s\u00e9t.<br \/>\n    A v\u00e9d\u0151 csatlakozott ehhez az ind\u00edtv\u00e1nyhoz, azt mondta, b\u00e1r az orvosok meg\u00e1llap\u00edtott\u00e1k a f\u00e9rfi betegs\u00e9g\u00e9t, hiba volt \u0151t kiengedni a kor\u00e1bbi k\u00e9nyszergy\u00f3gykezel\u00e9sr\u0151l. K\u00f6z\u00f6lte, a v\u00e1dlott nem szedte a gy\u00f3gyszereit, a b\u0171ncselekm\u00e9ny elk\u00f6vet\u00e9sekor sem volt besz\u00e1m\u00edthat\u00f3 \u00e1llapotban.<br \/>\n    A v\u00e1dlott az utols\u00f3 sz\u00f3 jog\u00e1n azt mondta, megb\u00e1nta, amit tett.<br \/>\n(MTI)<\/p>\n","protected":false},"excerpt":{"rendered":"<p>K\u00e9nyszergy\u00f3gykezel\u00e9sre \u00edt\u00e9lte a F\u0151v\u00e1rosi T\u00f6rv\u00e9nysz\u00e9k p\u00e9nteken els\u0151 fokon azt a f\u00e9rfit, aki m\u00e9g tavaly febru\u00e1rban k\u00e9ssel t\u00e1madt a Nemzeti Ad\u00f3- \u00e9s V\u00e1mhivatal (NAV) k\u00e9t int\u00e9zked\u0151 munkat\u00e1rs\u00e1ra Budapesten, egyik\u00fck a helysz\u00ednen meghalt.<\/p>\n","protected":false},"author":1,"featured_media":0,"comment_status":"open","ping_status":"closed","sticky":false,"template":"","format":"standard","meta":[],"categories":[20,4],"tags":[],"_links":{"self":[{"href":"https:\/\/gazdasagportal.hu\/index.php\/wp-json\/wp\/v2\/posts\/84448"}],"collection":[{"href":"https:\/\/gazdasagportal.hu\/index.php\/wp-json\/wp\/v2\/posts"}],"about":[{"href":"https:\/\/gazdasagportal.hu\/index.php\/wp-json\/wp\/v2\/types\/post"}],"author":[{"embeddable":true,"href":"https:\/\/gazdasagportal.hu\/index.php\/wp-json\/wp\/v2\/users\/1"}],"replies":[{"embeddable":true,"href":"https:\/\/gazdasagportal.hu\/index.php\/wp-json\/wp\/v2\/comments?post=84448"}],"version-history":[{"count":2,"href":"https:\/\/gazdasagportal.hu\/index.php\/wp-json\/wp\/v2\/posts\/84448\/revisions"}],"predecessor-version":[{"id":84450,"href":"https:\/\/gazdasagportal.hu\/index.php\/wp-json\/wp\/v2\/posts\/84448\/revisions\/84450"}],"wp:attachment":[{"href":"https:\/\/gazdasagportal.hu\/index.php\/wp-json\/wp\/v2\/media?parent=84448"}],"wp:term":[{"taxonomy":"category","embeddable":true,"href":"https:\/\/gazdasagportal.hu\/index.php\/wp-json\/wp\/v2\/categories?post=84448"},{"taxonomy":"post_tag","embeddable":true,"href":"https:\/\/gazdasagportal.hu\/index.php\/wp-json\/wp\/v2\/tags?post=84448"}],"curies":[{"name":"wp","href":"https:\/\/api.w.org\/{rel}","templated":true}]}}