{"id":84404,"date":"2016-09-08T17:00:01","date_gmt":"2016-09-08T15:00:01","guid":{"rendered":"http:\/\/gazdasagportal.hu\/?p=84404"},"modified":"2016-09-09T10:32:14","modified_gmt":"2016-09-09T08:32:14","slug":"hetvege-nyarias-idojaras-30-fok-sok-napsutes-es-zapor-zivatar","status":"publish","type":"post","link":"https:\/\/gazdasagportal.hu\/index.php\/hetvege-nyarias-idojaras-30-fok-sok-napsutes-es-zapor-zivatar\/","title":{"rendered":"H\u00e9tv\u00e9ge: Ny\u00e1rias id\u0151j\u00e1r\u00e1s, 30 fok, sok naps\u00fct\u00e9s \u00e9s z\u00e1por, zivatar"},"content":{"rendered":"<p><strong>A h\u00e9tv\u00e9g\u00e9n is folytat\u00f3dik a ny\u00e1rias id\u0151j\u00e1r\u00e1s, 30 Celsius-fok k\u00f6r\u00fcli melegre \u00e9s sok naps\u00fct\u00e9sre lehet sz\u00e1m\u00edtani, de helyenk\u00e9nt egy-egy z\u00e1por, zivatar is kialakulhat &#8211; der\u00fcl ki az Orsz\u00e1gos Meteorol\u00f3giai Szolg\u00e1lat cs\u00fct\u00f6rt\u00f6k\u00f6n az MTI-hez eljuttatott orsz\u00e1gos, k\u00f6z\u00e9pt\u00e1v\u00fa el\u0151rejelz\u00e9s\u00e9b\u0151l.<\/strong><!--more--><\/p>\n<div class=\"ads-in-post1\"><div id=\"gazdasagportal.hu_fullbanner_wideboard\"><\/div>\r\n<\/div>\n<p>    P\u00e9nteken a sok naps\u00fct\u00e9s mellett id\u0151nk\u00e9nt megn\u00f6vekszik a felh\u0151zet, csapad\u00e9k nem v\u00e1rhat\u00f3. A legalacsonyabb h\u0151m\u00e9rs\u00e9klet \u00e1ltal\u00e1ban 11-17 fok k\u00f6z\u00f6tt val\u00f3sz\u00edn\u0171, de a hidegre \u00e9rz\u00e9keny helyeken h\u0171v\u00f6sebb is lehet. A nappali maximum 30 fok k\u00f6r\u00fcl alakul.<br \/>\n    Szombaton is napos id\u0151 v\u00e1rhat\u00f3. D\u00e9len \u00e9s nyugaton lehet id\u0151nk\u00e9nt t\u00f6bb a felh\u0151, \u00e9s arrafel\u00e9 n\u00e9hol z\u00e1por el\u0151fordulhat, esetleg egy-egy zivatar is kialakulhat. A leghidegebb \u00f3r\u00e1kban 12-17 fok lehet. Napk\u00f6zben 30 fok k\u00f6r\u00fcl alakul a h\u0151m\u00e9rs\u00e9klet.<br \/>\n    Vas\u00e1rnap is sok naps\u00fct\u00e9sre lehet sz\u00e1m\u00edtani, de helyenk\u00e9nt lehetnek z\u00e1porok, zivatarok. Csak zivatar k\u00f6rnyezet\u00e9ben er\u0151s\u00f6dhet meg a sz\u00e9l. A minimumh\u0151m\u00e9rs\u00e9klet 13-19, a maximumh\u0151m\u00e9rs\u00e9klet 27-31 fok k\u00f6z\u00f6tt val\u00f3sz\u00edn\u0171 &#8211; olvashat\u00f3 az el\u0151rejelz\u00e9sben.(MTI)<\/p>\n","protected":false},"excerpt":{"rendered":"<p>A h\u00e9tv\u00e9g\u00e9n is folytat\u00f3dik a ny\u00e1rias id\u0151j\u00e1r\u00e1s, 30 Celsius-fok k\u00f6r\u00fcli melegre \u00e9s sok naps\u00fct\u00e9sre lehet sz\u00e1m\u00edtani, de helyenk\u00e9nt egy-egy z\u00e1por, zivatar is kialakulhat &#8211; der\u00fcl ki az Orsz\u00e1gos Meteorol\u00f3giai Szolg\u00e1lat cs\u00fct\u00f6rt\u00f6k\u00f6n az MTI-hez eljuttatott orsz\u00e1gos, k\u00f6z\u00e9pt\u00e1v\u00fa el\u0151rejelz\u00e9s\u00e9b\u0151l.<\/p>\n","protected":false},"author":1,"featured_media":0,"comment_status":"open","ping_status":"closed","sticky":false,"template":"","format":"standard","meta":[],"categories":[4],"tags":[],"_links":{"self":[{"href":"https:\/\/gazdasagportal.hu\/index.php\/wp-json\/wp\/v2\/posts\/84404"}],"collection":[{"href":"https:\/\/gazdasagportal.hu\/index.php\/wp-json\/wp\/v2\/posts"}],"about":[{"href":"https:\/\/gazdasagportal.hu\/index.php\/wp-json\/wp\/v2\/types\/post"}],"author":[{"embeddable":true,"href":"https:\/\/gazdasagportal.hu\/index.php\/wp-json\/wp\/v2\/users\/1"}],"replies":[{"embeddable":true,"href":"https:\/\/gazdasagportal.hu\/index.php\/wp-json\/wp\/v2\/comments?post=84404"}],"version-history":[{"count":2,"href":"https:\/\/gazdasagportal.hu\/index.php\/wp-json\/wp\/v2\/posts\/84404\/revisions"}],"predecessor-version":[{"id":84436,"href":"https:\/\/gazdasagportal.hu\/index.php\/wp-json\/wp\/v2\/posts\/84404\/revisions\/84436"}],"wp:attachment":[{"href":"https:\/\/gazdasagportal.hu\/index.php\/wp-json\/wp\/v2\/media?parent=84404"}],"wp:term":[{"taxonomy":"category","embeddable":true,"href":"https:\/\/gazdasagportal.hu\/index.php\/wp-json\/wp\/v2\/categories?post=84404"},{"taxonomy":"post_tag","embeddable":true,"href":"https:\/\/gazdasagportal.hu\/index.php\/wp-json\/wp\/v2\/tags?post=84404"}],"curies":[{"name":"wp","href":"https:\/\/api.w.org\/{rel}","templated":true}]}}