{"id":84397,"date":"2016-09-08T15:26:25","date_gmt":"2016-09-08T13:26:25","guid":{"rendered":"http:\/\/gazdasagportal.hu\/?p=84397"},"modified":"2016-09-08T15:26:25","modified_gmt":"2016-09-08T13:26:25","slug":"csokkent-az-elso-alkalommal-munkanelkuli-segelyt-kerok-szama-az-egyesult-allamokban-9","status":"publish","type":"post","link":"https:\/\/gazdasagportal.hu\/index.php\/csokkent-az-elso-alkalommal-munkanelkuli-segelyt-kerok-szama-az-egyesult-allamokban-9\/","title":{"rendered":"Cs\u00f6kkent az els\u0151 alkalommal munkan\u00e9lk\u00fcli seg\u00e9lyt k\u00e9r\u0151k sz\u00e1ma az Egyes\u00fclt \u00c1llamokban"},"content":{"rendered":"<p><strong>Cs\u00f6kkent az els\u0151 alkalommal munkan\u00e9lk\u00fcli seg\u00e9ly\u00e9rt folyamod\u00f3k sz\u00e1ma a m\u00falt h\u00e9ten az Egyes\u00fclt \u00c1llamokban.<\/strong><!--more--><\/p>\n<div class=\"ads-in-post1\"><div id=\"gazdasagportal.hu_fullbanner_wideboard\"><\/div>\r\n<\/div>\n<p>    Az amerikai munka\u00fcgyi miniszt\u00e9rium cs\u00fct\u00f6rt\u00f6k\u00f6n k\u00f6z\u00f6lte, hogy a szeptember 3-\u00e1n z\u00e1rult h\u00e9ten a szezon\u00e1lisan kiigaz\u00edtott adatok szerint a seg\u00e9lyk\u00e9relmek sz\u00e1ma n\u00e9gyezerrel, 259 ezerre s\u00fcllyedt, tov\u00e1bbra is rekordalacsony szint k\u00f6zel\u00e9ben mozog.<br \/>\n    Elemz\u0151k k\u00e9tezres emelked\u00e9sre sz\u00e1m\u00edtottak.<br \/>\n    Az els\u0151 alkalommal munkan\u00e9lk\u00fcli seg\u00e9ly\u00e9rt folyamod\u00f3k sz\u00e1ma m\u00e1r a 79. egym\u00e1st k\u00f6vet\u0151 h\u00e9ten maradt 300 ezer alatt, ilyen hossz\u00fa egybef\u00fcgg\u0151 id\u0151szakra 1970 \u00f3ta nem volt p\u00e9lda. A 300 ezer alatti \u00e9rt\u00e9ket a munkaer\u0151piac robusztus er\u0151s\u00f6d\u00e9s\u00e9nek jelek\u00e9nt \u00e9rtelmezik az elemz\u0151k.<br \/>\n    A seg\u00e9lyk\u00e9relmek sz\u00e1m\u00e1t m\u00e9r\u0151 n\u00e9gyhetes mozg\u00f3\u00e1tlag 1750-nel, 261 ezer 250-re esett vissza.<br \/>\n    A tart\u00f3san munkan\u00e9lk\u00fcli seg\u00e9lyt k\u00e9r\u0151k sz\u00e1ma 7 ezerrel, 2 milli\u00f3 144 ezerre cs\u00f6kkent az augusztus 27-\u00e1n z\u00e1rult h\u00e9ten. A tart\u00f3san munkan\u00e9lk\u00fcli seg\u00e9lyt k\u00e9r\u0151k sz\u00e1m\u00e1t m\u00e9r\u0151 n\u00e9gyhetes mozg\u00f3\u00e1tlag n\u00e9gyezerrel, 2 milli\u00f3 153 ezer 750-re m\u00e9rs\u00e9kl\u0151d\u00f6tt.<br \/>\n    A munkan\u00e9lk\u00fcliseg\u00e9ly-k\u00e9relmek sz\u00e1ma 2009 \u0151sze \u00f3ta cs\u00f6kken, \u00e9s id\u00e9n \u00e1prilisban n\u00e9gy \u00e9vtizedes m\u00e9lypontot \u00fct\u00f6tt meg. A k\u00e9relmek alacsony sz\u00e1ma \u00e1ltal\u00e1ban arra utal, hogy t\u00f6bb \u00faj munkahelyet teremtettek.<br \/>\n    Mivel az amerikai gazdas\u00e1got gyakorlatilag a teljes foglalkoztatotts\u00e1g jellemzi, val\u00f3sz\u00edn\u0171leg nemigen cs\u00f6kken tov\u00e1bb a munkan\u00e9lk\u00fcli k\u00e9relmek sz\u00e1ma. J\u00faliusban rekordmagass\u00e1gba sz\u00f6k\u00f6tt a meghirdetett \u00e1ll\u00e1sok sz\u00e1ma, \u00e1m a viszonylag feszes munkaer\u0151piac miatt a munk\u00e1ltat\u00f3k m\u00e1r nehezen tal\u00e1lnak megfelel\u0151 k\u00e9pzetts\u00e9ggel rendelkez\u0151 alkalmazottakat.<br \/>\n    A munkan\u00e9lk\u00fcli k\u00e9relmek nagyon alacsony szintje a rekordnagys\u00e1g\u00fa \u00e1ll\u00e1sk\u00edn\u00e1lattal egy\u00fctt arra utal, hogy a munkaer\u0151piaci helyzet eg\u00e9szs\u00e9ges, b\u00e1r a foglalkoztat\u00e1s n\u00f6veked\u00e9se lassul. Augusztusban 151 ezerrel emelkedett a nem mez\u0151gazdas\u00e1gi \u00e1gazatokban foglalkoztatottak sz\u00e1ma a j\u00faliusi 275 ezerrel szemben, mik\u00f6zben elemz\u0151k 180 ezres n\u00f6veked\u00e9sre sz\u00e1m\u00edtottak.(MTI)<\/p>\n","protected":false},"excerpt":{"rendered":"<p>Cs\u00f6kkent az els\u0151 alkalommal munkan\u00e9lk\u00fcli seg\u00e9ly\u00e9rt folyamod\u00f3k sz\u00e1ma a m\u00falt h\u00e9ten az Egyes\u00fclt \u00c1llamokban.<\/p>\n","protected":false},"author":1,"featured_media":0,"comment_status":"open","ping_status":"closed","sticky":false,"template":"","format":"standard","meta":[],"categories":[246],"tags":[],"_links":{"self":[{"href":"https:\/\/gazdasagportal.hu\/index.php\/wp-json\/wp\/v2\/posts\/84397"}],"collection":[{"href":"https:\/\/gazdasagportal.hu\/index.php\/wp-json\/wp\/v2\/posts"}],"about":[{"href":"https:\/\/gazdasagportal.hu\/index.php\/wp-json\/wp\/v2\/types\/post"}],"author":[{"embeddable":true,"href":"https:\/\/gazdasagportal.hu\/index.php\/wp-json\/wp\/v2\/users\/1"}],"replies":[{"embeddable":true,"href":"https:\/\/gazdasagportal.hu\/index.php\/wp-json\/wp\/v2\/comments?post=84397"}],"version-history":[{"count":1,"href":"https:\/\/gazdasagportal.hu\/index.php\/wp-json\/wp\/v2\/posts\/84397\/revisions"}],"predecessor-version":[{"id":84398,"href":"https:\/\/gazdasagportal.hu\/index.php\/wp-json\/wp\/v2\/posts\/84397\/revisions\/84398"}],"wp:attachment":[{"href":"https:\/\/gazdasagportal.hu\/index.php\/wp-json\/wp\/v2\/media?parent=84397"}],"wp:term":[{"taxonomy":"category","embeddable":true,"href":"https:\/\/gazdasagportal.hu\/index.php\/wp-json\/wp\/v2\/categories?post=84397"},{"taxonomy":"post_tag","embeddable":true,"href":"https:\/\/gazdasagportal.hu\/index.php\/wp-json\/wp\/v2\/tags?post=84397"}],"curies":[{"name":"wp","href":"https:\/\/api.w.org\/{rel}","templated":true}]}}