{"id":84395,"date":"2016-09-08T14:34:46","date_gmt":"2016-09-08T12:34:46","guid":{"rendered":"http:\/\/gazdasagportal.hu\/?p=84395"},"modified":"2016-09-09T10:36:31","modified_gmt":"2016-09-09T08:36:31","slug":"fidesz-kezdodik-az-orszagjaras","status":"publish","type":"post","link":"https:\/\/gazdasagportal.hu\/index.php\/fidesz-kezdodik-az-orszagjaras\/","title":{"rendered":"Fidesz: kezd\u0151dik az orsz\u00e1gj\u00e1r\u00e1s"},"content":{"rendered":"<p><strong>K\u00f6zter\u00fcleti kamp\u00e1nyol\u00e1sba \u00e9s orsz\u00e1gj\u00e1r\u00e1sba kezd a Fidesz, hogy arra buzd\u00edtsa a v\u00e1laszt\u00f3kat, szavazzanak nemmel az okt\u00f3ber 2-i kv\u00f3tareferendumon.<\/strong><!--more--><\/p>\n<div class=\"ads-in-post1\"><div id=\"gazdasagportal.hu_fullbanner_wideboard\"><\/div>\r\n<\/div>\n<p>    A kamp\u00e1nyr\u00f3l Hal\u00e1sz J\u00e1nos, a Fidesz-frakci\u00f3 sz\u00f3viv\u0151je sz\u00e1molt be cs\u00fct\u00f6rt\u00f6k\u00f6n Balatonf\u00fcreden, a Fidesz-KDNP \u00e9vadnyit\u00f3 frakci\u00f3\u00fcl\u00e9s\u00e9nek helysz\u00edn\u00e9n tartott sajt\u00f3t\u00e1j\u00e9koztat\u00f3n.<br \/>\n    Elmondta, a Fidesz \u00f6nk\u00e9ntesei a k\u00f6vetkez\u0151 egy h\u00e9tben t\u00f6bb mint 700 helysz\u00ednen szerveznek majd k\u00f6zter\u00fcleti standol\u00e1st, \u00e9s cs\u00fct\u00f6rt\u00f6k\u00f6n elkezd\u0151dik a n\u00e9pszavaz\u00e1ssal kapcsolatos orsz\u00e1gj\u00e1r\u00e1s is, amelynek sor\u00e1n t\u00f6bb mint 200 f\u00f3rumot tartanak &#8211; 80 el\u0151ad\u00f3 r\u00e9szv\u00e9tel\u00e9vel -, az els\u0151t Veszpr\u00e9mben.<br \/>\n    A sz\u00f3viv\u0151 azt is k\u00f6z\u00f6lte, hogy a kor\u00e1bbi kv\u00f3taellenes pet\u00edci\u00f3juk minden al\u00e1\u00edr\u00f3j\u00e1t megkeresik.<br \/>\n    Tudatta tov\u00e1bb\u00e1, hogy a Fidesz-KDNP \u00fagy d\u00f6nt\u00f6tt, a kamp\u00e1ny idej\u00e9n a korm\u00e1ny \u00e1ltal k\u00e9sz\u00edtett rekl\u00e1mokat jelen\u00edti meg &#8211; a kabinet hozz\u00e1j\u00e1rul\u00e1s\u00e1val &#8211; telev\u00edzi\u00f3kban, r\u00e1di\u00f3kban.<br \/>\n    Okt\u00f3ber 2-\u00e1n pedig a korm\u00e1nyp\u00e1rtnak minden szavaz\u00f3k\u00f6rben lesznek deleg\u00e1ltjai &#8211; tette hozz\u00e1.<br \/>\n    Hal\u00e1sz J\u00e1nos t\u00e1j\u00e9koztat\u00e1st adott Orb\u00e1n Viktor minisztereln\u00f6k frakci\u00f3\u00fcl\u00e9st megnyit\u00f3 besz\u00e9d\u00e9r\u0151l is, amelyben &#8211; id\u00e9zte &#8211; a korm\u00e1nyf\u0151 a csal\u00e1dpolitik\u00e1r\u00f3l \u00e9s a migr\u00e1ci\u00f3s v\u00e1ls\u00e1gr\u00f3l sz\u00f3lt. El\u0151bbivel kapcsolatban Orb\u00e1n Viktor a n\u00e9pess\u00e9gfogy\u00e1s meg\u00e1ll\u00edt\u00e1s\u00e1t nevezte a legfontosabbnak, aminek \u00e9rdek\u00e9ben tov\u00e1bb kell er\u0151s\u00edteni a csal\u00e1dt\u00e1mogat\u00e1si rendszert, \u00e9s tov\u00e1bb kell \u00e9p\u00edteni a munkaalap\u00fa t\u00e1rsadalmat.<br \/>\n    Migr\u00e1ci\u00f3\u00fcgyben elhangzott &#8211; folytatta -, hogy az okt\u00f3beri n\u00e9pszavaz\u00e1s nem a napi belpolitikai k\u00fczdelmekr\u0151l, hanem Magyarorsz\u00e1g j\u00f6v\u0151j\u00e9r\u0151l sz\u00f3l, &#8222;az a t\u00e9t, hogy meg tudjuk-e v\u00e9deni k\u00f6z\u00f6ss\u00e9geinket, kult\u00far\u00e1nkat, \u00e9s meg tudjuk-e er\u0151s\u00edteni biztons\u00e1gunkat&#8221;.<br \/>\n    A sajt\u00f3t\u00e1j\u00e9koztat\u00f3n Sz\u00e1jer J\u00f3zsef fideszes eur\u00f3pai parlamenti (EP-) k\u00e9pvisel\u0151 elmondta, hogy a frakci\u00f3\u00fcl\u00e9sen r\u00e9szletes t\u00e1j\u00e9koztat\u00e1st adott a br\u00fcsszeli kv\u00f3tacsomagr\u00f3l, a kor\u00e1bbi eur\u00f3pai uni\u00f3s d\u00f6nt\u00e9sekr\u0151l.<br \/>\n    Hangs\u00falyozta, hogy a Fidesz-KDNP-s EP-k\u00e9pvisel\u0151k br\u00fcsszeli munk\u00e1j\u00e1t is nagyban seg\u00edti, ha a magyarok kinyilv\u00e1n\u00edtj\u00e1k, nem k\u00e9rnek a migr\u00e1nsok k\u00f6telez\u0151 eloszt\u00e1s\u00e1b\u00f3l.<br \/>\n    Bakondi Gy\u00f6rgy, a minisztereln\u00f6k belbiztons\u00e1gi f\u0151tan\u00e1csad\u00f3ja a migr\u00e1ci\u00f3s helyzetr\u0151l adott sz\u00e1mot. Elmondta, hogy az Eur\u00f3p\u00e1ba t\u00f6rt\u00e9n\u0151 bev\u00e1ndorl\u00e1snak k\u00e9t f\u0151 ir\u00e1nya van: L\u00edbi\u00e1b\u00f3l &#8211; a tengeren kereszt\u00fcl &#8211; Olaszorsz\u00e1g fel\u00e9, valamint T\u00f6r\u00f6korsz\u00e1g fel\u0151l a Balk\u00e1non \u00e1t. Ut\u00f3bbival kapcsolatban kiemelte, hogy az EU \u00e9s T\u00f6r\u00f6korsz\u00e1g k\u00f6z\u00f6tti egyezm\u00e9ny j\u00f6v\u0151je bizonytalan.<br \/>\n    \u00daj fejlem\u00e9nyk\u00e9nt sz\u00f3lt arr\u00f3l, hogy Szerbia is &#8222;hat\u00e1r\u0151rizeti tev\u00e9kenys\u00e9gbe kezdett&#8221; a szerb-bolg\u00e1r \u00e9s a szerb-maced\u00f3n hat\u00e1ron, aminek vannak bizonyos eredm\u00e9nyei, de a magyar-szerb hat\u00e1ron a nyom\u00e1s \u00e1lland\u00f3.<br \/>\n    Ha az EU-t\u00f6r\u00f6k-meg\u00e1llapod\u00e1s hat\u00e1ly\u00e1t vesz\u00edti, \u00e9s elindul a migr\u00e1nsok \u00e1radata, akkor &#8222;komoly mozg\u00e1s&#8221; lehet \u0151sszel &#8211; h\u00edvta fel a figyelmet Bakondi Gy\u00f6rgy, jelezve, hogy a korm\u00e1ny ez\u00e9rt \u00fagy d\u00f6nt\u00f6tt, h\u00e1romezerrel emeli a rend\u0151rs\u00e9g l\u00e9tsz\u00e1m\u00e1t, \u00fajabb ker\u00edt\u00e9st h\u00faznak fel a magyar-szerb hat\u00e1rra, man\u0151verutat \u00e9p\u00edtenek, b\u0151v\u00edtik a technikai felszerel\u00e9st. A mostani ker\u00edt\u00e9s akkor ny\u00fajt megfelel\u0151 biztons\u00e1got, ha sz\u00e1zak, ezrek \u00e9rkeznek egyszerre, de fel kell k\u00e9sz\u00fclni a legrosszabb forgat\u00f3k\u00f6nyvre is, hogy ak\u00e1r t\u00edzezrek \u00e9rkeznek a hat\u00e1rhoz &#8211; mondta.<br \/>\n    A feles\u00e9g\u00e9t N\u00e9metorsz\u00e1gban megfojt\u00f3 afg\u00e1n f\u00e9rfi \u00fcgy\u00e9ben &#8211; akit Kelebi\u00e1n\u00e1l fogt\u00e1k el &#8211; a f\u0151tan\u00e1csad\u00f3 k\u00e9rd\u00e9sre kifejtette: a magyar rend\u0151rs\u00e9g az\u00e9rt sz\u00e1ll\u00edttatta le a f\u00e9rfit \u00e9s gyermekeit a Szerbi\u00e1ba tart\u00f3 vonatr\u00f3l, mert nem voltak rendben az okm\u00e1nyaik, \u00e9s mik\u00f6zben az ellen\u0151rz\u00e9s\u00fck megkezd\u0151d\u00f6tt, a n\u00e9met rend\u0151rs\u00e9g kibocs\u00e1totta az elfogat\u00f3parancsot. A f\u00e9rfit kiutas\u00edt\u00e1si \u0151rizetbe helyezt\u00e9k, ki fogj\u00e1k \u0151t adni N\u00e9metorsz\u00e1gnak, a gyermekek pedig F\u00f3tra ker\u00fcltek.(MTI)<\/p>\n","protected":false},"excerpt":{"rendered":"<p>K\u00f6zter\u00fcleti kamp\u00e1nyol\u00e1sba \u00e9s orsz\u00e1gj\u00e1r\u00e1sba kezd a Fidesz, hogy arra buzd\u00edtsa a v\u00e1laszt\u00f3kat, szavazzanak nemmel az okt\u00f3ber 2-i kv\u00f3tareferendumon.<\/p>\n","protected":false},"author":1,"featured_media":0,"comment_status":"open","ping_status":"closed","sticky":false,"template":"","format":"standard","meta":[],"categories":[4,18],"tags":[],"_links":{"self":[{"href":"https:\/\/gazdasagportal.hu\/index.php\/wp-json\/wp\/v2\/posts\/84395"}],"collection":[{"href":"https:\/\/gazdasagportal.hu\/index.php\/wp-json\/wp\/v2\/posts"}],"about":[{"href":"https:\/\/gazdasagportal.hu\/index.php\/wp-json\/wp\/v2\/types\/post"}],"author":[{"embeddable":true,"href":"https:\/\/gazdasagportal.hu\/index.php\/wp-json\/wp\/v2\/users\/1"}],"replies":[{"embeddable":true,"href":"https:\/\/gazdasagportal.hu\/index.php\/wp-json\/wp\/v2\/comments?post=84395"}],"version-history":[{"count":2,"href":"https:\/\/gazdasagportal.hu\/index.php\/wp-json\/wp\/v2\/posts\/84395\/revisions"}],"predecessor-version":[{"id":84438,"href":"https:\/\/gazdasagportal.hu\/index.php\/wp-json\/wp\/v2\/posts\/84395\/revisions\/84438"}],"wp:attachment":[{"href":"https:\/\/gazdasagportal.hu\/index.php\/wp-json\/wp\/v2\/media?parent=84395"}],"wp:term":[{"taxonomy":"category","embeddable":true,"href":"https:\/\/gazdasagportal.hu\/index.php\/wp-json\/wp\/v2\/categories?post=84395"},{"taxonomy":"post_tag","embeddable":true,"href":"https:\/\/gazdasagportal.hu\/index.php\/wp-json\/wp\/v2\/tags?post=84395"}],"curies":[{"name":"wp","href":"https:\/\/api.w.org\/{rel}","templated":true}]}}