{"id":84389,"date":"2016-09-08T12:17:10","date_gmt":"2016-09-08T10:17:10","guid":{"rendered":"http:\/\/gazdasagportal.hu\/?p=84389"},"modified":"2016-09-08T12:17:10","modified_gmt":"2016-09-08T10:17:10","slug":"egyuttmukodik-a-bet-es-a-magyar-konyvvizsgaloi-kamara","status":"publish","type":"post","link":"https:\/\/gazdasagportal.hu\/index.php\/egyuttmukodik-a-bet-es-a-magyar-konyvvizsgaloi-kamara\/","title":{"rendered":"Egy\u00fcttm\u0171k\u00f6dik a B\u00c9T \u00e9s a Magyar K\u00f6nyvvizsg\u00e1l\u00f3i Kamara"},"content":{"rendered":"<p><strong>A t\u0151zsd\u00e9n jelenl\u00e9v\u0151 \u00e9s oda k\u00e9sz\u00fcl\u0151 v\u00e1llalatok, valamint k\u00f6nyvvizsg\u00e1l\u00f3ik k\u00e9pz\u00e9s\u00e9ben val\u00f3 egy\u00fcttm\u0171k\u00f6d\u00e9sr\u0151l k\u00f6t\u00f6tt meg\u00e1llapod\u00e1st a Budapesti \u00c9rt\u00e9kt\u0151zsde (B\u00c9T) \u00e9s a Magyar K\u00f6nyvvizsg\u00e1l\u00f3i Kamara (MKVK) &#8211; t\u00e1j\u00e9koztatta a B\u00c9T cs\u00fct\u00f6rt\u00f6k\u00f6n az MTI-t.<\/strong><!--more--><\/p>\n<div class=\"ads-in-post1\"><div id=\"gazdasagportal.hu_fullbanner_wideboard\"><\/div>\r\n<\/div>\n<p>    A B\u00c9T \u00e9s az MKVK a j\u00f6v\u0151ben egyebek mellett k\u00f6z\u00f6sen alak\u00edtja ki a kibocs\u00e1t\u00f3i min\u0151s\u00edt\u00e9st megszerezni k\u00edv\u00e1n\u00f3 k\u00f6nyvvizsg\u00e1l\u00f3k r\u00e9sz\u00e9re a sz\u00fcks\u00e9ges oktat\u00e1sok, k\u00e9pz\u00e9sek tematik\u00e1j\u00e1t \u00e9s felt\u00e9teleit, azokat bizonyos esetekben k\u00f6z\u00f6sen szervezi. Emellett a t\u0151zsdei kibocs\u00e1t\u00f3k audit bizotts\u00e1gi tagjainak sz\u00e1m\u00e1ra szakmai tov\u00e1bbk\u00e9pz\u00e9seket dolgoznak ki, illetve szerveznek.<br \/>\n    A t\u0151zsde \u00e9s a k\u00f6nyvvizsg\u00e1l\u00f3i kamara c\u00e9lja egyar\u00e1nt az, hogy a magyar t\u0151kepiaci szerepl\u0151k, \u00edgy k\u00fcl\u00f6n\u00f6sen a t\u0151zsdei kibocs\u00e1t\u00f3k \u00e1tl\u00e1that\u00f3an, prudensen, \u00e9s a jogszab\u00e1lyoknak megfelel\u0151en m\u0171k\u00f6djenek. Az egy\u00fcttm\u0171k\u00f6d\u00e9ssel a t\u0151zsdei kibocs\u00e1t\u00f3k k\u00f6nyvvizsg\u00e1l\u00f3i, illetve az audit bizotts\u00e1gainak tagjai a lehet\u0151 legmagasabb sz\u00ednvonal\u00fa k\u00e9pz\u00e9sben r\u00e9szes\u00fclhetnek, \u00e9s ez\u00e1ltal k\u00f6nnyebben meg tudnak felelni a r\u00e1juk vonatkoz\u00f3 jogszab\u00e1lyi \u00e9s egy\u00e9b szab\u00e1lyoz\u00e1si k\u00f6vetelm\u00e9nyeknek &#8211; olvashat\u00f3 a k\u00f6zlem\u00e9nyben.(MTI)<\/p>\n","protected":false},"excerpt":{"rendered":"<p>A t\u0151zsd\u00e9n jelenl\u00e9v\u0151 \u00e9s oda k\u00e9sz\u00fcl\u0151 v\u00e1llalatok, valamint k\u00f6nyvvizsg\u00e1l\u00f3ik k\u00e9pz\u00e9s\u00e9ben val\u00f3 egy\u00fcttm\u0171k\u00f6d\u00e9sr\u0151l k\u00f6t\u00f6tt meg\u00e1llapod\u00e1st a Budapesti \u00c9rt\u00e9kt\u0151zsde (B\u00c9T) \u00e9s a Magyar K\u00f6nyvvizsg\u00e1l\u00f3i Kamara (MKVK) &#8211; t\u00e1j\u00e9koztatta a B\u00c9T cs\u00fct\u00f6rt\u00f6k\u00f6n az MTI-t.<\/p>\n","protected":false},"author":1,"featured_media":0,"comment_status":"open","ping_status":"closed","sticky":false,"template":"","format":"standard","meta":[],"categories":[7],"tags":[],"_links":{"self":[{"href":"https:\/\/gazdasagportal.hu\/index.php\/wp-json\/wp\/v2\/posts\/84389"}],"collection":[{"href":"https:\/\/gazdasagportal.hu\/index.php\/wp-json\/wp\/v2\/posts"}],"about":[{"href":"https:\/\/gazdasagportal.hu\/index.php\/wp-json\/wp\/v2\/types\/post"}],"author":[{"embeddable":true,"href":"https:\/\/gazdasagportal.hu\/index.php\/wp-json\/wp\/v2\/users\/1"}],"replies":[{"embeddable":true,"href":"https:\/\/gazdasagportal.hu\/index.php\/wp-json\/wp\/v2\/comments?post=84389"}],"version-history":[{"count":1,"href":"https:\/\/gazdasagportal.hu\/index.php\/wp-json\/wp\/v2\/posts\/84389\/revisions"}],"predecessor-version":[{"id":84390,"href":"https:\/\/gazdasagportal.hu\/index.php\/wp-json\/wp\/v2\/posts\/84389\/revisions\/84390"}],"wp:attachment":[{"href":"https:\/\/gazdasagportal.hu\/index.php\/wp-json\/wp\/v2\/media?parent=84389"}],"wp:term":[{"taxonomy":"category","embeddable":true,"href":"https:\/\/gazdasagportal.hu\/index.php\/wp-json\/wp\/v2\/categories?post=84389"},{"taxonomy":"post_tag","embeddable":true,"href":"https:\/\/gazdasagportal.hu\/index.php\/wp-json\/wp\/v2\/tags?post=84389"}],"curies":[{"name":"wp","href":"https:\/\/api.w.org\/{rel}","templated":true}]}}