{"id":84358,"date":"2016-09-07T15:30:12","date_gmt":"2016-09-07T13:30:12","guid":{"rendered":"http:\/\/gazdasagportal.hu\/?p=84358"},"modified":"2016-09-07T15:30:12","modified_gmt":"2016-09-07T13:30:12","slug":"a-monetaris-tanacs-egyhangulag-szavazott-az-alapkamat-tartasara","status":"publish","type":"post","link":"https:\/\/gazdasagportal.hu\/index.php\/a-monetaris-tanacs-egyhangulag-szavazott-az-alapkamat-tartasara\/","title":{"rendered":"A monet\u00e1ris tan\u00e1cs egyhang\u00falag szavazott az alapkamat tart\u00e1s\u00e1ra"},"content":{"rendered":"<p><strong>A monet\u00e1ris tan\u00e1cs mind a 7 jelen l\u00e9v\u0151 tagja egyhang\u00falag t\u00e1mogatta az augusztusi kamatd\u00f6nt\u0151 \u00fcl\u00e9sen az alapkamat tart\u00e1s\u00e1t \u00e9s a kamatfolyos\u00f3 v\u00e1ltozatlanul hagy\u00e1s\u00e1t &#8211; der\u00fclt ki a jegybank augusztus 23-i kamatd\u00f6nt\u0151 \u00fcl\u00e9s\u00e9nek r\u00f6vid\u00edtett jegyz\u0151k\u00f6nyv\u00e9b\u0151l.<\/strong><!--more--><\/p>\n<div class=\"ads-in-post1\"><div id=\"gazdasagportal.hu_fullbanner_wideboard\"><\/div>\r\n<\/div>\n<p>    A Magyar Nemzeti Bank (MNB) honlapj\u00e1n szerd\u00e1n k\u00f6zz\u00e9tett dokumentum szerint a 0,90 sz\u00e1zal\u00e9kos alapkamat tart\u00e1sa mellett szavazott B\u00e1ger Guszt\u00e1v, Cinkotai J\u00e1nos, Gerhardt Ferenc, Kocziszky Gy\u00f6rgy, Matolcsy Gy\u00f6rgy, Nagy M\u00e1rton \u00e9s Pleschinger Gyula.<br \/>\n    Windisch L\u00e1szl\u00f3 nem volt jelen az \u00fcl\u00e9sen, B\u00e1rtfai-Mager Andrea pedig &#8211; miut\u00e1n a posta\u00fcgy\u00e9rt \u00e9s a nemzeti p\u00e9nz\u00fcgyi szolg\u00e1ltat\u00e1sok\u00e9rt felel\u0151s korm\u00e1nybiztosnak nevezte ki a korm\u00e1ny j\u00falius elej\u00e9n -, lemondott monet\u00e1ris tan\u00e1csi tags\u00e1g\u00e1r\u00f3l, \u00e9s helyette \u00faj tagot m\u00e9g nem neveztek ki.<br \/>\n    A r\u00f6vid\u00edtett jegyz\u0151k\u00f6nyv szerint a monet\u00e1ris tan\u00e1cs \u00fagy \u00edt\u00e9lte meg, hogy a magyar gazdas\u00e1got tov\u00e1bbra is kihaszn\u00e1latlan kapacit\u00e1sok jellemzik, \u00e9s az infl\u00e1ci\u00f3 tart\u00f3san m\u00e9rs\u00e9kelt marad. A monet\u00e1ris politika horizontj\u00e1n &#8211; 8 f\u00e9l\u00e9v &#8211; a re\u00e1lgazdas\u00e1gnak egyre kev\u00e9sb\u00e9 van infl\u00e1ci\u00f3t cs\u00f6kkent\u0151 hat\u00e1sa.<br \/>\n    A tan\u00e1cs \u00fagy l\u00e1tja, a nemzetgazdas\u00e1gban fizetett b\u00e9rek n\u00f6veked\u00e9si \u00fcteme v\u00e1ltozatlanul er\u0151teljes, ami az \u00e9l\u00e9nk\u00fcl\u0151 lakoss\u00e1gi fogyaszt\u00e1son kereszt\u00fcl a maginfl\u00e1ci\u00f3 fokozatos emelked\u00e9se ir\u00e1ny\u00e1ba hat. Az infl\u00e1ci\u00f3 az el\u0151rejelz\u00e9si id\u0151szakban elmarad a 3 sz\u00e1zal\u00e9kos c\u00e9lt\u00f3l, \u00e9s csak 2018 els\u0151 fel\u00e9ben \u00e9r annak k\u00f6zel\u00e9be.<br \/>\n    A makrogazdas\u00e1gi fejlem\u00e9nyeket \u00e1ttekintve a tan\u00e1cstagok egyet\u00e9rtettek abban, hogy a magyar gazdas\u00e1g fundamentumai \u00e9s az infl\u00e1ci\u00f3s c\u00e9l fenntarthat\u00f3 el\u00e9r\u00e9se szempontj\u00e1b\u00f3l az el\u0151z\u0151 kamatd\u00f6nt\u00e9s \u00f3ta nem t\u00f6rt\u00e9nt olyan fejlem\u00e9ny, amely a jelenlegi kamatszint megv\u00e1ltoztat\u00e1s\u00e1t indokoln\u00e1.<br \/>\n    T\u00f6bb tan\u00e1cstag is kiemelte, hogy az eszk\u00f6zt\u00e1r j\u00faliusban bejelentett m\u00f3dos\u00edt\u00e1sa l\u00e1tv\u00e1nyos eredm\u00e9nyeket \u00e9rt el. A p\u00e9nzpiaci hozamok a bejelent\u00e9st k\u00f6vet\u0151en valamennyi fontos szegmensben m\u00e9rs\u00e9kl\u0151dtek. Egy tan\u00e1cstag szerint a historikusan alacsony glob\u00e1lis semleges re\u00e1lkamatszint sz\u0171k\u00edti a hagyom\u00e1nyos monet\u00e1ris politika mozg\u00e1ster\u00e9t, \u00e9s sz\u00fcks\u00e9gess\u00e9 teszi a fisk\u00e1lis politik\u00e1val t\u00f6rt\u00e9n\u0151 \u00f6sszefog\u00e1st.<br \/>\n    Az el\u0151z\u0151 kamatd\u00f6nt\u00e9s \u00f3ta eltelt id\u0151szakban \u00f6sszess\u00e9g\u00e9ben kedvez\u0151 volt a glob\u00e1lis p\u00e9nzpiaci hangulat a tan\u00e1cs meg\u00edt\u00e9l\u00e9se szerint. A magas k\u00fcls\u0151 finansz\u00edroz\u00e1si k\u00e9pess\u00e9g \u00e9s az emiatt cs\u00f6kken\u0151 k\u00fcls\u0151 ad\u00f3ss\u00e1g\u00e1llom\u00e1ny tart\u00f3san m\u00e9rs\u00e9kli a magyar gazdas\u00e1g s\u00e9r\u00fcl\u00e9kenys\u00e9g\u00e9t. A monet\u00e1ris politikai eszk\u00f6zt\u00e1r j\u00faliusban bejelentett m\u00f3dos\u00edt\u00e1sa a s\u00e9r\u00fcl\u00e9kenys\u00e9g tov\u00e1bbi cs\u00f6kkent\u00e9s\u00e9t \u00e9s a hitelez\u00e9s \u00f6szt\u00f6nz\u00e9s\u00e9t c\u00e9lzott, nem-hagyom\u00e1nyos eszk\u00f6z\u00f6kkel t\u00e1mogatja. A h\u00e1rom h\u00f3napos bet\u00e9t \u00e1llom\u00e1ny\u00e1nak \u00e9v v\u00e9gi elv\u00e1rt szintj\u00e9re \u00e9s az ig\u00e9nybev\u00e9tel operat\u00edv r\u00e9szleteire vonatkoz\u00f3 d\u00f6nt\u00e9s\u00e9t a monet\u00e1ris tan\u00e1cs szeptemberben hozza meg.<br \/>\n    A tan\u00e1cs \u00e9rt\u00e9kel\u00e9se szerint a nemzetk\u00f6zi p\u00e9nz\u00fcgyi k\u00f6rnyezet alakul\u00e1s\u00e1val kapcsolatos bizonytalans\u00e1g v\u00e1ltozatlanul k\u00f6r\u00fcltekint\u0151 monet\u00e1ris politik\u00e1t indokol.<br \/>\n    Az idei gazdas\u00e1gi n\u00f6veked\u00e9s id\u0151beli alakul\u00e1s\u00e1t kett\u0151ss\u00e9g jellemzi, az \u00e9v eleji \u00e1tmeneti m\u00e9rs\u00e9kelt dinamik\u00e1t k\u00f6vet\u0151en a gazdas\u00e1gi n\u00f6veked\u00e9s els\u0151sorban bels\u0151 keresleti t\u00e9telekre t\u00e1maszkodva ism\u00e9t \u00e9l\u00e9nk\u00fcl. Az \u00e9v eleji negat\u00edv egyedi hat\u00e1sok kifut\u00e1sa, valamint a jegybanki \u00e9s a korm\u00e1nyzati n\u00f6veked\u00e9s\u00f6szt\u00f6nz\u0151 int\u00e9zked\u00e9sek egyar\u00e1nt a gazdas\u00e1gi n\u00f6veked\u00e9s tov\u00e1bbi \u00e9l\u00e9nk\u00fcl\u00e9s\u00e9t eredm\u00e9nyezik. A n\u00f6veked\u00e9si hitelprogram b\u0151v\u00edt\u00e9se, a n\u00f6veked\u00e9st\u00e1mogat\u00f3 program, valamint a lak\u00e1s\u00e9p\u00edt\u00e9seket \u00f6szt\u00f6nz\u0151, illetve az uni\u00f3s forr\u00e1sok dinamikus leh\u00edv\u00e1s\u00e1t \u00e9s hat\u00e9kony felhaszn\u00e1l\u00e1s\u00e1t seg\u00edt\u0151 korm\u00e1nyzati int\u00e9zked\u00e9sek \u00f6sszess\u00e9g\u00e9ben el\u00e9rhet\u0151v\u00e9 teszik a 3 sz\u00e1zal\u00e9k k\u00f6r\u00fcli n\u00f6veked\u00e9si \u00fctem fennmarad\u00e1s\u00e1t &#8211; \u00e1ll a r\u00f6vid\u00edtett jegyz\u0151k\u00f6nyvben.(MTI)<\/p>\n","protected":false},"excerpt":{"rendered":"<p>A monet\u00e1ris tan\u00e1cs mind a 7 jelen l\u00e9v\u0151 tagja egyhang\u00falag t\u00e1mogatta az augusztusi kamatd\u00f6nt\u0151 \u00fcl\u00e9sen az alapkamat tart\u00e1s\u00e1t \u00e9s a kamatfolyos\u00f3 v\u00e1ltozatlanul hagy\u00e1s\u00e1t &#8211; der\u00fclt ki a jegybank augusztus 23-i kamatd\u00f6nt\u0151 \u00fcl\u00e9s\u00e9nek r\u00f6vid\u00edtett jegyz\u0151k\u00f6nyv\u00e9b\u0151l.<\/p>\n","protected":false},"author":1,"featured_media":0,"comment_status":"open","ping_status":"closed","sticky":false,"template":"","format":"standard","meta":[],"categories":[19],"tags":[],"_links":{"self":[{"href":"https:\/\/gazdasagportal.hu\/index.php\/wp-json\/wp\/v2\/posts\/84358"}],"collection":[{"href":"https:\/\/gazdasagportal.hu\/index.php\/wp-json\/wp\/v2\/posts"}],"about":[{"href":"https:\/\/gazdasagportal.hu\/index.php\/wp-json\/wp\/v2\/types\/post"}],"author":[{"embeddable":true,"href":"https:\/\/gazdasagportal.hu\/index.php\/wp-json\/wp\/v2\/users\/1"}],"replies":[{"embeddable":true,"href":"https:\/\/gazdasagportal.hu\/index.php\/wp-json\/wp\/v2\/comments?post=84358"}],"version-history":[{"count":1,"href":"https:\/\/gazdasagportal.hu\/index.php\/wp-json\/wp\/v2\/posts\/84358\/revisions"}],"predecessor-version":[{"id":84359,"href":"https:\/\/gazdasagportal.hu\/index.php\/wp-json\/wp\/v2\/posts\/84358\/revisions\/84359"}],"wp:attachment":[{"href":"https:\/\/gazdasagportal.hu\/index.php\/wp-json\/wp\/v2\/media?parent=84358"}],"wp:term":[{"taxonomy":"category","embeddable":true,"href":"https:\/\/gazdasagportal.hu\/index.php\/wp-json\/wp\/v2\/categories?post=84358"},{"taxonomy":"post_tag","embeddable":true,"href":"https:\/\/gazdasagportal.hu\/index.php\/wp-json\/wp\/v2\/tags?post=84358"}],"curies":[{"name":"wp","href":"https:\/\/api.w.org\/{rel}","templated":true}]}}