{"id":84352,"date":"2016-09-07T13:31:11","date_gmt":"2016-09-07T11:31:11","guid":{"rendered":"http:\/\/gazdasagportal.hu\/?p=84352"},"modified":"2016-09-07T13:31:11","modified_gmt":"2016-09-07T11:31:11","slug":"terrorizmus-gazpalackokkal-teli-gepkocsit-talaltak-a-mult-hetvegen-parizsban","status":"publish","type":"post","link":"https:\/\/gazdasagportal.hu\/index.php\/terrorizmus-gazpalackokkal-teli-gepkocsit-talaltak-a-mult-hetvegen-parizsban\/","title":{"rendered":"Terrorizmus &#8211; G\u00e1zpalackokkal teli g\u00e9pkocsit tal\u00e1ltak a m\u00falt h\u00e9tv\u00e9g\u00e9n P\u00e1rizsban"},"content":{"rendered":"<p><strong>G\u00e1zpalackokkal teli g\u00e9pkocsit tal\u00e1lt vas\u00e1rnapra virrad\u00f3ra a francia rend\u0151rs\u00e9g P\u00e1rizs belv\u00e1ros\u00e1ban, a Notre Dame katedr\u00e1lis k\u00f6zel\u00e9ben &#8211; jelentette szerd\u00e1n honlapj\u00e1n a Le Figaro c\u00edm\u0171 napilap.<\/strong><!--more--><\/p>\n<div class=\"ads-in-post1\"><div id=\"gazdasagportal.hu_fullbanner_wideboard\"><\/div>\r\n<\/div>\n<p>    Az \u00fcgyben a b\u0171n\u00fcgyi rend\u0151rs\u00e9g terrorelh\u00e1r\u00edt\u00e1si r\u00e9szlege \u00e9s a titkosszolg\u00e1latok nyomoznak, k\u00e9t embert \u0151rizetbe vettek &#8211; \u00edrja a lap.<br \/>\n    A konzervat\u00edv \u00fajs\u00e1g szerint a Peugeot 607 t\u00edpus\u00fa g\u00e9pkocsiban legal\u00e1bb hat g\u00e1zpalackot tal\u00e1ltak, k\u00f6z\u00fcl\u00fck \u00f6t tele volt a csomagtart\u00f3ban, egy pedig \u00fcresen hevert az egyik els\u0151 \u00fcl\u00e9sen.<br \/>\n    A g\u00e9pkocsiban nem volt senki, olyan volt, mintha otthagyt\u00e1k volna &#8211; mondta a lapnak egy rend\u0151rs\u00e9gi forr\u00e1s, aki szerint a g\u00e1zpalackokon nem volt sem deton\u00e1tor, sem pirotechnikai eszk\u00f6z.<br \/>\n    A rend\u0151rs\u00e9g az I-t\u00e9l\u00e9 h\u00edrtelev\u00edzi\u00f3nak meger\u0151s\u00edtette, hogy az \u00fcggyel kapcsolatban hat embert &#8211; k\u00f6zt\u00fck a g\u00e9pkocsi tulajdonos\u00e1t kedd este el\u0151\u00e1ll\u00edtottak -, k\u00f6z\u00fcl\u00fck n\u00e9gyet k\u00e9s\u0151bb szabadon engedtek, kett\u0151t &#8211; egy h\u00e1zasp\u00e1rt &#8211; viszont tov\u00e1bbra is \u0151rizetben tartanak \u00e9s kihallgatnak. A feles\u00e9g szerepel a titkosszolg\u00e1latok nyilv\u00e1ntart\u00e1s\u00e1ban radikaliz\u00e1l\u00f3d\u00e1s miatt.<br \/>\n    A Le Figaro arra eml\u00e9keztetett, hogy Patrick Calvar, a titkosszolg\u00e1latok belbiztons\u00e1g\u00e9rt felel\u0151s vezet\u0151je m\u00e1jus 24-\u00e9n egy parlamenti meghallgat\u00e1son jelezte: meggy\u0151z\u0151d\u00e9se, hogy az Iszl\u00e1m \u00c1llam dzsihadista szervezet g\u00e9pkocsiba rejtett pokolg\u00e9pes mer\u00e9nyletekre k\u00e9sz\u00fcl Franciaorsz\u00e1gban is. A terrorelh\u00e1r\u00edt\u00e1s\u00e9rt felel\u0151s vezet\u0151 eml\u00e9keztetett arra, hogy 1986 \u00e9s 1995 k\u00f6z\u00f6tt t\u00f6bb ilyenen m\u00f3dszerrel elk\u00f6vetett iszlamista mer\u00e9nylet t\u00f6rt\u00e9nt az orsz\u00e1gban, s meggy\u0151z\u0151d\u00e9se szerint a terrorist\u00e1k &#8222;ehhez a klasszikus m\u00f3dszerhez&#8221; t\u00e9rnek vissza.<br \/>\n    Manuel Valls minisztereln\u00f6k kedden az RTL r\u00e1di\u00f3ban meger\u0151s\u00edtette, hogy &#8222;soha nem volt m\u00e9g olyan fokozott a terrorfenyegetetts\u00e9g&#8221; Franciaorsz\u00e1gban, mint jelenleg.<br \/>\n    Bernard Cazeneuve bel\u00fcgyminiszter augusztus 23-\u00e1n k\u00f6z\u00f6lte, hogy augusztusban h\u00e9t, terrorh\u00e1l\u00f3zatokkal kapcsolatban \u00e1ll\u00f3 embert tart\u00f3ztattak le, k\u00f6z\u00fcl\u00fck legal\u00e1bb h\u00e1romnak konkr\u00e9t mer\u00e9nylettervei voltak.<br \/>\n    Franciaorsz\u00e1gban az elm\u00falt m\u00e1sf\u00e9l h\u00f3napban h\u00e1rom olyan dzsihadista mer\u00e9nyletet hajtottak v\u00e9gre, amelyet az Iszl\u00e1m \u00c1llam terrorszervezet v\u00e1llalt mag\u00e1ra. K\u00f6z\u00fcl\u00fck a legt\u00f6bb \u00e1ldozattal a j\u00falius 14-\u00e9n Nizz\u00e1ban elk\u00f6vetett t\u00e1mad\u00e1s j\u00e1rt, amelyben 87-an vesztett\u00e9k \u00e9let\u00fcket. Tavaly 147-en haltak meg terrorcselekm\u00e9nyekben az orsz\u00e1g ter\u00fclet\u00e9n.(MTI)<\/p>\n","protected":false},"excerpt":{"rendered":"<p>G\u00e1zpalackokkal teli g\u00e9pkocsit tal\u00e1lt vas\u00e1rnapra virrad\u00f3ra a francia rend\u0151rs\u00e9g P\u00e1rizs belv\u00e1ros\u00e1ban, a Notre Dame katedr\u00e1lis k\u00f6zel\u00e9ben &#8211; jelentette szerd\u00e1n honlapj\u00e1n a Le Figaro c\u00edm\u0171 napilap.<\/p>\n","protected":false},"author":1,"featured_media":0,"comment_status":"open","ping_status":"closed","sticky":false,"template":"","format":"standard","meta":[],"categories":[12],"tags":[],"_links":{"self":[{"href":"https:\/\/gazdasagportal.hu\/index.php\/wp-json\/wp\/v2\/posts\/84352"}],"collection":[{"href":"https:\/\/gazdasagportal.hu\/index.php\/wp-json\/wp\/v2\/posts"}],"about":[{"href":"https:\/\/gazdasagportal.hu\/index.php\/wp-json\/wp\/v2\/types\/post"}],"author":[{"embeddable":true,"href":"https:\/\/gazdasagportal.hu\/index.php\/wp-json\/wp\/v2\/users\/1"}],"replies":[{"embeddable":true,"href":"https:\/\/gazdasagportal.hu\/index.php\/wp-json\/wp\/v2\/comments?post=84352"}],"version-history":[{"count":1,"href":"https:\/\/gazdasagportal.hu\/index.php\/wp-json\/wp\/v2\/posts\/84352\/revisions"}],"predecessor-version":[{"id":84353,"href":"https:\/\/gazdasagportal.hu\/index.php\/wp-json\/wp\/v2\/posts\/84352\/revisions\/84353"}],"wp:attachment":[{"href":"https:\/\/gazdasagportal.hu\/index.php\/wp-json\/wp\/v2\/media?parent=84352"}],"wp:term":[{"taxonomy":"category","embeddable":true,"href":"https:\/\/gazdasagportal.hu\/index.php\/wp-json\/wp\/v2\/categories?post=84352"},{"taxonomy":"post_tag","embeddable":true,"href":"https:\/\/gazdasagportal.hu\/index.php\/wp-json\/wp\/v2\/tags?post=84352"}],"curies":[{"name":"wp","href":"https:\/\/api.w.org\/{rel}","templated":true}]}}