{"id":84350,"date":"2016-09-07T13:03:17","date_gmt":"2016-09-07T11:03:17","guid":{"rendered":"http:\/\/gazdasagportal.hu\/?p=84350"},"modified":"2016-09-07T12:44:43","modified_gmt":"2016-09-07T10:44:43","slug":"oksz-a-kereskedelemben-elsokent-a-munkaerohianyt-kell-enyhiteni","status":"publish","type":"post","link":"https:\/\/gazdasagportal.hu\/index.php\/oksz-a-kereskedelemben-elsokent-a-munkaerohianyt-kell-enyhiteni\/","title":{"rendered":"OKSZ: a kereskedelemben els\u0151k\u00e9nt a munkaer\u0151hi\u00e1nyt kell enyh\u00edteni"},"content":{"rendered":"<p><strong>A kereskedelemben  nem a jelenlegi szab\u00e1lyoz\u00e1s szigor\u00edt\u00e1sa a legs\u00fcrget\u0151bb, hanem  a munkaer\u0151hi\u00e1ny enyh\u00edt\u00e9se, az ehhez kapcsol\u00f3d\u00f3 j\u00e1rul\u00e9kcs\u00f6kkent\u00e9s, valamint a k\u00fcl\u00f6nb\u00f6z\u0151 foglalkoztat\u00e1si programok er\u0151s\u00edt\u00e9se &#8211; k\u00f6z\u00f6lte szerd\u00e1n az Orsz\u00e1gos Kereskedelmi Sz\u00f6vets\u00e9g (OKSZ) a Versenyszf\u00e9ra \u00e9s a Korm\u00e1ny \u00c1lland\u00f3 Konzult\u00e1ci\u00f3s F\u00f3ruma (VKF) keddi \u00fcl\u00e9s\u00e9n elhangzott felvet\u00e9sekre reag\u00e1lva.<\/strong><!--more--><\/p>\n<div class=\"ads-in-post1\"><div id=\"gazdasagportal.hu_fullbanner_wideboard\"><\/div>\r\n<\/div>\n<p>    Az MTI-nek eljuttatott k\u00f6zlem\u00e9ny szerint az OKSZ tov\u00e1bbra is \u00fagy gondolja, hogy a korm\u00e1ny \u00e1prilisban helyesen d\u00f6nt\u00f6tt a vas\u00e1rnapi boltbez\u00e1r\u00e1s el\u0151tti szab\u00e1lyoz\u00e1s v\u00e1ltozatlan vissza\u00e1ll\u00edt\u00e1s\u00e1r\u00f3l.<br \/>\n    Kiemelt\u00e9k: a VKF munkav\u00e1llal\u00f3i \u00e9s munkaad\u00f3i oldal\u00e1nak, azon bel\u00fcl pedig a szakszervezeteknek m\u00e9g mindig ellent\u00e9tes a v\u00e9lem\u00e9ny\u00fck arr\u00f3l, hogy sz\u00fcks\u00e9ges-e v\u00e1ltoztatni a vas\u00e1rnapi nyitva tart\u00e1s szab\u00e1lyoz\u00e1s\u00e1n. A VKF-en a Nemzetgazdas\u00e1gi Miniszt\u00e9rium (NGM) azt k\u00e9pviselte, hogy a felek pr\u00f3b\u00e1ljanak megegyezni ebben a k\u00e9rd\u00e9sben, az OKSZ szerint azonban egy\u00e9rtelm\u0171, hogy erre nincs es\u00e9ly.<br \/>\n    Az OKSZ szerint a jelenlegi szab\u00e1lyoz\u00e1s szigor\u00edt\u00e1sa olyan k\u00f6vetkezm\u00e9nyekkel j\u00e1rna, amelyet a vas\u00e1rnap nyitva tart\u00f3 boltok t\u00f6bbs\u00e9ge &#8211; f\u0151leg a kisv\u00e1llalkoz\u00e1sok &#8211; p\u00e9nz\u00fcgyi okok miatt nem tudna v\u00e1llalni.<br \/>\n    Arra is felh\u00edvt\u00e1k a figyelmet, hogy a havi brutt\u00f3 \u00e1tlagkereset 2016 j\u00fanius\u00e1ra, egy \u00e9v alatt 146 ezer forintr\u00f3l 159 ezer forintra emelkedett, \u00edgy az \u00e1tlagot tekintve, ha egy alkalmazott h\u00e1rom vas\u00e1rnap dolgozik, akkor brutt\u00f3 10 ezer forint vas\u00e1rnapi p\u00f3tl\u00e9kra sz\u00e1m\u00edthat. A szigor\u00edt\u00f3 javaslat elfogad\u00e1sa eset\u00e9n k\u00e9t k\u00f6telez\u0151 szabad vas\u00e1rnappal sz\u00e1molva, ez a v\u00e1llalkoz\u00e1soknak 7-10 ezer forint terhet jelentene alkalmazottank\u00e9nt, r\u00e1ad\u00e1sul \u00faj munkaer\u0151t is fel kellene venni sok boltban.<br \/>\n    Hozz\u00e1tett\u00e9k: a v\u00e1llalkoz\u00e1sok \u00fczleti terveik k\u00e9sz\u00edt\u00e9sekor \u00e9s annak v\u00e1ltoztat\u00e1sakor, a v\u00e1rhat\u00f3 bev\u00e9telb\u0151l kiindulva b\u00e9rt\u00f6megben gondolkodnak. A vas\u00e1rnapi munkav\u00e9gz\u00e9s szab\u00e1lyainak szigor\u00edt\u00e1sa eset\u00e9n egyes b\u00e9relemek (cafeteria) korl\u00e1toz\u00e1s\u00e1ra k\u00e9nyszer\u00fclne sok v\u00e1llalkoz\u00e1s, a j\u00f6v\u0151ben pedig kisebb m\u00e9rt\u00e9k\u0171 b\u00e9remel\u00e9ssel kellene sz\u00e1molniuk. (MTI)<\/p>\n","protected":false},"excerpt":{"rendered":"<p>A kereskedelemben nem a jelenlegi szab\u00e1lyoz\u00e1s szigor\u00edt\u00e1sa a legs\u00fcrget\u0151bb, hanem a munkaer\u0151hi\u00e1ny enyh\u00edt\u00e9se, az ehhez kapcsol\u00f3d\u00f3 j\u00e1rul\u00e9kcs\u00f6kkent\u00e9s, valamint a k\u00fcl\u00f6nb\u00f6z\u0151 foglalkoztat\u00e1si programok er\u0151s\u00edt\u00e9se &#8211; k\u00f6z\u00f6lte szerd\u00e1n az Orsz\u00e1gos Kereskedelmi Sz\u00f6vets\u00e9g (OKSZ) a Versenyszf\u00e9ra \u00e9s a Korm\u00e1ny \u00c1lland\u00f3 Konzult\u00e1ci\u00f3s F\u00f3ruma (VKF) keddi \u00fcl\u00e9s\u00e9n elhangzott felvet\u00e9sekre reag\u00e1lva.<\/p>\n","protected":false},"author":1,"featured_media":0,"comment_status":"open","ping_status":"closed","sticky":false,"template":"","format":"standard","meta":[],"categories":[19],"tags":[],"_links":{"self":[{"href":"https:\/\/gazdasagportal.hu\/index.php\/wp-json\/wp\/v2\/posts\/84350"}],"collection":[{"href":"https:\/\/gazdasagportal.hu\/index.php\/wp-json\/wp\/v2\/posts"}],"about":[{"href":"https:\/\/gazdasagportal.hu\/index.php\/wp-json\/wp\/v2\/types\/post"}],"author":[{"embeddable":true,"href":"https:\/\/gazdasagportal.hu\/index.php\/wp-json\/wp\/v2\/users\/1"}],"replies":[{"embeddable":true,"href":"https:\/\/gazdasagportal.hu\/index.php\/wp-json\/wp\/v2\/comments?post=84350"}],"version-history":[{"count":1,"href":"https:\/\/gazdasagportal.hu\/index.php\/wp-json\/wp\/v2\/posts\/84350\/revisions"}],"predecessor-version":[{"id":84351,"href":"https:\/\/gazdasagportal.hu\/index.php\/wp-json\/wp\/v2\/posts\/84350\/revisions\/84351"}],"wp:attachment":[{"href":"https:\/\/gazdasagportal.hu\/index.php\/wp-json\/wp\/v2\/media?parent=84350"}],"wp:term":[{"taxonomy":"category","embeddable":true,"href":"https:\/\/gazdasagportal.hu\/index.php\/wp-json\/wp\/v2\/categories?post=84350"},{"taxonomy":"post_tag","embeddable":true,"href":"https:\/\/gazdasagportal.hu\/index.php\/wp-json\/wp\/v2\/tags?post=84350"}],"curies":[{"name":"wp","href":"https:\/\/api.w.org\/{rel}","templated":true}]}}