{"id":84346,"date":"2016-09-07T11:51:17","date_gmt":"2016-09-07T09:51:17","guid":{"rendered":"http:\/\/gazdasagportal.hu\/?p=84346"},"modified":"2016-09-07T11:45:18","modified_gmt":"2016-09-07T09:45:18","slug":"varga-mihaly-a-magyar-gazdasag-megmaradt-a-novekedesi-palyan","status":"publish","type":"post","link":"https:\/\/gazdasagportal.hu\/index.php\/varga-mihaly-a-magyar-gazdasag-megmaradt-a-novekedesi-palyan\/","title":{"rendered":"Varga Mih\u00e1ly: a magyar gazdas\u00e1g megmaradt a n\u00f6veked\u00e9si p\u00e1ly\u00e1n"},"content":{"rendered":"<p><strong>A magyar gazdas\u00e1g megmaradt azon a n\u00f6veked\u00e9si p\u00e1ly\u00e1n, amelyre az elm\u00falt h\u00e1rom \u00e9vben r\u00e1\u00e1llt, a 2,5-3 sz\u00e1zal\u00e9k k\u00f6z\u00f6tti n\u00f6veked\u00e9si \u00fctemre &#8211; mondta Varga Mih\u00e1ly nemzetgazdas\u00e1gi miniszter a D\u00edj a sikeres v\u00e1llalkoz\u00e1sok\u00e9rt 2016. m\u00e1jusi \u00e9s j\u00faniusi elismer\u00e9seinek \u00e1tad\u00e1s\u00e1n szerd\u00e1n, Budapesten. <\/strong><!--more--><\/p>\n<div class=\"ads-in-post1\"><div id=\"gazdasagportal.hu_fullbanner_wideboard\"><\/div>\r\n<\/div>\n<p>    Varga Mih\u00e1ly r\u00e1mutatott: a kedden megjelent r\u00e9szletes GDP-adatokb\u00f3l j\u00f3l l\u00e1that\u00f3, hogy az ipar, a mez\u0151gazdas\u00e1g, \u00e9s a piaci szolg\u00e1ltat\u00e1sok h\u00fazt\u00e1k a gazdas\u00e1got a termel\u00e9si oldalr\u00f3l, a felhaszn\u00e1l\u00f3i oldalon pedig a b\u00e9rdinamika \u00e9s az export j\u00e1rult hozz\u00e1 jelent\u0151sen. A t\u00e1rca \u00e1ltal az idei \u00e9vre tervezett 2,5 sz\u00e1zal\u00e9kos GDP-n\u00f6veked\u00e9s teljes\u00fclni fog &#8211; mondta.<br \/>\n    A piaci szolg\u00e1ltat\u00e1sok az\u00e9rt tudtak n\u0151ni, mert a b\u00e9rek az els\u0151 f\u00e9l \u00e9vben t\u00f6bb mint 5,5 sz\u00e1zal\u00e9kkal n\u0151ttek, a gazdas\u00e1gi n\u00f6veked\u00e9snek \u00e9rezhet\u0151 \u00e9letsz\u00ednvonal-jav\u00edt\u00f3 hat\u00e1sa is van &#8211; fejtette ki. Hozz\u00e1tette: ahogy azt az els\u0151 negyed\u00e9vet k\u00f6vet\u0151en jelezt\u00e9k, \u00e1tmeneti volt az \u00e9v eleji lassul\u00e1s. Az Eur\u00f3pai Uni\u00f3 28 tag\u00e1llama k\u00f6z\u00f6tt negyed\u00e9ves alapon a m\u00e1sodik leggyorsabb volt a magyar b\u0151v\u00fcl\u00e9s a m\u00e1sodik negyed\u00e9vben.<br \/>\n    Kiemelte: az idei \u00e9vre tervezett n\u00f6veked\u00e9st els\u0151sorban a mez\u0151gazdas\u00e1g seg\u00edtheti, az agr\u00e1riumnak eredm\u00e9nyes \u00e9ve lesz. A f\u0151bb n\u00f6veked\u00e9si t\u00e9nyez\u0151k k\u00f6z\u00e9 sorolta a miniszter, hogy sok c\u00e9g a jelenlegi b\u00e9rt\u00e1rgyal\u00e1sok alapj\u00e1n a kiskereskedelemben is b\u00e9remel\u00e9sre k\u00e9sz\u00fcl, \u00edgy a szolg\u00e1ltat\u00e1sok ter\u00fclet\u00e9n is tov\u00e1bbi n\u00f6veked\u00e9s v\u00e1rhat\u00f3. Az \u00e9p\u00edt\u00e9si enged\u00e9lyek kiad\u00e1sa alapj\u00e1n pedig a mag\u00e1n lak\u00e1s\u00e9p\u00edt\u00e9sek felfut\u00e1s\u00e1ra lehet sz\u00e1m\u00edtani, ami \u00e9l\u00e9nk\u00edti az \u00e9p\u00edt\u0151ipart. Az uni\u00f3s kifizet\u00e9sek a ki\u00edrt p\u00e1ly\u00e1zatoknak megfelel\u0151en a m\u00e1sodik f\u00e9l\u00e9vben n\u0151ni fognak &#8211; mondta.<br \/>\n    J\u00f3 es\u00e9ly van arra, hogy a gazdas\u00e1gi n\u00f6veked\u00e9s stabil \u00e1llamh\u00e1ztart\u00e1s mellett a m\u00e1sodik f\u00e9l\u00e9vben tov\u00e1bbi lend\u00fcletet kapjon &#8211; \u00f6sszegezte.<br \/>\n    Az imm\u00e1r negyedik \u00e9ve d\u00edjazott v\u00e1llalkoz\u00e1sok m\u0171k\u00f6d\u00e9se harmoniz\u00e1l a t\u00e1rca \u00e1ltal is k\u00e9pviselt filoz\u00f3fi\u00e1val, hogy a v\u00e1llalkoz\u00f3i szellem mellett legyen innovat\u00edv is, \u00e9s k\u00e9pes legyen hozz\u00e1adott \u00e9rt\u00e9ket el\u0151\u00e1ll\u00edtani &#8211; mondta.<br \/>\n    Az esem\u00e9nyen ismertett\u00e9k: a h\u00f3nap beruh\u00e1z\u00f3ja m\u00e1jusban a Graboplast Zrt., j\u00faniusban a gy\u0151ri M\u00e4rklin Hungaria Kft. lett, a h\u00f3nap kis- \u00e9s k\u00f6z\u00e9pv\u00e1llalkoz\u00e1sa kateg\u00f3ria m\u00e1jusi d\u00edjazottja a Detki Keksz Kft., a j\u00faniusi kit\u00fcntetett Simon Istv\u00e1n egy\u00e9ni v\u00e1llalkoz\u00f3, a h\u00f3nap startup v\u00e1llalkoz\u00e1sa elismer\u00e9sben m\u00e1jusban a kecskem\u00e9ti Magnus Aircraft Zrt., j\u00faniusban a mathxplain.com oldalt l\u00e9trehoz\u00f3 Mathsplain Ltd. r\u00e9szes\u00fclt.<br \/>\n    Az esem\u00e9nyen Kocsis \u00c1rp\u00e1d, a Budapesti Sportiroda Kft. \u00fcgyvezet\u0151 versenyigazgat\u00f3ja \u00e1tvette a minisztert\u0151l a Magyar Arany \u00c9rdemkereszt polg\u00e1ri tagozata \u00e1llami kit\u00fcntet\u00e9st, amelyet augusztus 20. alkalm\u00e1b\u00f3l kapott.(MTI)<\/p>\n","protected":false},"excerpt":{"rendered":"<p>A magyar gazdas\u00e1g megmaradt azon a n\u00f6veked\u00e9si p\u00e1ly\u00e1n, amelyre az elm\u00falt h\u00e1rom \u00e9vben r\u00e1\u00e1llt, a 2,5-3 sz\u00e1zal\u00e9k k\u00f6z\u00f6tti n\u00f6veked\u00e9si \u00fctemre &#8211; mondta Varga Mih\u00e1ly nemzetgazdas\u00e1gi miniszter a D\u00edj a sikeres v\u00e1llalkoz\u00e1sok\u00e9rt 2016. m\u00e1jusi \u00e9s j\u00faniusi elismer\u00e9seinek \u00e1tad\u00e1s\u00e1n szerd\u00e1n, Budapesten.<\/p>\n","protected":false},"author":1,"featured_media":0,"comment_status":"open","ping_status":"closed","sticky":false,"template":"","format":"standard","meta":[],"categories":[19],"tags":[],"_links":{"self":[{"href":"https:\/\/gazdasagportal.hu\/index.php\/wp-json\/wp\/v2\/posts\/84346"}],"collection":[{"href":"https:\/\/gazdasagportal.hu\/index.php\/wp-json\/wp\/v2\/posts"}],"about":[{"href":"https:\/\/gazdasagportal.hu\/index.php\/wp-json\/wp\/v2\/types\/post"}],"author":[{"embeddable":true,"href":"https:\/\/gazdasagportal.hu\/index.php\/wp-json\/wp\/v2\/users\/1"}],"replies":[{"embeddable":true,"href":"https:\/\/gazdasagportal.hu\/index.php\/wp-json\/wp\/v2\/comments?post=84346"}],"version-history":[{"count":1,"href":"https:\/\/gazdasagportal.hu\/index.php\/wp-json\/wp\/v2\/posts\/84346\/revisions"}],"predecessor-version":[{"id":84347,"href":"https:\/\/gazdasagportal.hu\/index.php\/wp-json\/wp\/v2\/posts\/84346\/revisions\/84347"}],"wp:attachment":[{"href":"https:\/\/gazdasagportal.hu\/index.php\/wp-json\/wp\/v2\/media?parent=84346"}],"wp:term":[{"taxonomy":"category","embeddable":true,"href":"https:\/\/gazdasagportal.hu\/index.php\/wp-json\/wp\/v2\/categories?post=84346"},{"taxonomy":"post_tag","embeddable":true,"href":"https:\/\/gazdasagportal.hu\/index.php\/wp-json\/wp\/v2\/tags?post=84346"}],"curies":[{"name":"wp","href":"https:\/\/api.w.org\/{rel}","templated":true}]}}