{"id":843,"date":"2013-01-23T13:35:36","date_gmt":"2013-01-23T12:35:36","guid":{"rendered":"http:\/\/stockportal.hu\/?p=843"},"modified":"2013-01-24T10:14:07","modified_gmt":"2013-01-24T09:14:07","slug":"orosz-kulugyminiszter-a-vilagban-a-hatalom-ujrafelosztasaert-folyik-a-harc","status":"publish","type":"post","link":"https:\/\/gazdasagportal.hu\/index.php\/orosz-kulugyminiszter-a-vilagban-a-hatalom-ujrafelosztasaert-folyik-a-harc\/","title":{"rendered":"Orosz k\u00fcl\u00fcgyminiszter: a vil\u00e1gban a hatalom \u00fajrafeloszt\u00e1s\u00e1\u00e9rt folyik a harc"},"content":{"rendered":"<p><strong>A vil\u00e1g t\u00f6rt\u00e9nelmi l\u00e9pt\u00e9kkel m\u00e9rve p\u00e9lda n\u00e9lk\u00fcli \u00e1tmeneti id\u0151szakot \u00e9l \u00e1t, amelyben a hatalom \u00fajrafeloszt\u00e1s\u00e1\u00e9rt folyik a k\u00fczdelem &#8211; jelentette ki az orosz k\u00fcl\u00fcgyminiszter szerd\u00e1n Moszkv\u00e1ban \u00e9ves nemzetk\u00f6zi sajt\u00f3\u00e9rtekezlet\u00e9n.<!--more--><\/strong><\/p>\n<p>Szergej Lavrov kifejez\u00e9se szerint a geopolitikai arculat megv\u00e1ltoztat\u00e1s\u00e1\u00e9rt, az \u00faj hatalmi egyens\u00faly\u00e9rt foly\u00f3 k\u00fczdelem miatt az elm\u00falt \u00e9vet rendk\u00edv\u00fcli bizonytalans\u00e1g \u00e9s egyens\u00falyhi\u00e1ny jellemezte. Oroszorsz\u00e1g azonban, mint mondta, felel\u0151ss\u00e9gteljes k\u00fclpolitik\u00e1j\u00e1val a stabilit\u00e1s \u00e9s a biztons\u00e1g er\u0151s\u00edt\u00e9s\u00e9re t\u00f6rekedett.<br \/>\nAz orosz k\u00fcl\u00fcgyminiszter bevezet\u0151j\u00e9ben a sz\u00edriai helyzetet emelte ki, mint amely Moszkv\u00e1ban a legkomolyabb aggodalmat v\u00e1ltja ki, minthogy a k\u00f6zel-keleti r\u00e9gi\u00f3ban szavai szerint ellen\u0151rizetlen\u00fcl folyik a fegyverkez\u00e9s. Kijelentette, hogy Moszkva tov\u00e1bb folytatja er\u0151fesz\u00edt\u00e9seit a t\u00e1rgyal\u00e1sos rendez\u00e9s \u00e9rdek\u00e9ben. Kifog\u00e1solta, hogy a sz\u00edriai konfliktusban \u00e9rintett felek p\u00e1rbesz\u00e9d\u00e9t egyed\u00fcl Moszkva szorgalmazta, a Bass\u00e1r el-Aszad hatalm\u00e1nak megd\u00f6nt\u00e9s\u00e9re ir\u00e1nyul\u00f3 l\u00e9p\u00e9sek pedig szerinte semmi j\u00f3ra nem vezetnek.<br \/>\nSzergej Lavrov mindazon\u00e1ltal tagadta, hogy az orosz hadiflotta nemr\u00e9g kezdett nagyszab\u00e1s\u00fa F\u00f6ldk\u00f6zi-tengeri hadgyakorlata egyfajta felk\u00e9sz\u00fcl\u00e9s lenne arra az esetre, ha Sz\u00edri\u00e1ban a katonai forgat\u00f3k\u00f6nyv val\u00f3sulna meg, azaz k\u00fcls\u0151 er\u0151k avatkoznak be a k\u00f6zel-keleti orsz\u00e1gban zajl\u00f3 fegyveres konfliktusba. Az orosz k\u00fcl\u00fcgyminiszter nem neves\u00edtette a beavatkoz\u00e1sra k\u00e9sz \u00e1llamokat, \u00e9s stabiliz\u00e1l\u00f3 t\u00e9nyez\u0151nek nevezte az orosz haditenger\u00e9szet jelenl\u00e9t\u00e9t a F\u00f6ldk\u00f6zi-tenger keleti t\u00e9rs\u00e9g\u00e9ben.<br \/>\nAz orosz v\u00e9delmi miniszt\u00e9rium a m\u00falt szombaton jelentette be, hogy az elm\u00falt \u00e9vtized legnagyobb orosz haditenger\u00e9szeti gyakorlata kezd\u0151d\u00f6tt meg a Fekete-tengeren \u00e9s a F\u00f6ldk\u00f6zi-tengeren.<br \/>\nAz orosz k\u00fcl\u00fcgyminiszter kijelentette: Moszkva nem tartja a sz\u00edriai helyzetet oly m\u00e9rt\u00e9kben kritikusnak, hogy megkezdje a k\u00f6r\u00fclbel\u00fcl 30 ezer f\u0151s orosz k\u00f6z\u00f6ss\u00e9g kimenek\u00edt\u00e9s\u00e9t, \u00e9s nem z\u00e1rja be az alepp\u00f3i ut\u00e1n a t\u00f6bbi sz\u00edriai k\u00fclk\u00e9pviselet\u00e9t.<br \/>\nSzergej Lavrov felsz\u00f3l\u00edtotta az iszl\u00e1m vil\u00e1got, ne engedje, hogy a vil\u00e1gi \u00e1llamok \u00f6sszeomoljanak, \u00e9s az iszl\u00e1m radik\u00e1lis er\u0151k ker\u00fcljenek hatalomra. &#8222;Ez id\u0151z\u00edtett bombak\u00e9nt ketyeg majd az iszl\u00e1m vil\u00e1gban t\u00f6bb t\u00edz \u00e9ves t\u00e1vlatban&#8221; &#8211; mondta.<br \/>\nMalival kapcsolatban Lavrov c\u00e1folta, hogy az orosz korm\u00e1ny rep\u00fcl\u0151g\u00e9peket aj\u00e1nlott volna fel P\u00e1rizsnak az afrikai orsz\u00e1gban zajl\u00f3 akci\u00f3hoz. Mint mondta, csup\u00e1n k\u00e9t orosz l\u00e9git\u00e1rsas\u00e1g vesz r\u00e9szt a sz\u00e1ll\u00edt\u00e1sokban a franci\u00e1kkal k\u00f6t\u00f6tt szerz\u0151d\u00e9s alapj\u00e1n, teh\u00e1t kereskedelmi \u00fcgyletr\u0151l van sz\u00f3.<br \/>\nLavrov az \u00e9ves sajt\u00f3\u00e9rtekezleten azt is kiemelte, hogy komoly lehet\u0151s\u00e9gek vannak Oroszorsz\u00e1g \u00e9s Eur\u00f3pai Uni\u00f3 strat\u00e9giai partners\u00e9g\u00e9ben. Moszkva k\u00fclpolitikai t\u00f6rekv\u00e9seinek k\u00f6z\u00e9ppontj\u00e1ban a v\u00edzummentess\u00e9g el\u00e9r\u00e9se \u00e1ll. Az orosz k\u00fcl\u00fcgyi vezet\u0151 k\u00f6z\u00f6lte, hogy valamennyi technikai \u00e9s jogi k\u00e9rd\u00e9st megoldottak, m\u00e1r csak a politikai d\u00f6nt\u00e9s hi\u00e1nyzik.<br \/>\nAz ITAR-TASZSZ orosz h\u00edr\u00fcgyn\u00f6ks\u00e9g eml\u00e9kezetett r\u00e1, hogy Lavrov kedden az EU 27 tag\u00e1llam\u00e1nak Oroszorsz\u00e1gban akkredit\u00e1lt nagyk\u00f6veteivel tal\u00e1lkozott, akiknek kifejtette, hogy Moszkva szil\u00e1rdan elt\u00f6k\u00e9lt amellett, hogy k\u00f6lcs\u00f6n\u00f6sen el\u0151ny\u00f6s alapokon nyugv\u00f3, hossz\u00fa t\u00e1v\u00fa egy\u00fcttm\u0171k\u00f6d\u00e9s j\u00f6jj\u00f6n l\u00e9tre Oroszorsz\u00e1g \u00e9s az Eur\u00f3pai Uni\u00f3 k\u00f6z\u00f6tt.<br \/>\nAz orosz diplom\u00e1cia vezet\u0151je a sajt\u00f3\u00e9rtekezleten \u00e9rz\u00e9keltette: Moszkva nem k\u00edv\u00e1n konfront\u00e1l\u00f3dni az amerikai vezet\u00e9ssel. Hangoztatta, hogy Moszkva konstrukt\u00edv p\u00e1rbesz\u00e9dre t\u00f6rekszik az Egyes\u00fclt \u00c1llamokkal. Szerinte ideje a kereskedelem, a gazdas\u00e1gi kapcsolatok, \u00e9s a befektet\u00e9sek \u00f6szt\u00f6nz\u00e9s\u00e9re ford\u00edtani a figyelmet, \u00e9s politikamentess\u00e9 tenni ezt az egy\u00fcttm\u0171k\u00f6d\u00e9st.<br \/>\nSzergej Lavrov k\u00f6z\u00f6lte, hogy a febru\u00e1ri m\u00fcncheni biztons\u00e1gpolitikai \u00e9rtekezleten tervben van egy magas szint\u0171 orosz-amerikai tal\u00e1lkoz\u00f3, m\u00e9gpedig Joe Biden amerikai aleln\u00f6kkel. (MTI)<\/p>\n","protected":false},"excerpt":{"rendered":"<p>A vil\u00e1g t\u00f6rt\u00e9nelmi l\u00e9pt\u00e9kkel m\u00e9rve p\u00e9lda n\u00e9lk\u00fcli \u00e1tmeneti id\u0151szakot \u00e9l \u00e1t, amelyben a hatalom \u00fajrafeloszt\u00e1s\u00e1\u00e9rt folyik a k\u00fczdelem &#8211; jelentette ki az orosz k\u00fcl\u00fcgyminiszter szerd\u00e1n Moszkv\u00e1ban \u00e9ves nemzetk\u00f6zi sajt\u00f3\u00e9rtekezlet\u00e9n.<\/p>\n","protected":false},"author":1,"featured_media":844,"comment_status":"closed","ping_status":"closed","sticky":false,"template":"","format":"standard","meta":[],"categories":[13,14,12,16],"tags":[],"_links":{"self":[{"href":"https:\/\/gazdasagportal.hu\/index.php\/wp-json\/wp\/v2\/posts\/843"}],"collection":[{"href":"https:\/\/gazdasagportal.hu\/index.php\/wp-json\/wp\/v2\/posts"}],"about":[{"href":"https:\/\/gazdasagportal.hu\/index.php\/wp-json\/wp\/v2\/types\/post"}],"author":[{"embeddable":true,"href":"https:\/\/gazdasagportal.hu\/index.php\/wp-json\/wp\/v2\/users\/1"}],"replies":[{"embeddable":true,"href":"https:\/\/gazdasagportal.hu\/index.php\/wp-json\/wp\/v2\/comments?post=843"}],"version-history":[{"count":4,"href":"https:\/\/gazdasagportal.hu\/index.php\/wp-json\/wp\/v2\/posts\/843\/revisions"}],"predecessor-version":[{"id":948,"href":"https:\/\/gazdasagportal.hu\/index.php\/wp-json\/wp\/v2\/posts\/843\/revisions\/948"}],"wp:featuredmedia":[{"embeddable":true,"href":"https:\/\/gazdasagportal.hu\/index.php\/wp-json\/wp\/v2\/media\/844"}],"wp:attachment":[{"href":"https:\/\/gazdasagportal.hu\/index.php\/wp-json\/wp\/v2\/media?parent=843"}],"wp:term":[{"taxonomy":"category","embeddable":true,"href":"https:\/\/gazdasagportal.hu\/index.php\/wp-json\/wp\/v2\/categories?post=843"},{"taxonomy":"post_tag","embeddable":true,"href":"https:\/\/gazdasagportal.hu\/index.php\/wp-json\/wp\/v2\/tags?post=843"}],"curies":[{"name":"wp","href":"https:\/\/api.w.org\/{rel}","templated":true}]}}