{"id":84287,"date":"2016-09-06T11:02:16","date_gmt":"2016-09-06T09:02:16","guid":{"rendered":"http:\/\/gazdasagportal.hu\/?p=84287"},"modified":"2016-09-06T11:02:16","modified_gmt":"2016-09-06T09:02:16","slug":"ksh-26-szazalekkal-nott-a-gdp-a-masodik-negyedevben","status":"publish","type":"post","link":"https:\/\/gazdasagportal.hu\/index.php\/ksh-26-szazalekkal-nott-a-gdp-a-masodik-negyedevben\/","title":{"rendered":"KSH: 2,6 sz\u00e1zal\u00e9kkal n\u0151tt a GDP a m\u00e1sodik negyed\u00e9vben"},"content":{"rendered":"<p><strong>A brutt\u00f3 hazai term\u00e9k volumene 2,6 sz\u00e1zal\u00e9kkal n\u0151tt a m\u00e1sodik negyed\u00e9vben a m\u00falt \u00e9v azonos id\u0151szak\u00e1hoz viszony\u00edtva. A szezon\u00e1lisan \u00e9s napt\u00e1rhat\u00e1ssal kiigaz\u00edtott adatok szerint a gazdas\u00e1g teljes\u00edtm\u00e9nye az el\u0151z\u0151 \u00e9v azonos negyed\u00e9v\u00e9hez m\u00e9rten 1,8 sz\u00e1zal\u00e9kkal, az el\u0151z\u0151 negyed\u00e9vhez viszony\u00edtva 1,0 sz\u00e1zal\u00e9kkal emelkedett, ami \u00e1rnyalatnyival alacsonyabb az augusztus 12-\u00e9n kiadott els\u0151 becsl\u00e9sben jelentett 2,2, illetve 1,1 sz\u00e1zal\u00e9kn\u00e1l &#8211; jelentette kedden a K\u00f6zponti Statisztikai Hivatal (KSH).  <\/strong><!--more--><\/p>\n<div class=\"ads-in-post1\"><div id=\"gazdasagportal.hu_fullbanner_wideboard\"><\/div>\r\n<\/div>\n<p>    A KSH 0,9 sz\u00e1zal\u00e9kosr\u00f3l 1,1 sz\u00e1zal\u00e9kra jav\u00edtotta az els\u0151 negyed\u00e9vi GDP kiigaz\u00edtatlan n\u00f6veked\u00e9s\u00e9t az el\u0151z\u0151 \u00e9v azonos id\u0151szak\u00e1hoz k\u00e9pest, amit a kedvez\u0151bb mez\u0151gazdas\u00e1gi teljes\u00edtm\u00e9nnyel magyar\u00e1zott a keddi jelent\u00e9s\u00e9ben.<br \/>\n    A m\u00e1sodik negyed\u00e9vi n\u00f6veked\u00e9shez els\u0151sorban a piaci alap\u00fa szolg\u00e1ltat\u00e1sok, az ipar \u00e9s a mez\u0151gazdas\u00e1g j\u00e1rult hozz\u00e1.<br \/>\n    Az ipar hozz\u00e1adott \u00e9rt\u00e9ke 3,9, ezen bel\u00fcl a feldolgoz\u00f3ipar\u00e9 3,7 sz\u00e1zal\u00e9kkal n\u00f6vekedett az el\u0151z\u0151 \u00e9v azonos id\u0151szak\u00e1hoz m\u00e9rten. Az \u00e9p\u00edt\u0151ipar teljes\u00edtm\u00e9nye az els\u0151 negyed\u00e9vi 27,8 sz\u00e1zal\u00e9k ut\u00e1n a m\u00e1sodik negyed\u00e9vben 23,6 sz\u00e1zal\u00e9kkal maradt el az egy \u00e9vvel kor\u00e1bbit\u00f3l.<br \/>\n    A szolg\u00e1ltat\u00e1sok brutt\u00f3 hozz\u00e1adott \u00e9rt\u00e9ke egy\u00fcttesen 3,3 sz\u00e1zal\u00e9kkal n\u0151tt az el\u0151z\u0151 negyed\u00e9vi 3,0 sz\u00e1zal\u00e9kos \u00fctem ut\u00e1n. A kereskedelem, sz\u00e1ll\u00e1shely-szolg\u00e1ltat\u00e1s \u00e9s vend\u00e9gl\u00e1t\u00e1s hozz\u00e1adott \u00e9rt\u00e9ke 7,7 sz\u00e1zal\u00e9kkal emelkedett, ezen bel\u00fcl a sz\u00e1ll\u00e1shely-szolg\u00e1ltat\u00e1s, vend\u00e9gl\u00e1t\u00e1s b\u0151v\u00fclt nagyobb m\u00e9rt\u00e9kben k\u00f6z\u00f6lte a KSH. A sz\u00e1ll\u00edt\u00e1s, rakt\u00e1roz\u00e1s \u00e1g teljes\u00edtm\u00e9nye 2,8 sz\u00e1zal\u00e9kkal n\u00f6vekedett az el\u0151z\u0151 negyed\u00e9vi 3,2 sz\u00e1zal\u00e9k ut\u00e1n.  Az inform\u00e1ci\u00f3technol\u00f3giai szolg\u00e1ltat\u00e1sok b\u0151v\u00fcl\u00e9se k\u00f6vetkezt\u00e9ben az inform\u00e1ci\u00f3, kommunik\u00e1ci\u00f3s  \u00e1gazatban  hozz\u00e1adott 4,6 sz\u00e1zal\u00e9kkal haladta meg a tavalyi m\u00e1sodik negyed\u00e9vit az \u00e9v eleji 3,8 sz\u00e1zal\u00e9kos n\u00f6veked\u00e9s ut\u00e1n. A p\u00e9nz\u00fcgyi, biztos\u00edt\u00e1si tev\u00e9kenys\u00e9g teljes\u00edtm\u00e9nye 2010 \u00f3ta egyetlen egyszer, a tavalyi negyedik negyed\u00e9vben n\u00f6vekedett, az idei m\u00e1sodik negyed\u00e9vben 1,6 sz\u00e1zal\u00e9kos volt a visszaes\u00e9s. A jelent\u00e9s a p\u00e9nz\u00fcgyi k\u00f6zvet\u00edt\u00e9si tev\u00e9kenys\u00e9g szolg\u00e1ltat\u00e1si d\u00edj\u00e1nak cs\u00f6kken\u00e9se, valamint a jutal\u00e9kok \u00e9s d\u00edjak egyenleg\u00e9nek negat\u00edv v\u00e1ltoz\u00e1s\u00e1val magyar\u00e1zta a mostani cs\u00f6kken\u00e9st.<br \/>\n    Mez\u0151gazdas\u00e1g m\u00e1sodik negyed\u00e9vi hozz\u00e1adott \u00e9rt\u00e9ke 13,4 sz\u00e1zal\u00e9kkal haladta meg az egy \u00e9vvel kor\u00e1bbit az el\u0151z\u0151 negyed\u00e9vi fel\u00fclvizsg\u00e1lt 7,2 sz\u00e1zal\u00e9kos n\u00f6veked\u00e9s ut\u00e1n, amit kor\u00e1bban 3,5 sz\u00e1zal\u00e9kos cs\u00f6kken\u00e9snek jelentett a hivatal.<br \/>\n    A GDP  2,6 sz\u00e1zal\u00e9kos n\u00f6veked\u00e9s\u00e9hez a szolg\u00e1ltat\u00e1sok 1,8, az ipar 0,9, a mez\u0151gazdas\u00e1g 0,4 sz\u00e1zal\u00e9kponttal j\u00e1rultak hozz\u00e1. A szolg\u00e1ltat\u00e1sokon bel\u00fcl a kereskedelem, sz\u00e1ll\u00e1shely-szolg\u00e1ltat\u00e1s \u00e9s vend\u00e9gl\u00e1t\u00e1s   0,8 sz\u00e1zal\u00e9kpontos hozz\u00e1j\u00e1rul\u00e1sa volt a legjelent\u0151sebb. Az \u00e9p\u00edt\u0151ipar 0,9 sz\u00e1zal\u00e9kponttal f\u00e9kezte a GDP n\u00f6veked\u00e9s\u00e9t.<br \/>\n    A h\u00e1ztart\u00e1sok t\u00e9nyleges fogyaszt\u00e1sa 4,6 sz\u00e1zal\u00e9kkal n\u0151tt az el\u0151z\u0151 \u00e9v azonos id\u0151szak\u00e1hoz k\u00e9pest. Ezen bel\u00fcl a legnagyobb ar\u00e1nyt k\u00e9pvisel\u0151 h\u00e1ztart\u00e1sok fogyaszt\u00e1si kiad\u00e1sa 5,1 sz\u00e1zal\u00e9kkal b\u0151v\u00fclt. A nagy s\u00faly\u00fa kiad\u00e1si csoportok k\u00f6z\u00fcl a k\u00f6zleked\u00e9s, a szabadid\u0151-kult\u00fara, a lakberendez\u00e9s, lak\u00e1sfelszerel\u00e9s, valamint a vend\u00e9gl\u00e1t\u00e1s \u00e9s sz\u00e1ll\u00e1shely-szolg\u00e1ltat\u00e1s ter\u00e9n az \u00e1tlagot meghalad\u00f3an emelkedett a h\u00e1ztart\u00e1sok v\u00e1s\u00e1rolt fogyaszt\u00e1sa &#8211; der\u00fcl ki a KSH jelent\u00e9s\u00e9b\u0151l. A magyarok k\u00fclf\u00f6ldi fogyaszt\u00e1sa is er\u0151teljesebben n\u00f6vekedett, mint a k\u00fclf\u00f6ldiek magyarorsz\u00e1gi fogyaszt\u00e1sa &#8211; f\u0171zte hozz\u00e1 a hivatal.<br \/>\n    A korm\u00e1nyzatt\u00f3l kapott term\u00e9szetbeni juttat\u00e1sok volumene 2,1, a k\u00f6z\u00f6ss\u00e9gi fogyaszt\u00e1s\u00e9 2,8 sz\u00e1zal\u00e9kkal emelkedett az el\u0151z\u0151 negyed\u00e9vi stagn\u00e1l\u00e1s, illetve a k\u00f6z\u00f6ss\u00e9gi fogyaszt\u00e1s 5,0 sz\u00e1zal\u00e9kos megugr\u00e1sa ut\u00e1n.<br \/>\n    A v\u00e9gs\u0151 fogyaszt\u00e1s 4,4 sz\u00e1zal\u00e9kkal haladta meg az egy \u00e9vvel kor\u00e1bbit az el\u0151z\u0151 negyed\u00e9vi 4,2 sz\u00e1zal\u00e9k ut\u00e1n.<br \/>\n    A brutt\u00f3 \u00e1ll\u00f3eszk\u00f6z-felhalmoz\u00e1s 20 sz\u00e1zal\u00e9kkal  megzuhant az el\u0151z\u0151 negyed\u00e9vi 7,8 sz\u00e1zal\u00e9kos visszaes\u00e9s ut\u00e1n, amit d\u00f6nt\u0151en az eur\u00f3pai uni\u00f3s forr\u00e1sb\u00f3l finansz\u00edrozott fejleszt\u00e9sek befejez\u0151d\u00e9s\u00e9vel magyar\u00e1zott jelent\u00e9s\u00e9ben a KSH. Negyed\u00e9ves \u00f6sszehasonl\u00edt\u00e1sban viszont az els\u0151 negyed\u00e9vi 8,0 sz\u00e1zal\u00e9k ut\u00e1n a m\u00e1sodik negyed\u00e9vi cs\u00f6kken\u00e9s csak 0,9 sz\u00e1zal\u00e9kos volt. A g\u00e9pek  \u00e9s berendez\u00e9sek beruh\u00e1z\u00e1si volumene stagn\u00e1lt, az \u00e9p\u00edt\u00e9si beruh\u00e1z\u00e1sok\u00e9 jelent\u0151sen cs\u00f6kkent.<br \/>\n    A brutt\u00f3 felhalmoz\u00e1s 2,8 sz\u00e1zal\u00e9kponttal lass\u00edtotta a GDP n\u00f6veked\u00e9si \u00fctem\u00e9t. A v\u00e9gs\u0151 fogyaszt\u00e1s 3,1 sz\u00e1zal\u00e9kponttal j\u00e1rult hozz\u00e1 a m\u00e1sodik negyed\u00e9vi 2,6 sz\u00e1zal\u00e9kos n\u00f6veked\u00e9shez. A k\u00fclkereskedelmi forgalom \u00f6sszess\u00e9g\u00e9ben 2,4  sz\u00e1zal\u00e9kponttal seg\u00edtette a gazdas\u00e1g teljes\u00edtm\u00e9ny\u00e9t.<br \/>\n    Az \u00e1ruk \u00e9s szolg\u00e1ltat\u00e1sok k\u00fclkereskedelmi forgalm\u00e1ban 989 milli\u00e1rd forint akt\u00edvum keletkezett. Az export 8,2, az import 6,1 sz\u00e1zal\u00e9kkal emelkedett. Az \u00e1ruforgalomban a kivitel 7,0, a behozatal 6,1 sz\u00e1zal\u00e9kkal n\u0151tt, az  idegenforgalmat is mag\u00e1ba foglal\u00f3 szolg\u00e1ltat\u00e1sok exportja 13, importja 6,2 sz\u00e1zal\u00e9kkal meghaladta az egy \u00e9vvel kor\u00e1bbit, jelentette a KSH.<br \/>\n    A GDP harmadik negyed\u00e9vi alakul\u00e1s\u00e1r\u00f3l november 15-\u00e9n k\u00f6zli els\u0151 becsl\u00e9s\u00e9t a KSH.(MTI)<\/p>\n","protected":false},"excerpt":{"rendered":"<p>A brutt\u00f3 hazai term\u00e9k volumene 2,6 sz\u00e1zal\u00e9kkal n\u0151tt a m\u00e1sodik negyed\u00e9vben a m\u00falt \u00e9v azonos id\u0151szak\u00e1hoz viszony\u00edtva. A szezon\u00e1lisan \u00e9s napt\u00e1rhat\u00e1ssal kiigaz\u00edtott adatok szerint a gazdas\u00e1g teljes\u00edtm\u00e9nye az el\u0151z\u0151 \u00e9v azonos negyed\u00e9v\u00e9hez m\u00e9rten 1,8 sz\u00e1zal\u00e9kkal, az el\u0151z\u0151 negyed\u00e9vhez viszony\u00edtva 1,0 sz\u00e1zal\u00e9kkal emelkedett, ami \u00e1rnyalatnyival alacsonyabb az augusztus 12-\u00e9n kiadott els\u0151 becsl\u00e9sben jelentett 2,2, illetve 1,1 &#8230;<\/p>\n","protected":false},"author":1,"featured_media":0,"comment_status":"open","ping_status":"closed","sticky":false,"template":"","format":"standard","meta":[],"categories":[19],"tags":[],"_links":{"self":[{"href":"https:\/\/gazdasagportal.hu\/index.php\/wp-json\/wp\/v2\/posts\/84287"}],"collection":[{"href":"https:\/\/gazdasagportal.hu\/index.php\/wp-json\/wp\/v2\/posts"}],"about":[{"href":"https:\/\/gazdasagportal.hu\/index.php\/wp-json\/wp\/v2\/types\/post"}],"author":[{"embeddable":true,"href":"https:\/\/gazdasagportal.hu\/index.php\/wp-json\/wp\/v2\/users\/1"}],"replies":[{"embeddable":true,"href":"https:\/\/gazdasagportal.hu\/index.php\/wp-json\/wp\/v2\/comments?post=84287"}],"version-history":[{"count":1,"href":"https:\/\/gazdasagportal.hu\/index.php\/wp-json\/wp\/v2\/posts\/84287\/revisions"}],"predecessor-version":[{"id":84288,"href":"https:\/\/gazdasagportal.hu\/index.php\/wp-json\/wp\/v2\/posts\/84287\/revisions\/84288"}],"wp:attachment":[{"href":"https:\/\/gazdasagportal.hu\/index.php\/wp-json\/wp\/v2\/media?parent=84287"}],"wp:term":[{"taxonomy":"category","embeddable":true,"href":"https:\/\/gazdasagportal.hu\/index.php\/wp-json\/wp\/v2\/categories?post=84287"},{"taxonomy":"post_tag","embeddable":true,"href":"https:\/\/gazdasagportal.hu\/index.php\/wp-json\/wp\/v2\/tags?post=84287"}],"curies":[{"name":"wp","href":"https:\/\/api.w.org\/{rel}","templated":true}]}}