{"id":84258,"date":"2016-09-05T17:12:59","date_gmt":"2016-09-05T15:12:59","guid":{"rendered":"http:\/\/gazdasagportal.hu\/?p=84258"},"modified":"2016-09-05T16:53:42","modified_gmt":"2016-09-05T14:53:42","slug":"spanyolorszag-az-offshore-botranyba-belebukott-ipari-minisztert-jelolte-a-vilagbank-igazgatotanacsaba","status":"publish","type":"post","link":"https:\/\/gazdasagportal.hu\/index.php\/spanyolorszag-az-offshore-botranyba-belebukott-ipari-minisztert-jelolte-a-vilagbank-igazgatotanacsaba\/","title":{"rendered":"Spanyolorsz\u00e1g az offshore-botr\u00e1nyba belebukott ipari minisztert jel\u00f6lte a Vil\u00e1gbank Igazgat\u00f3tan\u00e1cs\u00e1ba"},"content":{"rendered":"<p><strong>Spanyolorsz\u00e1g az offshore-botr\u00e1nyba belebukott ipari minisztert, Jos\u00e9 Manuel Soriat jel\u00f6lte a Vil\u00e1gbank Igazgat\u00f3tan\u00e1cs\u00e1ba; a d\u00f6nt\u00e9st h\u00e9tf\u0151n az \u00f6sszes nagy parlamenti p\u00e1rt kifog\u00e1solta.<br \/>\n<\/strong><!--more--><\/p>\n<div class=\"ads-in-post1\"><div id=\"gazdasagportal.hu_fullbanner_wideboard\"><\/div>\r\n<\/div>\n    Jos\u00e9 Manuel Soria \u00e1prilis k\u00f6zep\u00e9n ny\u00fajtotta be lemond\u00e1s\u00e1t az ipari, energia\u00fcgyi \u00e9s turizmus\u00e9rt felel\u0151s miniszteri posztr\u00f3l, miut\u00e1n a Mossack Fonseca panamai \u00fcgyv\u00e9di irod\u00e1b\u00f3l kisziv\u00e1rgott iratok alapj\u00e1n a sajt\u00f3 besz\u00e1molt arr\u00f3l, hogy k\u00e9t, k\u00fclf\u00f6ldi ad\u00f3paradicsomban bejegyzett offshore c\u00e9g igazgat\u00f3ja volt.<br \/>\n    A volt miniszter lemondott parlamenti mand\u00e1tum\u00e1r\u00f3l, a konzervat\u00edv N\u00e9pp\u00e1rt kan\u00e1ri-szigeteki eln\u00f6ks\u00e9g\u00e9r\u0151l, \u00e9s bejelentette, hogy visszavonul a politikai \u00e9lett\u0151l.<br \/>\n    Mariano Rajoy spanyol \u00fcgyvezet\u0151 minisztereln\u00f6k h\u00e9tf\u0151n a k\u00ednai Hangcsouban, a G20 csoport k\u00e9tnapos \u00e9rtekezlet\u00e9n tartott sajt\u00f3t\u00e1j\u00e9koztat\u00f3j\u00e1n arr\u00f3l besz\u00e9lt, hogy Soriat jel\u00f6l\u00e9se adminisztrat\u00edv d\u00f6nt\u00e9s volt, nem pedig politikai.<br \/>\n    &#8222;Soria m\u00e1r elhagyta a politik\u00e1t, nem k\u00e9pvisel\u0151, \u00e9s kinyilv\u00e1n\u00edtotta, hogy soha nem k\u00edv\u00e1n visszat\u00e9rni a politik\u00e1ba: \u0151 egy tisztvisel\u0151&#8221; &#8211; mondta az \u00fcgyvezet\u0151 korm\u00e1nyf\u0151, hozz\u00e1t\u00e9ve, hogy a volt miniszter egy versenyben nyerte el a jel\u00f6lts\u00e9get.<br \/>\n    Soraya S\u00e1enz de Santamar\u00eda minisztereln\u00f6k-helyettes kor\u00e1bban \u00fajs\u00e1g\u00edr\u00f3k el\u0151tt elmondta: egy bizotts\u00e1g v\u00e1lasztotta ki Sori\u00e1t a jelentkez\u0151k k\u00f6z\u00fcl.<br \/>\n    A jel\u00f6l\u00e9s nyilv\u00e1noss\u00e1gra ker\u00fcl\u00e9se nagy vit\u00e1t kavart a spanyol belpolitika szerepl\u0151i k\u00f6r\u00e9ben, a legnagyobb parlamenti p\u00e1rtok mind elfogadhatatlannak tartj\u00e1k a volt miniszter jel\u00f6l\u00e9s\u00e9t a Vil\u00e1gbank Igazgat\u00f3tan\u00e1cs\u00e1ba. Ez\u00e9rt b\u00edr\u00e1lt\u00e1k az \u00fcgyvezet\u0151 korm\u00e1nyt, \u00e9s k\u00f6vetelt\u00e9k, hogy Luis de Guindos gazdas\u00e1gi miniszter a parlamentben adjon magyar\u00e1zatot a d\u00f6nt\u00e9sre.<br \/>\n    A l\u00e9p\u00e9s megd\u00f6bbentette a N\u00e9pp\u00e1rt t\u00f6bb vezet\u0151 politikus\u00e1t is. Alberto N\u00fanez Feij\u00f3o, a gal\u00edciai auton\u00f3m k\u00f6z\u00f6ss\u00e9g konzervat\u00edv eln\u00f6ke h\u00e9tf\u0151n \u00fagy nyilatkozott, hogy nagyon kock\u00e1zatosnak tartja Soria jel\u00f6l\u00e9s\u00e9t, amelyet &#8222;neh\u00e9z meg\u00e9rteni&#8221;.(MTI)<\/p>\n","protected":false},"excerpt":{"rendered":"<p>Spanyolorsz\u00e1g az offshore-botr\u00e1nyba belebukott ipari minisztert, Jos\u00e9 Manuel Soriat jel\u00f6lte a Vil\u00e1gbank Igazgat\u00f3tan\u00e1cs\u00e1ba; a d\u00f6nt\u00e9st h\u00e9tf\u0151n az \u00f6sszes nagy parlamenti p\u00e1rt kifog\u00e1solta.<\/p>\n","protected":false},"author":1,"featured_media":0,"comment_status":"open","ping_status":"closed","sticky":false,"template":"","format":"standard","meta":[],"categories":[12],"tags":[],"_links":{"self":[{"href":"https:\/\/gazdasagportal.hu\/index.php\/wp-json\/wp\/v2\/posts\/84258"}],"collection":[{"href":"https:\/\/gazdasagportal.hu\/index.php\/wp-json\/wp\/v2\/posts"}],"about":[{"href":"https:\/\/gazdasagportal.hu\/index.php\/wp-json\/wp\/v2\/types\/post"}],"author":[{"embeddable":true,"href":"https:\/\/gazdasagportal.hu\/index.php\/wp-json\/wp\/v2\/users\/1"}],"replies":[{"embeddable":true,"href":"https:\/\/gazdasagportal.hu\/index.php\/wp-json\/wp\/v2\/comments?post=84258"}],"version-history":[{"count":1,"href":"https:\/\/gazdasagportal.hu\/index.php\/wp-json\/wp\/v2\/posts\/84258\/revisions"}],"predecessor-version":[{"id":84259,"href":"https:\/\/gazdasagportal.hu\/index.php\/wp-json\/wp\/v2\/posts\/84258\/revisions\/84259"}],"wp:attachment":[{"href":"https:\/\/gazdasagportal.hu\/index.php\/wp-json\/wp\/v2\/media?parent=84258"}],"wp:term":[{"taxonomy":"category","embeddable":true,"href":"https:\/\/gazdasagportal.hu\/index.php\/wp-json\/wp\/v2\/categories?post=84258"},{"taxonomy":"post_tag","embeddable":true,"href":"https:\/\/gazdasagportal.hu\/index.php\/wp-json\/wp\/v2\/tags?post=84258"}],"curies":[{"name":"wp","href":"https:\/\/api.w.org\/{rel}","templated":true}]}}