{"id":84250,"date":"2016-09-05T14:49:27","date_gmt":"2016-09-05T12:49:27","guid":{"rendered":"http:\/\/gazdasagportal.hu\/?p=84250"},"modified":"2016-09-05T14:49:27","modified_gmt":"2016-09-05T12:49:27","slug":"megprobaltak-feltorni-a-becsi-repuloter-szamitogepes-rendszeret","status":"publish","type":"post","link":"https:\/\/gazdasagportal.hu\/index.php\/megprobaltak-feltorni-a-becsi-repuloter-szamitogepes-rendszeret\/","title":{"rendered":"Megpr\u00f3b\u00e1lt\u00e1k felt\u00f6rni a b\u00e9csi rep\u00fcl\u0151t\u00e9r sz\u00e1m\u00edt\u00f3g\u00e9pes rendszer\u00e9t"},"content":{"rendered":"<p><strong>Sorozatos hackert\u00e1mad\u00e1st v\u00e9dett ki p\u00e9nteken a B\u00e9cs k\u00f6zel\u00e9ben fekv\u0151 schwechati rep\u00fcl\u0151t\u00e9r sz\u00e1m\u00edt\u00f3g\u00e9pes rendszere, nem z\u00e1rhat\u00f3 ki politikai ind\u00edttat\u00e1sb\u00f3l elk\u00f6vetett akci\u00f3 sem &#8211; k\u00f6z\u00f6lte h\u00e9tf\u0151n a Kurier c\u00edm\u0171 osztr\u00e1k lap.<\/strong><!--more--><\/p>\n<div class=\"ads-in-post1\"><div id=\"gazdasagportal.hu_fullbanner_wideboard\"><\/div>\r\n<\/div>\n<p>    G\u00fcnther Ofner, a rep\u00fcl\u0151t\u00e9r igazgat\u00f3ja a lapnak meger\u0151s\u00edtette, hogy r\u00f6vid id\u0151n bel\u00fcl t\u00f6bb ir\u00e1nyb\u00f3l t\u00f6bb t\u00e1mad\u00e1s is \u00e9rte a rendszert.<br \/>\n    Elmond\u00e1sa szerint m\u00e1r \u00e9vek \u00f3ta felk\u00e9sz\u00fcltek egy hasonl\u00f3 incidensre, s ennek k\u00f6sz\u00f6nhet\u0151en siker\u00fclt elh\u00e1r\u00edtani a t\u00e1mad\u00e1st. K\u00e1r nem keletkezett, a t\u00e1mad\u00f3k sem a rep\u00fcl\u0151t\u00e9r honlapj\u00e1hoz, sem a t\u00e1rolt adatokhoz nem f\u00e9rtek hozz\u00e1. A hackereket azonnal felismerte \u00e9s kisz\u0171rte a rendszer.<br \/>\n    A Kurier c\u00edm\u0171 lap szerint nem z\u00e1rhat\u00f3 ki, hogy nem b\u0171n\u00f6z\u0151kr\u0151l van sz\u00f3, hanem politikai ind\u00edttat\u00e1s\u00fa t\u00e1mad\u00e1s t\u00f6rt\u00e9nt. Eddig p\u00e9ld\u00e1ul m\u00e9g nem ellen\u0151rizt\u00e9k az esetlegesen T\u00f6r\u00f6korsz\u00e1gb\u00f3l \u00e9rkez\u0151 behatol\u00e1si k\u00eds\u00e9rleteket &#8211; olvashat\u00f3 a lapban. A rep\u00fcl\u0151t\u00e9r igazgat\u00f3ja nem akarta komment\u00e1lni ezen \u00e9rtes\u00fcl\u00e9seket.<br \/>\n    A schwechati rep\u00fcl\u0151t\u00e9r vezet\u00e9se feljelent\u00e9st tett az osztr\u00e1k bel\u00fcgyminiszt\u00e9riumn\u00e1l, amely nyomoz\u00e1st ind\u00edtott az \u00fcgyben.(MTI)<br \/>\n<div class=\"ads-in-post1\"><div id=\"gazdasagportal.hu_fullbanner_wideboard\"><\/div>\r\n<\/div>\n","protected":false},"excerpt":{"rendered":"<p>Sorozatos hackert\u00e1mad\u00e1st v\u00e9dett ki p\u00e9nteken a B\u00e9cs k\u00f6zel\u00e9ben fekv\u0151 schwechati rep\u00fcl\u0151t\u00e9r sz\u00e1m\u00edt\u00f3g\u00e9pes rendszere, nem z\u00e1rhat\u00f3 ki politikai ind\u00edttat\u00e1sb\u00f3l elk\u00f6vetett akci\u00f3 sem &#8211; k\u00f6z\u00f6lte h\u00e9tf\u0151n a Kurier c\u00edm\u0171 osztr\u00e1k lap.<\/p>\n","protected":false},"author":1,"featured_media":0,"comment_status":"open","ping_status":"closed","sticky":false,"template":"","format":"standard","meta":[],"categories":[12],"tags":[],"_links":{"self":[{"href":"https:\/\/gazdasagportal.hu\/index.php\/wp-json\/wp\/v2\/posts\/84250"}],"collection":[{"href":"https:\/\/gazdasagportal.hu\/index.php\/wp-json\/wp\/v2\/posts"}],"about":[{"href":"https:\/\/gazdasagportal.hu\/index.php\/wp-json\/wp\/v2\/types\/post"}],"author":[{"embeddable":true,"href":"https:\/\/gazdasagportal.hu\/index.php\/wp-json\/wp\/v2\/users\/1"}],"replies":[{"embeddable":true,"href":"https:\/\/gazdasagportal.hu\/index.php\/wp-json\/wp\/v2\/comments?post=84250"}],"version-history":[{"count":1,"href":"https:\/\/gazdasagportal.hu\/index.php\/wp-json\/wp\/v2\/posts\/84250\/revisions"}],"predecessor-version":[{"id":84251,"href":"https:\/\/gazdasagportal.hu\/index.php\/wp-json\/wp\/v2\/posts\/84250\/revisions\/84251"}],"wp:attachment":[{"href":"https:\/\/gazdasagportal.hu\/index.php\/wp-json\/wp\/v2\/media?parent=84250"}],"wp:term":[{"taxonomy":"category","embeddable":true,"href":"https:\/\/gazdasagportal.hu\/index.php\/wp-json\/wp\/v2\/categories?post=84250"},{"taxonomy":"post_tag","embeddable":true,"href":"https:\/\/gazdasagportal.hu\/index.php\/wp-json\/wp\/v2\/tags?post=84250"}],"curies":[{"name":"wp","href":"https:\/\/api.w.org\/{rel}","templated":true}]}}