{"id":84221,"date":"2016-09-05T04:44:56","date_gmt":"2016-09-05T02:44:56","guid":{"rendered":"http:\/\/gazdasagportal.hu\/?p=84221"},"modified":"2016-09-05T07:56:11","modified_gmt":"2016-09-05T05:56:11","slug":"esos-hetkezdet-utan-ismet-30-fok-koruli-maximumokra-lehet-szamitani","status":"publish","type":"post","link":"https:\/\/gazdasagportal.hu\/index.php\/esos-hetkezdet-utan-ismet-30-fok-koruli-maximumokra-lehet-szamitani\/","title":{"rendered":"Es\u0151s h\u00e9tkezdet ut\u00e1n ism\u00e9t 30 fok k\u00f6r\u00fcli maximumokra lehet sz\u00e1m\u00edtani"},"content":{"rendered":"<p><strong>Bor\u00fas id\u0151vel, sok es\u0151vel kezd\u0151dik a h\u00e9t, majd ism\u00e9t visszat\u00e9r a naps\u00fct\u00e9ses, ny\u00e1rias id\u0151 30 Celsius-fok k\u00f6r\u00fcli maximumokkal &#8211; der\u00fcl ki az Orsz\u00e1gos Meteorol\u00f3giai Szolg\u00e1lat orsz\u00e1gos, k\u00f6z\u00e9pt\u00e1v\u00fa el\u0151rejelz\u00e9s\u00e9b\u0151l, amelyet vas\u00e1rnap juttattak el az MTI-hez.<\/strong><!--more--><\/p>\n<div class=\"ads-in-post1\"><div id=\"gazdasagportal.hu_fullbanner_wideboard\"><\/div>\r\n<\/div>\n<p>    H\u00e9tf\u0151re a sok es\u0151 vesz\u00e9lye miatt Somogy \u00e9s Zala megy\u00e9re m\u00e1sodfok\u00fa, Baranya, Fej\u00e9r, Szabolcs-Szatm\u00e1r-Bereg, Tolna, Vas \u00e9s Veszpr\u00e9m megy\u00e9re els\u0151fok\u00fa figyelmeztet\u00e9st adott ki a meteorol\u00f3giai szolg\u00e1lat. Ezeken a ter\u00fcleteken a nap folyam\u00e1n jelent\u0151s mennyis\u00e9g\u0171 es\u0151re lehet sz\u00e1m\u00edtani.<br \/>\n    Az el\u0151rejelz\u00e9sben azt \u00edrt\u00e1k: h\u00e9tf\u0151n sokfel\u00e9, d\u00e9lel\u0151tt a Dun\u00e1nt\u00falon, a Duna-Tisza k\u00f6z\u00e9n, d\u00e9lut\u00e1n els\u0151sorban a Dun\u00e1t\u00f3l keletre v\u00e1rhat\u00f3 tart\u00f3s es\u0151. D\u00e9lut\u00e1n a Dun\u00e1nt\u00falon z\u00e1porokra, egy-egy zivatarra is sz\u00e1m\u00edtani lehet. Emellett t\u00f6bbfel\u00e9 meger\u0151s\u00f6dik a sz\u00e9l is. A minimumh\u0151m\u00e9rs\u00e9klet 13-18 fok k\u00f6z\u00f6tt val\u00f3sz\u00edn\u0171. A nappali maximumok t\u00f6bbnyire 17-22 fok k\u00f6z\u00f6tt alakulnak, de a keleti, \u00e9szakkeleti hat\u00e1r k\u00f6zel\u00e9ben 23-25 fok is lehet.<br \/>\n    Kedd hajnalban a Tisz\u00e1nt\u00falon lehet helyenk\u00e9nt es\u0151, z\u00e1por, napk\u00f6zben pedig f\u0151k\u00e9nt nyugaton \u00e9s a k\u00f6z\u00e9ps\u0151 orsz\u00e1gr\u00e9szben fordulhat el\u0151 csapad\u00e9k. A Nyugat-Dun\u00e1nt\u00falon olykor meger\u0151s\u00f6dik a sz\u00e9l is. A leghidegebb \u00f3r\u00e1kban t\u00f6bbnyire 10-16, \u00e9szakkeleten helyenk\u00e9nt 8-10 fok is lehet. Napk\u00f6zben a Dun\u00e1nt\u00falon 18-23, m\u00e1sutt 23-26 fokig melegszik a leveg\u0151.<br \/>\n    Szerd\u00e1n m\u00e1r nem val\u00f3sz\u00edn\u0171 csapad\u00e9k. A legalacsonyabb h\u0151m\u00e9rs\u00e9klet t\u00f6bbnyire 13-18 fok k\u00f6z\u00f6tt val\u00f3sz\u00edn\u0171, de a sz\u00e9lv\u00e9dett t\u00e1jakon 9-12 fok is lehet. A legmagasabb h\u0151m\u00e9rs\u00e9klet 25-30 fok k\u00f6z\u00f6tt alakul.<br \/>\n    Cs\u00fct\u00f6rt\u00f6k\u00f6n \u00e9s p\u00e9nteken napos, csapad\u00e9kmentes id\u0151 v\u00e1rhat\u00f3. A keleti, \u00e9szakkeleti sz\u00e9l napk\u00f6zben id\u0151nk\u00e9nt meg\u00e9l\u00e9nk\u00fcl. A minimumh\u0151m\u00e9rs\u00e9klet t\u00f6bbnyire 12-17 fok k\u00f6z\u00f6tt alakul, de az \u00c9szaki-k\u00f6z\u00e9phegys\u00e9g v\u00f6lgyeiben \u00e9s az Alf\u00f6ld homokh\u00e1ts\u00e1gain 8-11 fok is lehet. Napk\u00f6zben cs\u00fct\u00f6rt\u00f6k\u00f6n \u00e9s p\u00e9nteken is 27-31 fokig melegszik majd a leveg\u0151.<br \/>\n    Szombaton is sok naps\u00fct\u00e9s v\u00e1rhat\u00f3, csapad\u00e9k n\u00e9lk\u00fcl. A minimumh\u0151m\u00e9rs\u00e9klet 12-18 fok k\u00f6z\u00f6tt val\u00f3sz\u00edn\u0171. A nappali maximumok 27-31 fok k\u00f6z\u00f6tt alakulnak.<br \/>\n    Vas\u00e1rnap a sok naps\u00fct\u00e9s mellett helyenk\u00e9nt m\u00e1r lehet z\u00e1pores\u0151. A leghidegebb \u00f3r\u00e1kban 13-18 fok lehet. Napk\u00f6zben 26-31 fokig melegszik a leveg\u0151 &#8211; olvashat\u00f3 az el\u0151rejelz\u00e9sben.(MTI)<\/p>\n","protected":false},"excerpt":{"rendered":"<p>Bor\u00fas id\u0151vel, sok es\u0151vel kezd\u0151dik a h\u00e9t, majd ism\u00e9t visszat\u00e9r a naps\u00fct\u00e9ses, ny\u00e1rias id\u0151 30 Celsius-fok k\u00f6r\u00fcli maximumokkal &#8211; der\u00fcl ki az Orsz\u00e1gos Meteorol\u00f3giai Szolg\u00e1lat orsz\u00e1gos, k\u00f6z\u00e9pt\u00e1v\u00fa el\u0151rejelz\u00e9s\u00e9b\u0151l, amelyet vas\u00e1rnap juttattak el az MTI-hez.<\/p>\n","protected":false},"author":1,"featured_media":0,"comment_status":"open","ping_status":"closed","sticky":false,"template":"","format":"standard","meta":[],"categories":[4],"tags":[],"_links":{"self":[{"href":"https:\/\/gazdasagportal.hu\/index.php\/wp-json\/wp\/v2\/posts\/84221"}],"collection":[{"href":"https:\/\/gazdasagportal.hu\/index.php\/wp-json\/wp\/v2\/posts"}],"about":[{"href":"https:\/\/gazdasagportal.hu\/index.php\/wp-json\/wp\/v2\/types\/post"}],"author":[{"embeddable":true,"href":"https:\/\/gazdasagportal.hu\/index.php\/wp-json\/wp\/v2\/users\/1"}],"replies":[{"embeddable":true,"href":"https:\/\/gazdasagportal.hu\/index.php\/wp-json\/wp\/v2\/comments?post=84221"}],"version-history":[{"count":2,"href":"https:\/\/gazdasagportal.hu\/index.php\/wp-json\/wp\/v2\/posts\/84221\/revisions"}],"predecessor-version":[{"id":84225,"href":"https:\/\/gazdasagportal.hu\/index.php\/wp-json\/wp\/v2\/posts\/84221\/revisions\/84225"}],"wp:attachment":[{"href":"https:\/\/gazdasagportal.hu\/index.php\/wp-json\/wp\/v2\/media?parent=84221"}],"wp:term":[{"taxonomy":"category","embeddable":true,"href":"https:\/\/gazdasagportal.hu\/index.php\/wp-json\/wp\/v2\/categories?post=84221"},{"taxonomy":"post_tag","embeddable":true,"href":"https:\/\/gazdasagportal.hu\/index.php\/wp-json\/wp\/v2\/tags?post=84221"}],"curies":[{"name":"wp","href":"https:\/\/api.w.org\/{rel}","templated":true}]}}