{"id":84217,"date":"2016-09-05T04:04:27","date_gmt":"2016-09-05T02:04:27","guid":{"rendered":"http:\/\/gazdasagportal.hu\/?p=84217"},"modified":"2016-09-05T07:56:20","modified_gmt":"2016-09-05T05:56:20","slug":"noket-zaklathattak-egy-nemetorszagi-fesztivalon","status":"publish","type":"post","link":"https:\/\/gazdasagportal.hu\/index.php\/noket-zaklathattak-egy-nemetorszagi-fesztivalon\/","title":{"rendered":"N\u0151ket zaklathattak egy n\u00e9metorsz\u00e1gi fesztiv\u00e1lon"},"content":{"rendered":"<p><strong>N\u0151ket zaklathattak a n\u00e9metorsz\u00e1gi Essenben egy fesztiv\u00e1lon a h\u00e9t v\u00e9g\u00e9n, a helyi rend\u0151rs\u00e9g vas\u00e1rnapi \u00f6sszes\u00edt\u00e9se szerint hat feljelent\u00e9s \u00e9rkezett szexu\u00e1lis zaklat\u00e1s miatt.<\/strong><!--more--><\/p>\n<div class=\"ads-in-post1\"><div id=\"gazdasagportal.hu_fullbanner_wideboard\"><\/div>\r\n<\/div>\n<p>    Az Essen Original nev\u0171, p\u00e9nteken kezd\u0151d\u00f6tt h\u00e1romnapos, ingyenes szabadt\u00e9ri fesztiv\u00e1llal kapcsolatban \u00f6sszesen 26 feljelent\u00e9st tettek, a t\u00f6bbi k\u00f6z\u00f6tt testi s\u00e9rt\u00e9s, zsebtolvajl\u00e1s \u00e9s a fegyvertart\u00e1sr\u00f3l sz\u00f3l\u00f3 t\u00f6rv\u00e9ny megs\u00e9rt\u00e9se miatt.<br \/>\n    A rendezv\u00e9nyen t\u00f6rt\u00e9nt esetekr\u0151l t\u00e1j\u00e9koztat\u00f3 rend\u0151rs\u00e9gi k\u00f6zlem\u00e9nyek szerint a felt\u00e9telezett moleszt\u00e1l\u00e1sokat, szexu\u00e1lis zaklat\u00e1sokat szemtan\u00fak le\u00edr\u00e1sa alapj\u00e1n &#8222;\u00e9szak-afrikai kin\u00e9zet\u0171&#8221;, illetve &#8222;migr\u00e1ci\u00f3s h\u00e1tter\u0171&#8221; f\u00e9rfiak k\u00f6vett\u00e9k el.<br \/>\n    A rend\u0151rs\u00e9g t\u00f6bb embert \u0151rizetbe vett \u00e9s a lakoss\u00e1g k\u00f6zrem\u0171k\u00f6d\u00e9s\u00e9t k\u00e9ri az esetek felt\u00e1r\u00e1s\u00e1hoz. A szemtan\u00fak egy k\u00fcl\u00f6n erre a c\u00e9lra fenntartott telefonsz\u00e1mon is tehetnek bejelent\u00e9st &#8211; \u00e1ll a k\u00f6z\u00f6ss\u00e9gi port\u00e1lokon megjelentetett rend\u0151rs\u00e9gi k\u00f6zlem\u00e9nyekben.<br \/>\n    Az esetekr\u0151l besz\u00e1molt a n\u00e9met sajt\u00f3, helyi \u00e9s region\u00e1lis lapok mellett az orsz\u00e1g legnagyobb p\u00e9ld\u00e1nysz\u00e1m\u00fa \u00fajs\u00e1gja, a Bild is \u00edrt r\u00f3luk a h\u00edrport\u00e1lj\u00e1n.(MTI)<\/p>\n","protected":false},"excerpt":{"rendered":"<p>N\u0151ket zaklathattak a n\u00e9metorsz\u00e1gi Essenben egy fesztiv\u00e1lon a h\u00e9t v\u00e9g\u00e9n, a helyi rend\u0151rs\u00e9g vas\u00e1rnapi \u00f6sszes\u00edt\u00e9se szerint hat feljelent\u00e9s \u00e9rkezett szexu\u00e1lis zaklat\u00e1s miatt.<\/p>\n","protected":false},"author":1,"featured_media":0,"comment_status":"open","ping_status":"closed","sticky":false,"template":"","format":"standard","meta":[],"categories":[12],"tags":[],"_links":{"self":[{"href":"https:\/\/gazdasagportal.hu\/index.php\/wp-json\/wp\/v2\/posts\/84217"}],"collection":[{"href":"https:\/\/gazdasagportal.hu\/index.php\/wp-json\/wp\/v2\/posts"}],"about":[{"href":"https:\/\/gazdasagportal.hu\/index.php\/wp-json\/wp\/v2\/types\/post"}],"author":[{"embeddable":true,"href":"https:\/\/gazdasagportal.hu\/index.php\/wp-json\/wp\/v2\/users\/1"}],"replies":[{"embeddable":true,"href":"https:\/\/gazdasagportal.hu\/index.php\/wp-json\/wp\/v2\/comments?post=84217"}],"version-history":[{"count":2,"href":"https:\/\/gazdasagportal.hu\/index.php\/wp-json\/wp\/v2\/posts\/84217\/revisions"}],"predecessor-version":[{"id":84226,"href":"https:\/\/gazdasagportal.hu\/index.php\/wp-json\/wp\/v2\/posts\/84217\/revisions\/84226"}],"wp:attachment":[{"href":"https:\/\/gazdasagportal.hu\/index.php\/wp-json\/wp\/v2\/media?parent=84217"}],"wp:term":[{"taxonomy":"category","embeddable":true,"href":"https:\/\/gazdasagportal.hu\/index.php\/wp-json\/wp\/v2\/categories?post=84217"},{"taxonomy":"post_tag","embeddable":true,"href":"https:\/\/gazdasagportal.hu\/index.php\/wp-json\/wp\/v2\/tags?post=84217"}],"curies":[{"name":"wp","href":"https:\/\/api.w.org\/{rel}","templated":true}]}}